{"id":3771,"date":"2025-07-16T12:44:00","date_gmt":"2025-07-16T15:44:00","guid":{"rendered":"https:\/\/cidadenoar.com\/?p=3771"},"modified":"2025-07-26T17:41:13","modified_gmt":"2025-07-26T20:41:13","slug":"papo-de-jornalista-recebe-a-empresaria-e-jornalista-fernanda-lara-no-proximo-dia-23-7-na-alesc","status":"publish","type":"post","link":"https:\/\/cidadenoar.com\/global\/tecnologia-educacao\/papo-de-jornalista-recebe-a-empresaria-e-jornalista-fernanda-lara-no-proximo-dia-23-7-na-alesc\/","title":{"rendered":"\u201cPapo de Jornalista\u201d recebe a empres\u00e1ria e jornalista Fernanda Lara no pr\u00f3ximo dia 23\/7, na ALESC"},"content":{"rendered":"\n<p>A pr\u00f3xima edi\u00e7\u00e3o do Papo de Jornalista, uma iniciativa da Associa\u00e7\u00e3o Catarinense de Imprensa (ACI), no dia 23 de julho, recebe diretamente de S\u00e3o Paulo a jornalista e empres\u00e1ria Fernanda Lara, CEO da plataforma de mailings de imprensa I\u2019Max e idealizadora do projeto <strong>Mais Pelo Jornalismo<\/strong>. O evento inicia \u00e0s 19h, no Plenarinho da ALESC. <a href=\"https:\/\/www.sympla.com.br\/evento\/papo-de-jornalista-fernanda-lara\/3034605\" target=\"_blank\" rel=\"noopener\">As inscri\u00e7\u00f5es<\/a> &#8211; gratuitas e limitadas &#8211; j\u00e1 est\u00e3o abertas atrav\u00e9s do <a href=\"https:\/\/www.sympla.com.br\/evento\/papo-de-jornalista-fernanda-lara\/3034605\" target=\"_blank\" rel=\"noopener\">Sympla<\/a>.<\/p>\n\n\n\n<p>O <a href=\"https:\/\/jornalismo.i-maxpr.com\/mpj\/index.php\" target=\"_blank\" rel=\"noopener\">Mais Pelo Jornalismo<\/a> \u00e9 uma iniciativa que chega para valorizar a imprensa livre ao oferecer gratuitamente infraestrutura tecnol\u00f3gica para a cria\u00e7\u00e3o e manuten\u00e7\u00e3o de portais de not\u00edcias locais. Fernanda \u00e9 formada em Jornalismo pela Universidade de Bras\u00edlia (UnB), com p\u00f3s-gradua\u00e7\u00e3o em Marketing pela Universidade de Grenoble, na Fran\u00e7a.<\/p>\n\n\n\n<p><br>O projeto nasceu assim que Fernanda e sua equipe passaram a identificar &#8211; por meio das estat\u00edsticas levantadas pela plataforma I\u2019Max &#8211; os chamados \u201cdesertos de not\u00edcias\u201d no Brasil: um impressionante n\u00famero de cidades pa\u00eds afora que n\u00e3o contam com um \u00fanico ve\u00edculo de comunica\u00e7\u00e3o sediado em seus munic\u00edpios. Com tantas regi\u00f5es descobertas de cobertura jornal\u00edstica, comunidades inteiras carecem de informa\u00e7\u00e3o, afetando a participa\u00e7\u00e3o c\u00edvica, a presta\u00e7\u00e3o de contas do governo e o desenvolvimento local em todos os seus \u00e2mbitos.<\/p>\n\n\n\n<p>Nesta edi\u00e7\u00e3o do Papo de Jornalista da ACI, com o apoio da ALESC, Fernanda Lara ir\u00e1 contar mais sobre o projeto e esclarecer como a iniciativa &#8211; in\u00e9dita no Brasil &#8211; pode beneficiar jornalistas e outros profissionais de comunica\u00e7\u00e3o.<\/p>\n\n\n\n<p><strong>Servi\u00e7o:<\/strong><\/p>\n\n\n\n<p><br>Papo de Jornalista com Fernanda Lara (Mais Pelo Jornalismo)<\/p>\n\n\n\n<p>Data: 23\/07, \u00e0s 19h<\/p>\n\n\n\n<p><br>Local: Plenarinho &#8211; Assembleia Legislativa de Santa Catarina (ALESC), em Florian\u00f3polis\/SC<\/p>\n\n\n\n<p>Inscri\u00e7\u00f5es gratuitas e limitadas pelo Sympla: <a href=\"https:\/\/www.sympla.com.br\/evento\/papo-de-jornalista-fernanda-lara\/3034605\" target=\"_blank\" rel=\"noopener\">https:\/\/www.sympla.com.br\/evento\/papo-de-jornalista-fernanda-lara\/3034605<\/a><\/p>\n","protected":false},"excerpt":{"rendered":"<p>Evento, com entrada gratuita, \u00e9 uma iniciativa da Associa\u00e7\u00e3o Catarinense de Imprensa; em pauta, o projeto Mais Pelo Jornalismo e outras iniciativas da CEO do I\u2019Max<\/p>\n","protected":false},"author":23,"featured_media":3772,"comment_status":"open","ping_status":"open","sticky":false,"template":"","format":"standard","meta":{"footnotes":""},"categories":[21],"tags":[158,420],"class_list":["post-3771","post","type-post","status-publish","format-standard","has-post-thumbnail","hentry","category-tecnologia-educacao","tag-aci","tag-jornalista"],"_links":{"self":[{"href":"https:\/\/cidadenoar.com\/global\/wp-json\/wp\/v2\/posts\/3771","targetHints":{"allow":["GET"]}}],"collection":[{"href":"https:\/\/cidadenoar.com\/global\/wp-json\/wp\/v2\/posts"}],"about":[{"href":"https:\/\/cidadenoar.com\/global\/wp-json\/wp\/v2\/types\/post"}],"author":[{"embeddable":true,"href":"https:\/\/cidadenoar.com\/global\/wp-json\/wp\/v2\/users\/23"}],"replies":[{"embeddable":true,"href":"https:\/\/cidadenoar.com\/global\/wp-json\/wp\/v2\/comments?post=3771"}],"version-history":[{"count":0,"href":"https:\/\/cidadenoar.com\/global\/wp-json\/wp\/v2\/posts\/3771\/revisions"}],"wp:featuredmedia":[{"embeddable":true,"href":"https:\/\/cidadenoar.com\/global\/wp-json\/wp\/v2\/media\/3772"}],"wp:attachment":[{"href":"https:\/\/cidadenoar.com\/global\/wp-json\/wp\/v2\/media?parent=3771"}],"wp:term":[{"taxonomy":"category","embeddable":true,"href":"https:\/\/cidadenoar.com\/global\/wp-json\/wp\/v2\/categories?post=3771"},{"taxonomy":"post_tag","embeddable":true,"href":"https:\/\/cidadenoar.com\/global\/wp-json\/wp\/v2\/tags?post=3771"}],"curies":[{"name":"wp","href":"https:\/\/api.w.org\/{rel}","templated":true}]}}