{"id":3777,"date":"2025-07-16T21:12:16","date_gmt":"2025-07-17T00:12:16","guid":{"rendered":"https:\/\/cidadenoar.com\/?p=3777"},"modified":"2025-07-26T18:12:32","modified_gmt":"2025-07-26T21:12:32","slug":"fort-atacadista-inaugura-padaria-na-loja-de-porto-belo","status":"publish","type":"post","link":"https:\/\/cidadenoar.com\/global\/geral\/fort-atacadista-inaugura-padaria-na-loja-de-porto-belo\/","title":{"rendered":"Fort Atacadista inaugura padaria na loja de Porto Belo"},"content":{"rendered":"\n<p>A loja do Fort Atacadista em Porto Belo, no Litoral Norte catarinense, ganhou nesta quarta-feira (16\/7) um refor\u00e7o especial para o dia a dia dos consumidores: a inaugura\u00e7\u00e3o de uma padaria pr\u00f3pria dentro da unidade. A novidade promete agradar quem busca praticidade, economia e qualidade na hora de fazer suas compras.<\/p>\n\n\n\n<p>A nova Padaria Fort oferece uma variedade de p\u00e3es, bolos, salgados, doces e itens artesanais preparados diariamente, com foco em produtos frescos, muita qualidade e sabor. A novidade, que j\u00e1 est\u00e1 presente em boa parte das lojas do Fort em Santa Catarina e em outros estados, chega em Porto Belo para completar a experi\u00eancia de compra dos clientes, oferecendo um setor completo de panifica\u00e7\u00e3o dentro das lojas.&nbsp;<\/p>\n\n\n\n<p>Entre os itens oferecidos na nova opera\u00e7\u00e3o, destacam-se p\u00e3es artesanais, salgados fritos e assados, p\u00e3es de queijo, doces, cucas, bolos, donuts, sobremesas, entre outros quitutes ideais para compor a mesa do caf\u00e9 da tarde ou para um lanche.&nbsp;<\/p>\n\n\n\n<p>De acordo com a coordenadora de marketing do Fort Atacadista, Silvia Marquez, a nova instala\u00e7\u00e3o visa proporcionar uma experi\u00eancia de compra mais completa e conveniente, facilitando o dia a dia dos consumidores.<\/p>\n\n\n\n<p>&#8220;A inaugura\u00e7\u00e3o da Padaria Fort em Porto Belo reflete o nosso compromisso em oferecer aos nossos consumidores um ambiente de compras cada vez mais completo e facilitador, que atenda a todas as suas necessidades, com, al\u00e9m do pre\u00e7o baixo e da variedade, produtos frescos e de qualidade\u201d, destaca Silvia.&nbsp;<\/p>\n\n\n\n<p>O Fort Atacadista Porto Belo est\u00e1 localizado na Av. Governador Celso Ramos s\/n &#8211; bairro Alto Perequ\u00ea. Para mais informa\u00e7\u00f5es e televendas para comerciantes, o contato \u00e9 (47) 3406-7066.<\/p>\n\n\n\n<figure class=\"wp-block-gallery has-nested-images columns-default is-cropped wp-block-gallery-1 is-layout-flex wp-block-gallery-is-layout-flex\">\n<figure class=\"wp-block-image size-large\"><img fetchpriority=\"high\" decoding=\"async\" width=\"1024\" height=\"472\" data-id=\"3780\" src=\"https:\/\/cidadenoar.com\/wp-content\/uploads\/sites\/22\/2025\/07\/Padaria-Fort-em-Porto-Belo-SC-1024x472.jpg\" alt=\"\" class=\"wp-image-3780\" title=\"\" srcset=\"https:\/\/cidadenoar.com\/global\/wp-content\/uploads\/sites\/22\/2025\/07\/Padaria-Fort-em-Porto-Belo-SC-1024x472.jpg 1024w, https:\/\/cidadenoar.com\/global\/wp-content\/uploads\/sites\/22\/2025\/07\/Padaria-Fort-em-Porto-Belo-SC-300x138.jpg 300w, https:\/\/cidadenoar.com\/global\/wp-content\/uploads\/sites\/22\/2025\/07\/Padaria-Fort-em-Porto-Belo-SC-768x354.jpg 768w, https:\/\/cidadenoar.com\/global\/wp-content\/uploads\/sites\/22\/2025\/07\/Padaria-Fort-em-Porto-Belo-SC-1536x708.jpg 1536w, https:\/\/cidadenoar.com\/global\/wp-content\/uploads\/sites\/22\/2025\/07\/Padaria-Fort-em-Porto-Belo-SC.jpg 1600w\" sizes=\"(max-width: 1024px) 100vw, 1024px\" \/><figcaption class=\"wp-element-caption\">Padaria Fort em Porto Belo (SC)<\/figcaption><\/figure>\n\n\n\n<figure class=\"wp-block-image size-large\"><img decoding=\"async\" width=\"1024\" height=\"472\" data-id=\"3778\" src=\"https:\/\/cidadenoar.com\/wp-content\/uploads\/sites\/22\/2025\/07\/Padaria-inaugurada-no-Fort-Atacadista-Porto-Belo-1024x472.jpg\" alt=\"\" class=\"wp-image-3778\" title=\"\" srcset=\"https:\/\/cidadenoar.com\/global\/wp-content\/uploads\/sites\/22\/2025\/07\/Padaria-inaugurada-no-Fort-Atacadista-Porto-Belo-1024x472.jpg 1024w, https:\/\/cidadenoar.com\/global\/wp-content\/uploads\/sites\/22\/2025\/07\/Padaria-inaugurada-no-Fort-Atacadista-Porto-Belo-300x138.jpg 300w, https:\/\/cidadenoar.com\/global\/wp-content\/uploads\/sites\/22\/2025\/07\/Padaria-inaugurada-no-Fort-Atacadista-Porto-Belo-768x354.jpg 768w, https:\/\/cidadenoar.com\/global\/wp-content\/uploads\/sites\/22\/2025\/07\/Padaria-inaugurada-no-Fort-Atacadista-Porto-Belo-1536x708.jpg 1536w, https:\/\/cidadenoar.com\/global\/wp-content\/uploads\/sites\/22\/2025\/07\/Padaria-inaugurada-no-Fort-Atacadista-Porto-Belo.jpg 1600w\" sizes=\"(max-width: 1024px) 100vw, 1024px\" \/><figcaption class=\"wp-element-caption\">Padaria inaugurada no Fort Atacadista Porto Belo<\/figcaption><\/figure>\n\n\n\n<figure class=\"wp-block-image size-large\"><img decoding=\"async\" width=\"1024\" height=\"472\" data-id=\"3779\" src=\"https:\/\/cidadenoar.com\/wp-content\/uploads\/sites\/22\/2025\/07\/A-novidade-agora-oferece-pao-fresquinho-o-dia-todo-1024x472.jpg\" alt=\"\" class=\"wp-image-3779\" title=\"\" srcset=\"https:\/\/cidadenoar.com\/global\/wp-content\/uploads\/sites\/22\/2025\/07\/A-novidade-agora-oferece-pao-fresquinho-o-dia-todo-1024x472.jpg 1024w, https:\/\/cidadenoar.com\/global\/wp-content\/uploads\/sites\/22\/2025\/07\/A-novidade-agora-oferece-pao-fresquinho-o-dia-todo-300x138.jpg 300w, https:\/\/cidadenoar.com\/global\/wp-content\/uploads\/sites\/22\/2025\/07\/A-novidade-agora-oferece-pao-fresquinho-o-dia-todo-768x354.jpg 768w, https:\/\/cidadenoar.com\/global\/wp-content\/uploads\/sites\/22\/2025\/07\/A-novidade-agora-oferece-pao-fresquinho-o-dia-todo-1536x708.jpg 1536w, https:\/\/cidadenoar.com\/global\/wp-content\/uploads\/sites\/22\/2025\/07\/A-novidade-agora-oferece-pao-fresquinho-o-dia-todo.jpg 1600w\" sizes=\"(max-width: 1024px) 100vw, 1024px\" \/><figcaption class=\"wp-element-caption\">A novidade agora oferece p\u00e3o fresquinho o dia todo<\/figcaption><\/figure>\n<\/figure>\n\n\n\n<figure class=\"wp-block-image size-large is-resized\"><img loading=\"lazy\" decoding=\"async\" width=\"728\" height=\"1024\" src=\"https:\/\/cidadenoar.com\/wp-content\/uploads\/sites\/22\/2025\/07\/Donuts-sonhos-e-muffins-estao-entre-as-opcoes-na-nova-Padaria-Fort-728x1024.jpg\" alt=\"\" class=\"wp-image-3781\" style=\"width:485px;height:auto\" title=\"\" srcset=\"https:\/\/cidadenoar.com\/global\/wp-content\/uploads\/sites\/22\/2025\/07\/Donuts-sonhos-e-muffins-estao-entre-as-opcoes-na-nova-Padaria-Fort-728x1024.jpg 728w, https:\/\/cidadenoar.com\/global\/wp-content\/uploads\/sites\/22\/2025\/07\/Donuts-sonhos-e-muffins-estao-entre-as-opcoes-na-nova-Padaria-Fort-213x300.jpg 213w, https:\/\/cidadenoar.com\/global\/wp-content\/uploads\/sites\/22\/2025\/07\/Donuts-sonhos-e-muffins-estao-entre-as-opcoes-na-nova-Padaria-Fort.jpg 736w\" sizes=\"(max-width: 728px) 100vw, 728px\" \/><figcaption class=\"wp-element-caption\"><em>Donuts, sonhos e muffins est\u00e3o entre as op\u00e7\u00f5es na nova Padaria Fort<\/em><\/figcaption><\/figure>\n","protected":false},"excerpt":{"rendered":"<p>Novo espa\u00e7o visa facilitar rotina de quem vive ou passa f\u00e9rias na cidade, oferecendo em um s\u00f3 lugar todos os itens da lista de compras, desde os produtos de mercearia at\u00e9 os p\u00e3es quentinhos saindo do forno<\/p>\n","protected":false},"author":23,"featured_media":3782,"comment_status":"open","ping_status":"open","sticky":false,"template":"","format":"standard","meta":{"footnotes":""},"categories":[1],"tags":[443,112,450],"class_list":["post-3777","post","type-post","status-publish","format-standard","has-post-thumbnail","hentry","category-geral","tag-doces","tag-fort-atacadista","tag-padaria"],"_links":{"self":[{"href":"https:\/\/cidadenoar.com\/global\/wp-json\/wp\/v2\/posts\/3777","targetHints":{"allow":["GET"]}}],"collection":[{"href":"https:\/\/cidadenoar.com\/global\/wp-json\/wp\/v2\/posts"}],"about":[{"href":"https:\/\/cidadenoar.com\/global\/wp-json\/wp\/v2\/types\/post"}],"author":[{"embeddable":true,"href":"https:\/\/cidadenoar.com\/global\/wp-json\/wp\/v2\/users\/23"}],"replies":[{"embeddable":true,"href":"https:\/\/cidadenoar.com\/global\/wp-json\/wp\/v2\/comments?post=3777"}],"version-history":[{"count":0,"href":"https:\/\/cidadenoar.com\/global\/wp-json\/wp\/v2\/posts\/3777\/revisions"}],"wp:featuredmedia":[{"embeddable":true,"href":"https:\/\/cidadenoar.com\/global\/wp-json\/wp\/v2\/media\/3782"}],"wp:attachment":[{"href":"https:\/\/cidadenoar.com\/global\/wp-json\/wp\/v2\/media?parent=3777"}],"wp:term":[{"taxonomy":"category","embeddable":true,"href":"https:\/\/cidadenoar.com\/global\/wp-json\/wp\/v2\/categories?post=3777"},{"taxonomy":"post_tag","embeddable":true,"href":"https:\/\/cidadenoar.com\/global\/wp-json\/wp\/v2\/tags?post=3777"}],"curies":[{"name":"wp","href":"https:\/\/api.w.org\/{rel}","templated":true}]}}