{"id":3790,"date":"2025-07-17T17:34:43","date_gmt":"2025-07-17T20:34:43","guid":{"rendered":"https:\/\/cidadenoar.com\/?p=3790"},"modified":"2025-07-17T17:34:46","modified_gmt":"2025-07-17T20:34:46","slug":"grupo-o-boticario-inaugura-centro-logistico-para-atender-mais-de-2-mil-revendedores","status":"publish","type":"post","link":"https:\/\/cidadenoar.com\/global\/economia-negocios\/grupo-o-boticario-inaugura-centro-logistico-para-atender-mais-de-2-mil-revendedores\/","title":{"rendered":"Grupo O Botic\u00e1rio inaugura centro log\u00edstico para atender mais de 2 mil revendedores"},"content":{"rendered":"\n<p>O Grupo O Botic\u00e1rio inaugurou na quarta-feira, 16, um moderno centro log\u00edstico que promete transformar a opera\u00e7\u00e3o comercial da marca na regi\u00e3o. Com sede em Brusque e 1.160 m\u00b2 de \u00e1rea total, a nova estrutura foi pensada para oferecer mais efici\u00eancia na distribui\u00e7\u00e3o de produtos e aprimorar o atendimento a mais de dois mil revendedores da marca, al\u00e9m de atuar como centro de capacita\u00e7\u00e3o.&nbsp;<\/p>\n\n\n\n<p>O novo espa\u00e7o re\u00fane loja, \u00e1rea administrativa e cerca de 800 m\u00b2 dedicados exclusivamente \u00e0 opera\u00e7\u00e3o log\u00edstica. Um dos grandes diferenciais do projeto \u00e9 o investimento na qualifica\u00e7\u00e3o dos revendedores, com a cria\u00e7\u00e3o da \u201cEscola do Revendedor\u201d e do \u201cEspa\u00e7o da Beleza\u201d, que oferecer\u00e3o treinamentos, workshops e cursos sobre os produtos e t\u00e9cnicas de vendas.<\/p>\n\n\n\n<p>A iniciativa refor\u00e7a o compromisso do Grupo O Botic\u00e1rio com o desenvolvimento regional e com a cria\u00e7\u00e3o de um ecossistema comercial mais forte e sustent\u00e1vel. Al\u00e9m da inaugura\u00e7\u00e3o em Brusque, um segundo hub ser\u00e1 aberto simultaneamente em Laguna, ampliando a presen\u00e7a da marca no estado e aprimorando a log\u00edstica de distribui\u00e7\u00e3o em todo o sul catarinense.&nbsp;<\/p>\n\n\n\n<p>Por tr\u00e1s da opera\u00e7\u00e3o est\u00e3o os franqueados Izabele Knop e Lindomar Luiz Junior, que lideram a expans\u00e3o local em Brusque e Laguna, com vis\u00e3o estrat\u00e9gica e compromisso com a inova\u00e7\u00e3o. A hist\u00f3ria da franquia em Brusque come\u00e7ou em 1983, com a abertura da primeira loja da marca na cidade, com Eliana Knop, m\u00e3e da Izabele<strong> <\/strong>e desde ent\u00e3o tem desempenhado papel fundamental no fortalecimento do com\u00e9rcio regional.<\/p>\n\n\n\n<p>Segundo Izabele, o novo centro log\u00edstico faz parte de um plano de expans\u00e3o que visa ampliar a participa\u00e7\u00e3o da marca no mercado de Higiene Pessoal, Cosm\u00e9ticos e Perfumaria (HPC) na regi\u00e3o. \u201cHoje, a cada cinco itens vendidos nesse segmento, um passa pelos nossos canais. Queremos alcan\u00e7ar 26% de participa\u00e7\u00e3o at\u00e9 2030\u201d, afirma a franqueada. O plano de crescimento da marca na regi\u00e3o inclui ainda a abertura de uma nova franquia em Guabiruba, prevista para o primeiro semestre de 2026. A decis\u00e3o \u00e9 resultado de um estudo de mercado que identificou o potencial da cidade para receber uma opera\u00e7\u00e3o pr\u00f3pria do O Botic\u00e1rio.<\/p>\n\n\n\n<p>Para assumirem a gest\u00e3o da franquia, Izabele e Lindomar passaram por um criterioso processo de sucess\u00e3o familiar e forma\u00e7\u00e3o dentro da franqueadora do Grupo O Botic\u00e1rio. O processo envolveu 18 meses de capacita\u00e7\u00f5es, viv\u00eancias operacionais e avalia\u00e7\u00f5es, incluindo a apresenta\u00e7\u00e3o de um Trabalho de Conclus\u00e3o de Curso (TCC) \u00e0 banca da franqueadora. Essa jornada garantiu que os novos franqueados estivessem preparados para dar continuidade ao legado familiar com excel\u00eancia e vis\u00e3o de futuro.<\/p>\n\n\n\n<p>Al\u00e9m da efici\u00eancia log\u00edstica, o novo hub tamb\u00e9m reflete os valores da marca quanto \u00e0 inclus\u00e3o e acessibilidade. O espa\u00e7o foi projetado para ser 100% acess\u00edvel e, at\u00e9 2027, todas as embalagens do Grupo O Botic\u00e1rio contar\u00e3o com informa\u00e7\u00f5es em braille, ampliando o acesso para pessoas com defici\u00eancia visual. A opera\u00e7\u00e3o em Santa Catarina tamb\u00e9m refor\u00e7a o compromisso ambiental da marca: o centro log\u00edstico conta com um sistema de reaproveitamento da \u00e1gua, enquanto a loja de Brusque utiliza energia sustent\u00e1vel em sua opera\u00e7\u00e3o.<\/p>\n\n\n\n<p>A inaugura\u00e7\u00e3o dos centros log\u00edsticos em Brusque e Laguna representa um marco para o Grupo O Botic\u00e1rio em Santa Catarina, contribuindo para o desenvolvimento local e o fortalecimento da rede de revendedores, que \u00e9 pe\u00e7a-chave no sucesso da marca em todo o pa\u00eds<\/p>\n\n\n\n<figure class=\"wp-block-image size-large\"><img fetchpriority=\"high\" decoding=\"async\" width=\"670\" height=\"1024\" src=\"https:\/\/cidadenoar.com\/wp-content\/uploads\/sites\/22\/2025\/07\/Inauguracao-do-centro-logistico-do-Grupo-O-Boticario-em-Brusque-Foto-Guilherme-Zucco_Growth-Global-670x1024.jpeg\" alt=\"\" class=\"wp-image-3792\" title=\"\" srcset=\"https:\/\/cidadenoar.com\/global\/wp-content\/uploads\/sites\/22\/2025\/07\/Inauguracao-do-centro-logistico-do-Grupo-O-Boticario-em-Brusque-Foto-Guilherme-Zucco_Growth-Global-670x1024.jpeg 670w, https:\/\/cidadenoar.com\/global\/wp-content\/uploads\/sites\/22\/2025\/07\/Inauguracao-do-centro-logistico-do-Grupo-O-Boticario-em-Brusque-Foto-Guilherme-Zucco_Growth-Global-196x300.jpeg 196w, https:\/\/cidadenoar.com\/global\/wp-content\/uploads\/sites\/22\/2025\/07\/Inauguracao-do-centro-logistico-do-Grupo-O-Boticario-em-Brusque-Foto-Guilherme-Zucco_Growth-Global-768x1174.jpeg 768w, https:\/\/cidadenoar.com\/global\/wp-content\/uploads\/sites\/22\/2025\/07\/Inauguracao-do-centro-logistico-do-Grupo-O-Boticario-em-Brusque-Foto-Guilherme-Zucco_Growth-Global.jpeg 883w\" sizes=\"(max-width: 670px) 100vw, 670px\" \/><figcaption class=\"wp-element-caption\"><em>Inaugurac\u0327a\u0303o do centro logi\u0301stico do Grupo O Botica\u0301rio em Brusque (Foto Guilherme Zucco_Growth Global)<\/em><\/figcaption><\/figure>\n\n\n\n<p><\/p>\n","protected":false},"excerpt":{"rendered":"<p>Novo espa\u00e7o ser\u00e1 um marco para Brusque e servir\u00e1 tamb\u00e9m como centro de treinamento para a equipe <\/p>\n","protected":false},"author":23,"featured_media":3791,"comment_status":"open","ping_status":"open","sticky":false,"template":"","format":"standard","meta":{"footnotes":""},"categories":[289],"tags":[451,200,452],"class_list":["post-3790","post","type-post","status-publish","format-standard","has-post-thumbnail","hentry","category-economia-negocios","tag-boticario","tag-brusque","tag-centro-logistico"],"_links":{"self":[{"href":"https:\/\/cidadenoar.com\/global\/wp-json\/wp\/v2\/posts\/3790","targetHints":{"allow":["GET"]}}],"collection":[{"href":"https:\/\/cidadenoar.com\/global\/wp-json\/wp\/v2\/posts"}],"about":[{"href":"https:\/\/cidadenoar.com\/global\/wp-json\/wp\/v2\/types\/post"}],"author":[{"embeddable":true,"href":"https:\/\/cidadenoar.com\/global\/wp-json\/wp\/v2\/users\/23"}],"replies":[{"embeddable":true,"href":"https:\/\/cidadenoar.com\/global\/wp-json\/wp\/v2\/comments?post=3790"}],"version-history":[{"count":0,"href":"https:\/\/cidadenoar.com\/global\/wp-json\/wp\/v2\/posts\/3790\/revisions"}],"wp:featuredmedia":[{"embeddable":true,"href":"https:\/\/cidadenoar.com\/global\/wp-json\/wp\/v2\/media\/3791"}],"wp:attachment":[{"href":"https:\/\/cidadenoar.com\/global\/wp-json\/wp\/v2\/media?parent=3790"}],"wp:term":[{"taxonomy":"category","embeddable":true,"href":"https:\/\/cidadenoar.com\/global\/wp-json\/wp\/v2\/categories?post=3790"},{"taxonomy":"post_tag","embeddable":true,"href":"https:\/\/cidadenoar.com\/global\/wp-json\/wp\/v2\/tags?post=3790"}],"curies":[{"name":"wp","href":"https:\/\/api.w.org\/{rel}","templated":true}]}}