{"id":3806,"date":"2025-07-17T18:30:06","date_gmt":"2025-07-17T21:30:06","guid":{"rendered":"https:\/\/cidadenoar.com\/?p=3806"},"modified":"2025-07-26T18:12:31","modified_gmt":"2025-07-26T21:12:31","slug":"festival-conecta-2025-anuncia-novidades-em-coquetel-de-lancamento","status":"publish","type":"post","link":"https:\/\/cidadenoar.com\/global\/geral\/festival-conecta-2025-anuncia-novidades-em-coquetel-de-lancamento\/","title":{"rendered":"Festival Conecta+ 2025 anuncia novidades em coquetel de lan\u00e7amento"},"content":{"rendered":"\n<p>O Festival Conecta+ 2025 j\u00e1 tem data e local confirmados. Nos dias 12 e 13 de setembro, o Teatro Hermelinda Izabel Merize, localizado anexo ao Centro Multiuso de S\u00e3o Jos\u00e9, ser\u00e1 palco de mais uma edi\u00e7\u00e3o do movimento que j\u00e1 se tornou refer\u00eancia na Grande Florian\u00f3polis. Com o tema \u201cInova\u00e7\u00e3o, Tecnologia e Economia Criativa\u201d, o festival refor\u00e7a sua proposta de ser uma experi\u00eancia imersiva, voltada \u00e0 conex\u00e3o entre pessoas, ideias e cultura.<\/p>\n\n\n\n<p>O lan\u00e7amento oficial acontece no pr\u00f3ximo dia 22 de julho (ter\u00e7a-feira), no K-Platz Hotel (Avenida Cruz e Souza, 25 \u2013 Campinas\/S\u00e3o Jos\u00e9), das 19h \u00e0s 22h, reunindo convidados, imprensa, apoiadores e parceiros para a apresenta\u00e7\u00e3o oficial da programa\u00e7\u00e3o, novidades e estrutura desta edi\u00e7\u00e3o. Ser\u00e1 uma oportunidade para conhecer em primeira m\u00e3o as a\u00e7\u00f5es que v\u00e3o movimentar S\u00e3o Jos\u00e9 no m\u00eas de setembro.<\/p>\n\n\n\n<p>Em 2025, a programa\u00e7\u00e3o chega ainda mais robusta e diversificada, com palestras, atra\u00e7\u00f5es culturais, feira de neg\u00f3cios, \u00e1rea gastron\u00f4mica e espa\u00e7o kids. Tudo pensado para oferecer uma experi\u00eancia completa a p\u00fablicos de todas as idades, principalmente ao empres\u00e1rio de S\u00e3o Jos\u00e9 e da Grande Florian\u00f3polis. A grande novidade ser\u00e1 a amplia\u00e7\u00e3o da feira de neg\u00f3cios, que agora contar\u00e1 com mais de 50 expositores, e a cria\u00e7\u00e3o de uma plen\u00e1ria extra, dedicada a conte\u00fados voltados aos eixos trabalhados pelo movimento: empreendedorismo, inova\u00e7\u00e3o e cultura.<\/p>\n\n\n\n<p>O espa\u00e7o cultural, que j\u00e1 foi destaque na edi\u00e7\u00e3o passada, tamb\u00e9m estar\u00e1 de volta, com uma programa\u00e7\u00e3o rica em apresenta\u00e7\u00f5es art\u00edsticas. A proposta \u00e9 unir conhecimento, lazer e cultura em um mesmo ambiente, democratizando o acesso ao aprendizado e incentivando a participa\u00e7\u00e3o das fam\u00edlias.<\/p>\n\n\n\n<p>Com essa estrutura ampliada, o Conecta+ 2025 busca, n\u00e3o apenas atualizar os participantes sobre as principais tend\u00eancias que impactam o cotidiano, mas tamb\u00e9m fortalecer o ecossistema criativo e empreendedor da regi\u00e3o, promovendo encontros estrat\u00e9gicos e oportunidades reais de networking. \u201c<em>O Festival Conecta+ \u00e9 um canal estrat\u00e9gico de desenvolvimento. Ele articula cultura, inova\u00e7\u00e3o e empreendedorismo para gerar oportunidades. Criamos um ambiente onde pessoas e institui\u00e7\u00f5es se encontram para debater solu\u00e7\u00f5es, fomentar neg\u00f3cios e ampliar o acesso ao conhecimento. N\u00e3o \u00e9 apenas sobre inspirar \u2014 \u00e9 sobre transformar, com consist\u00eancia, prop\u00f3sito e resultados<\/em>&nbsp;\u201d, afirma Marina Souza, CEO e fundadora do Movimento Conecta+.<\/p>\n\n\n\n<p>O Festival Conecta+ \u00e9 reconhecido por oferecer conte\u00fados acess\u00edveis, inspiradores e aplic\u00e1veis, reunindo empreendedores, profissionais da comunica\u00e7\u00e3o, educadores, investidores, artistas e o p\u00fablico em geral em uma programa\u00e7\u00e3o multidisciplinar e transformadora. Tanto \u00e9 que tem o apoio institucional de renomadas entidades como Aemflo\/CDL S\u00e3o Jos\u00e9 e Sebrae\/SC, al\u00e9m de outras grandes marcas do cen\u00e1rio econ\u00f4mico catarinense. Em 2024, o evento atraiu mais de 10 mil pessoas e se consolidou como um dos principais festivais do Estado. J\u00e1 para 2025, a expectativa \u00e9 ainda maior, com novas experi\u00eancias, mais expositores e um ambiente prop\u00edcio ao aprendizado e ao fortalecimento da cultura local.<\/p>\n\n\n\n<p><strong>Lan\u00e7amento Festival Conecta+<\/strong><\/p>\n\n\n\n<p>Quando: 22 de julho de 2025 (ter\u00e7a-feira)<\/p>\n\n\n\n<p>Onde: K-Platz Hotel (Avenida Cruz e Souza, 25 \u2013 Campinas\/S\u00e3o Jos\u00e9)<\/p>\n\n\n\n<p>Hor\u00e1rio: A partir das 19h<\/p>\n\n\n\n<p>Informa\u00e7\u00f5es: @eventoconectamais<\/p>\n","protected":false},"excerpt":{"rendered":"<p>Com feira ampliada, plen\u00e1ria extra e atra\u00e7\u00f5es diversas, evento promete experi\u00eancia completa em dois dias de empreendedorismo, inova\u00e7\u00e3o e cultura<\/p>\n","protected":false},"author":23,"featured_media":3807,"comment_status":"open","ping_status":"open","sticky":false,"template":"","format":"standard","meta":{"footnotes":""},"categories":[1],"tags":[457,459,453],"class_list":["post-3806","post","type-post","status-publish","format-standard","has-post-thumbnail","hentry","category-geral","tag-conecta-2","tag-coquetel","tag-eventos"],"_links":{"self":[{"href":"https:\/\/cidadenoar.com\/global\/wp-json\/wp\/v2\/posts\/3806","targetHints":{"allow":["GET"]}}],"collection":[{"href":"https:\/\/cidadenoar.com\/global\/wp-json\/wp\/v2\/posts"}],"about":[{"href":"https:\/\/cidadenoar.com\/global\/wp-json\/wp\/v2\/types\/post"}],"author":[{"embeddable":true,"href":"https:\/\/cidadenoar.com\/global\/wp-json\/wp\/v2\/users\/23"}],"replies":[{"embeddable":true,"href":"https:\/\/cidadenoar.com\/global\/wp-json\/wp\/v2\/comments?post=3806"}],"version-history":[{"count":0,"href":"https:\/\/cidadenoar.com\/global\/wp-json\/wp\/v2\/posts\/3806\/revisions"}],"wp:featuredmedia":[{"embeddable":true,"href":"https:\/\/cidadenoar.com\/global\/wp-json\/wp\/v2\/media\/3807"}],"wp:attachment":[{"href":"https:\/\/cidadenoar.com\/global\/wp-json\/wp\/v2\/media?parent=3806"}],"wp:term":[{"taxonomy":"category","embeddable":true,"href":"https:\/\/cidadenoar.com\/global\/wp-json\/wp\/v2\/categories?post=3806"},{"taxonomy":"post_tag","embeddable":true,"href":"https:\/\/cidadenoar.com\/global\/wp-json\/wp\/v2\/tags?post=3806"}],"curies":[{"name":"wp","href":"https:\/\/api.w.org\/{rel}","templated":true}]}}