{"id":3812,"date":"2025-07-18T17:17:07","date_gmt":"2025-07-18T20:17:07","guid":{"rendered":"https:\/\/cidadenoar.com\/?p=3812"},"modified":"2025-07-26T18:12:29","modified_gmt":"2025-07-26T21:12:29","slug":"fort-atacadista-e-prefeitura-de-penha-inauguram-pavimentacao-da-rua-abilio-de-souza","status":"publish","type":"post","link":"https:\/\/cidadenoar.com\/global\/geral\/fort-atacadista-e-prefeitura-de-penha-inauguram-pavimentacao-da-rua-abilio-de-souza\/","title":{"rendered":"Fort Atacadista e Prefeitura de Penha inauguram pavimenta\u00e7\u00e3o da Rua Ab\u00edlio de Souza"},"content":{"rendered":"\n<p>O Fort Atacadista e a Prefeitura de Penha inauguram nesta sexta-feira, 18, as obras de pavimenta\u00e7\u00e3o da Rua Ab\u00edlio de Souza \u2013 interligando a Avenida Eug\u00eanio Krause \u00e0 Rodovia Transbeto, facilitando tamb\u00e9m o acesso ao empreendimento.<\/p>\n\n\n\n<p>\u201cToda a comunidade est\u00e1 convidada a participar deste ato, que simboliza o nosso compromisso com condicionantes da Prefeitura de Penha ao longo do processo de implanta\u00e7\u00e3o do Fort Atacadista no munic\u00edpio\u201d, explica o gerente nacional de marketing do Fort Atacadista, Gustavo Petry Cust\u00f3dio.<\/p>\n\n\n\n<p>Um trecho de aproximadamente 500 metros da via recebeu obras de drenagem pluvial, pavimenta\u00e7\u00e3o asf\u00e1ltica, cal\u00e7adas e ilumina\u00e7\u00e3o p\u00fablica. Lombadas ecol\u00f3gicas tamb\u00e9m foram implantadas ao longo do trajeto, garantindo maior seguran\u00e7a ao setor que eleva a mobilidade do bairro de Arma\u00e7\u00e3o.<\/p>\n\n\n\n<p>Evento para toda a fam\u00edlia no s\u00e1bado<\/p>\n\n\n\n<p>Em comemora\u00e7\u00e3o aos 67 anos da cidade de Penha, o Fort Atacadista convida toda a comunidade para uma celebra\u00e7\u00e3o especial neste s\u00e1bado, 19 de julho. A programa\u00e7\u00e3o ser\u00e1 das 10h ao meio-dia, com m\u00fasica ao vivo, brinquedos infl\u00e1veis para divertir a crian\u00e7ada e degusta\u00e7\u00f5es deliciosas<\/p>\n\n\n\n<figure class=\"wp-block-image size-large\"><img fetchpriority=\"high\" decoding=\"async\" width=\"576\" height=\"1024\" src=\"https:\/\/cidadenoar.com\/wp-content\/uploads\/sites\/22\/2025\/07\/Imagem-do-WhatsApp-de-2025-07-18-as-15.47.16_b4ef1ef5-576x1024.jpg\" alt=\"\" class=\"wp-image-3814\" title=\"\" srcset=\"https:\/\/cidadenoar.com\/global\/wp-content\/uploads\/sites\/22\/2025\/07\/Imagem-do-WhatsApp-de-2025-07-18-as-15.47.16_b4ef1ef5-576x1024.jpg 576w, https:\/\/cidadenoar.com\/global\/wp-content\/uploads\/sites\/22\/2025\/07\/Imagem-do-WhatsApp-de-2025-07-18-as-15.47.16_b4ef1ef5-169x300.jpg 169w, https:\/\/cidadenoar.com\/global\/wp-content\/uploads\/sites\/22\/2025\/07\/Imagem-do-WhatsApp-de-2025-07-18-as-15.47.16_b4ef1ef5-768x1365.jpg 768w, https:\/\/cidadenoar.com\/global\/wp-content\/uploads\/sites\/22\/2025\/07\/Imagem-do-WhatsApp-de-2025-07-18-as-15.47.16_b4ef1ef5-864x1536.jpg 864w, https:\/\/cidadenoar.com\/global\/wp-content\/uploads\/sites\/22\/2025\/07\/Imagem-do-WhatsApp-de-2025-07-18-as-15.47.16_b4ef1ef5.jpg 900w\" sizes=\"(max-width: 576px) 100vw, 576px\" \/><\/figure>\n","protected":false},"excerpt":{"rendered":"<p>O ato de inaugura\u00e7\u00e3o ocorre no estacionamento do Fort Atacadista, \u00e0s 17h<\/p>\n","protected":false},"author":23,"featured_media":3813,"comment_status":"open","ping_status":"open","sticky":false,"template":"","format":"standard","meta":{"footnotes":""},"categories":[1],"tags":[112,460,152],"class_list":["post-3812","post","type-post","status-publish","format-standard","has-post-thumbnail","hentry","category-geral","tag-fort-atacadista","tag-penha","tag-sc"],"_links":{"self":[{"href":"https:\/\/cidadenoar.com\/global\/wp-json\/wp\/v2\/posts\/3812","targetHints":{"allow":["GET"]}}],"collection":[{"href":"https:\/\/cidadenoar.com\/global\/wp-json\/wp\/v2\/posts"}],"about":[{"href":"https:\/\/cidadenoar.com\/global\/wp-json\/wp\/v2\/types\/post"}],"author":[{"embeddable":true,"href":"https:\/\/cidadenoar.com\/global\/wp-json\/wp\/v2\/users\/23"}],"replies":[{"embeddable":true,"href":"https:\/\/cidadenoar.com\/global\/wp-json\/wp\/v2\/comments?post=3812"}],"version-history":[{"count":0,"href":"https:\/\/cidadenoar.com\/global\/wp-json\/wp\/v2\/posts\/3812\/revisions"}],"wp:featuredmedia":[{"embeddable":true,"href":"https:\/\/cidadenoar.com\/global\/wp-json\/wp\/v2\/media\/3813"}],"wp:attachment":[{"href":"https:\/\/cidadenoar.com\/global\/wp-json\/wp\/v2\/media?parent=3812"}],"wp:term":[{"taxonomy":"category","embeddable":true,"href":"https:\/\/cidadenoar.com\/global\/wp-json\/wp\/v2\/categories?post=3812"},{"taxonomy":"post_tag","embeddable":true,"href":"https:\/\/cidadenoar.com\/global\/wp-json\/wp\/v2\/tags?post=3812"}],"curies":[{"name":"wp","href":"https:\/\/api.w.org\/{rel}","templated":true}]}}