{"id":3848,"date":"2025-07-20T12:38:02","date_gmt":"2025-07-20T15:38:02","guid":{"rendered":"https:\/\/cidadenoar.com\/?p=3848"},"modified":"2025-07-26T17:53:14","modified_gmt":"2025-07-26T20:53:14","slug":"impasse-tarifario-entre-brasil-e-estados-unidos-um-problema-para-o-ministerio-das-relacoes-exteriores","status":"publish","type":"post","link":"https:\/\/cidadenoar.com\/global\/politica\/impasse-tarifario-entre-brasil-e-estados-unidos-um-problema-para-o-ministerio-das-relacoes-exteriores\/","title":{"rendered":"Impasse tarif\u00e1rio entre Brasil e Estados Unidos: um problema para o Minist\u00e9rio das Rela\u00e7\u00f5es Exteriores"},"content":{"rendered":"\n<p>Neste artigo busco expor minha opini\u00e3o sobre o complexo impasse tarif\u00e1rio entre Brasil e Estados Unidos. Enquanto a maioria dos coment\u00e1rios t\u00eam abordado o tema sob um ponto de vista pol\u00edtico, quero focar o assunto em outra perspectiva.<\/p>\n\n\n\n<p>Quase simultaneamente, Donald Trump decidiu que, a partir de 1\u00ba de agosto, o Brasil pagar\u00e1 uma tarifa de 50% sobre os produtos exportados para aquele pa\u00eds, enquanto a Argentina ter\u00e1 tarifa zero para suas exporta\u00e7\u00f5es. Por que essa diferen\u00e7a?<\/p>\n\n\n\n<p>Acredito que os motivos sejam diversos, mas destaco alguns: o presidente Javier Milei n\u00e3o ataca o presidente Trump, seu governo nem os Estados Unidos. Ele conseguiu organizar as contas de seu pa\u00eds, ao passo que o Brasil apresenta d\u00e9ficits monumentais, for\u00e7ando o presidente do Banco Central a manter os juros elevados. Milei est\u00e1 fazendo a &#8220;li\u00e7\u00e3o de casa&#8221;: gasta o que tem e permite que a sociedade prospere, afinal, n\u00e3o \u00e9 a burocracia que deve crescer. O resultado \u00e9 claro: a Argentina exportar\u00e1 para os Estados Unidos com tarifa zero, enquanto n\u00f3s teremos uma tarifa de 50%.<\/p>\n\n\n\n<p>Ocorre que a Argentina, em grande parte, possui os mesmos produtos de exporta\u00e7\u00e3o que o Brasil. Para ilustrar, ambos os pa\u00edses s\u00e3o fortes no setor agropecu\u00e1rio. Consequentemente, perderemos esse mercado para a Argentina.<\/p>\n\n\n\n<p>Mas por que tudo isso est\u00e1 acontecendo? Desde o in\u00edcio de seu governo, o presidente Lula tem atacado os Estados Unidos gratuitamente. Ele se mostra mais amigo de ditadores como os da R\u00fassia, China, Cuba, Ir\u00e3 e at\u00e9 mesmo da Venezuela. Vale lembrar que ele enviou o embaixador brasileiro \u00e0 posse daquele que \u00e9 considerado o fraudador das elei\u00e7\u00f5es na Venezuela, al\u00e9m de manter uma posi\u00e7\u00e3o absolutamente contr\u00e1ria a Israel, apoiando, por decorr\u00eancia, os grupos terroristas Hamas e Hezbollah.<\/p>\n\n\n\n<p>Vale ressaltar que n\u00e3o sou favor\u00e1vel \u00e0 forma como Israel est\u00e1 agindo em rela\u00e7\u00e3o ao povo palestino. Contudo, compreendo que era necess\u00e1rio que se fizesse algo em fun\u00e7\u00e3o daquele ataque terrorista, no qual mil e trezentas pessoas foram mortas e cerca de duzentas mantidas ref\u00e9ns.<\/p>\n\n\n\n<p>Al\u00e9m disso, o presidente brasileiro tamb\u00e9m tem explicitado <a href=\"https:\/\/cidadenoar.com.br\" target=\"_blank\" rel=\"noreferrer noopener\">publicamente<\/a> seu apoio ao Ir\u00e3. Inclusive, segundo o que circula na imprensa e est\u00e1 sendo investigado, haveria o envio de ur\u00e2nio para que aquele pa\u00eds, uma ditadura sob a lideran\u00e7a de seu amigo, possa desenvolver uma bomba at\u00f4mica. Cedida a terroristas, essa arma colocaria em risco a paz mundial.<\/p>\n\n\n\n<p>\u00c9 preciso ainda lembrar das recentes declara\u00e7\u00f5es feitas, ap\u00f3s a \u00faltima reuni\u00e3o do BRICS, quando o presidente Lula expressou cr\u00edticas contundentes \u00e0 pol\u00edtica externa dos Estados Unidos, especialmente em rela\u00e7\u00e3o a quest\u00f5es comerciais e a necessidade de uma nova moeda para substituir o D\u00f3lar, assim como sua vis\u00e3o sobre a ordem global. Portanto, s\u00e3o ataques desnecess\u00e1rios direcionados ao governo Trump e aos Estados Unidos.<\/p>\n\n\n\n<p>Assim, a impress\u00e3o que tenho \u00e9 que os ataques gratuitos do presidente Lula aos Estados Unidos e sua prefer\u00eancia pelas ditaduras do Ir\u00e3, da R\u00fassia, da China, de Cuba e da Venezuela foram o motivo pelo qual o presidente Trump taxou o Brasil, enquanto Milei conseguiu tarifa zero para a Argentina e, consequentemente, capturar\u00e1 o mercado brasileiro nos Estados Unidos.<\/p>\n\n\n\n<p>Se o Brasil tiver seus produtos taxados em 50% a partir de 1\u00ba de agosto e essa decis\u00e3o n\u00e3o for inteligentemente negociada pelo Minist\u00e9rio de Rela\u00e7\u00f5es Exteriores com os Estados Unidos, os mesmos produtos que exportamos ser\u00e3o exportados pela Argentina. Isso permitir\u00e1 que ela recupere sua economia, que j\u00e1 est\u00e1 sem d\u00e9ficit, algo que n\u00e3o acontece com o Brasil. Al\u00e9m de perdermos esse mercado, enfrentaremos s\u00e9rios problemas de infraestrutura, mat\u00e9rias-primas e tecnologia, essenciais para o Brasil, especialmente considerando que o presidente Lula est\u00e1 prometendo retalia\u00e7\u00e3o.<\/p>\n\n\n\n<p>Quero deixar claro o seguinte: o problema da taxa\u00e7\u00e3o de 50% aos produtos brasileiros n\u00e3o foi provocado pelo ex-presidente Jair Bolsonaro. Foram, sim, as constantes e desnecess\u00e1rias cr\u00edticas do governo brasileiro ao governo Trump, feitas sem nenhuma contrapartida de benef\u00edcio, que levaram a essa situa\u00e7\u00e3o. Iss o prejudica muito determinados setores da economia brasileira, resultando na entrega para a Argentina de um mercado que era nosso, representando 12% de toda a exporta\u00e7\u00e3o do <a href=\"https:\/\/cidadenoar.com\/tag\/brasil\/\" target=\"_blank\" data-type=\"post_tag\" data-id=\"22\" rel=\"noreferrer noopener\">Brasil<\/a>.<\/p>\n\n\n\n<p>Essa \u00e9 uma quest\u00e3o que demanda profunda reflex\u00e3o, inclusive por parte do governo e do Minist\u00e9rio das Rela\u00e7\u00f5es Exteriores, que precisar\u00e3o ser muito h\u00e1beis para negociar e, quem sabe, conseguir suspender essa tarifa antes de 1\u00ba de agosto.<\/p>\n\n\n\n<p><strong>Ives Gandra da Silva Martins<\/strong><em>\u00e9 professor em\u00e9rito das universidades Mackenzie, Unip, Unifieo, UniFMU, do Ciee\/O Estado de S\u00e3o Paulo, das Escolas de Comando e Estado-Maior do Ex\u00e9rcito (Eceme), Superior de Guerra (ESG) e da Magistratura do Tribunal Regional Federal \u2013 1\u00aa Regi\u00e3o, professor honor\u00e1rio das Universidades Austral (Argentina), San Martin de Porres (Peru) e Vasili Goldis (Rom\u00eania), doutor&nbsp;honoris causa&nbsp;das Universidades de Craiova (Rom\u00eania) e das PUCs PR e RS, catedr\u00e1tico da Universidade do Minho (Portugal), presidente do Conselho Superior de Direito da Fecomercio -SP, ex-presidente da Acade mia Paulista de Letras (APL) e do Instituto dos Advogados de S\u00e3o Paulo (Iasp).<\/em><\/p>\n","protected":false},"excerpt":{"rendered":"<p>Neste artigo busco expor minha opini\u00e3o sobre o complexo impasse tarif\u00e1rio entre Brasil e Estados Unidos. Enquanto a maioria dos coment\u00e1rios t\u00eam abordado o tema sob um ponto de vista pol\u00edtico, quero focar o assunto em outra perspectiva. Quase simultaneamente, Donald Trump decidiu que, a partir de 1\u00ba de agosto, o Brasil pagar\u00e1 uma tarifa&#8230;<\/p>\n","protected":false},"author":26,"featured_media":1928,"comment_status":"open","ping_status":"open","sticky":false,"template":"","format":"standard","meta":{"footnotes":""},"categories":[374],"tags":[22,36],"class_list":["post-3848","post","type-post","status-publish","format-standard","has-post-thumbnail","hentry","category-politica","tag-brasil","tag-economia"],"_links":{"self":[{"href":"https:\/\/cidadenoar.com\/global\/wp-json\/wp\/v2\/posts\/3848","targetHints":{"allow":["GET"]}}],"collection":[{"href":"https:\/\/cidadenoar.com\/global\/wp-json\/wp\/v2\/posts"}],"about":[{"href":"https:\/\/cidadenoar.com\/global\/wp-json\/wp\/v2\/types\/post"}],"author":[{"embeddable":true,"href":"https:\/\/cidadenoar.com\/global\/wp-json\/wp\/v2\/users\/26"}],"replies":[{"embeddable":true,"href":"https:\/\/cidadenoar.com\/global\/wp-json\/wp\/v2\/comments?post=3848"}],"version-history":[{"count":0,"href":"https:\/\/cidadenoar.com\/global\/wp-json\/wp\/v2\/posts\/3848\/revisions"}],"wp:featuredmedia":[{"embeddable":true,"href":"https:\/\/cidadenoar.com\/global\/wp-json\/wp\/v2\/media\/1928"}],"wp:attachment":[{"href":"https:\/\/cidadenoar.com\/global\/wp-json\/wp\/v2\/media?parent=3848"}],"wp:term":[{"taxonomy":"category","embeddable":true,"href":"https:\/\/cidadenoar.com\/global\/wp-json\/wp\/v2\/categories?post=3848"},{"taxonomy":"post_tag","embeddable":true,"href":"https:\/\/cidadenoar.com\/global\/wp-json\/wp\/v2\/tags?post=3848"}],"curies":[{"name":"wp","href":"https:\/\/api.w.org\/{rel}","templated":true}]}}