{"id":3856,"date":"2025-07-20T15:51:52","date_gmt":"2025-07-20T18:51:52","guid":{"rendered":"https:\/\/cidadenoar.com\/?p=3856"},"modified":"2025-07-26T17:53:11","modified_gmt":"2025-07-26T20:53:11","slug":"unidade-movel-da-aasp-leva-servicos-gratuitos-a-advocacia-de-itajai-em-santa-catarina","status":"publish","type":"post","link":"https:\/\/cidadenoar.com\/global\/politica\/unidade-movel-da-aasp-leva-servicos-gratuitos-a-advocacia-de-itajai-em-santa-catarina\/","title":{"rendered":"Unidade M\u00f3vel da AASP leva servi\u00e7os gratuitos \u00e0 Advocacia de Itaja\u00ed, em Santa Catarina\u00a0"},"content":{"rendered":"\n<p>Com o objetivo de levar alguns de seus mais importantes servi\u00e7os aos profissionais do Direito \u00e0 regi\u00e3o de Itaja\u00ed, no estado de Santa Catarina, a\u00a0<strong>AASP \u2013 Associa\u00e7\u00e3o dos Advogados<\/strong>\u00a0estar\u00e1 presente com uma Unidade M\u00f3vel dia\u00a0<strong>21 de julho, das 10h \u00e0s 17h, na\u00a04\u00aa Avenida, 560 &#8211; (Subse\u00e7\u00e3o da OAB).<\/strong>\u00a0\u00a0<\/p>\n\n\n\n<p>As tr\u00eas Unidades M\u00f3veis da AASP, inauguradas em 2016, ampliam a proximidade com pessoas associadas\u00a0e levam a diferentes <a href=\"https:\/\/cidadenoar.com.br\" target=\"_blank\" rel=\"noreferrer noopener\">cidades <\/a>e regi\u00f5es de todo o Brasil alguns dos servi\u00e7os, loja de produtos AASP e mais do portf\u00f3lio da maior associa\u00e7\u00e3o da Advocacia da Am\u00e9rica Latina.\u00a0<\/p>\n\n\n\n<p>Entre eles, a emiss\u00e3o do certificado digital, uma ferramenta indispens\u00e1vel para o exerc\u00edcio profissional, com kit completo (token certificado e validade de tr\u00eas anos), \u00e9 realizada<strong>&nbsp;de forma totalmente gratuita para as associadas e associados<\/strong>.&nbsp;&nbsp;<\/p>\n\n\n\n<p>Al\u00e9m disso, a Unidade M\u00f3vel tamb\u00e9m conta com a digitaliza\u00e7\u00e3o de processos que ainda est\u00e3o em formato f\u00edsico, um servi\u00e7o completo e estendido aos Advogados e Advogadas de todo o pa\u00eds. Para pessoas associadas \u00e0 AASP, tamb\u00e9m \u00e9 feita gratuitamente.&nbsp;<\/p>\n\n\n\n<p>Com a ajuda de profissionais da AASP que estar\u00e3o no local, os documentos ser\u00e3o organizados e separados em pastas, nos moldes exigidos pelos tribunais. Trata-se da chamada indexa\u00e7\u00e3o, que facilita a identifica\u00e7\u00e3o das pe\u00e7as processuais.&nbsp;<\/p>\n\n\n\n<p>\u201cA <a href=\"https:\/\/cidadenoar.com\/brasil\/aasp-aposta-na-conscientizacao-para-combater-golpe-do-falso-advogado\/\" data-type=\"post\" data-id=\"3852\">AASP <\/a>\u00e9 a maior associa\u00e7\u00e3o por ades\u00e3o da Advocacia da Am\u00e9rica Latina, contando com aproximadamente de 75 mil pessoas inscritas. Ao longo de oito d\u00e9cadas de atua\u00e7\u00e3o, priorizamos a\u00e7\u00f5es como esta, que possam contribuir para a celeridade dos processos, beneficiando n\u00e3o apenas profissionais do Direito, mas tamb\u00e9m o jurisdicionado e a sociedade brasileira em geral\u201d, destaca Renata Mariz de Oliveira, presidente da AASP.\u00a0<\/p>\n\n\n\n<p>A programa\u00e7\u00e3o da unidade m\u00f3vel em Santa Catarina, com visitas previstas ainda no m\u00eas de julho, inclui as cidades de Itaja\u00ed, Blumenau e Joinville.&nbsp;<\/p>\n\n\n\n<p><strong>SERVI\u00c7O:<\/strong>&nbsp;<\/p>\n\n\n\n<p><strong>Unidade M\u00f3vel AASP: Itaja\u00ed<\/strong>&nbsp;<\/p>\n\n\n\n<p><strong>Gratuito<\/strong>&nbsp;<\/p>\n\n\n\n<p><strong>Data e hor\u00e1rio:<\/strong>&nbsp;22\/7 &#8211; das 10h \u00e0s 17h&nbsp;<\/p>\n\n\n\n<p><strong>Endere\u00e7o:<\/strong>&nbsp;Rua Uruguai, n\u00ba 222, Centro (F\u00f3rum)&nbsp;<\/p>\n\n\n\n<p>Informa\u00e7\u00f5es sobre a certifica\u00e7\u00e3o digital:&nbsp;<a href=\"https:\/\/www.aasp.org.br\/\" target=\"_blank\" rel=\"noreferrer noopener\">site da AASP<\/a>&nbsp;<\/p>\n\n\n\n<p><strong>SOBRE A DIGITALIZA\u00c7\u00c3O:<\/strong>&nbsp;<\/p>\n\n\n\n<p>O servi\u00e7o tamb\u00e9m est\u00e1 dispon\u00edvel na sede da entidade, na rua \u00c1lvares Penteado, n\u00ba 151\/165, Centro, S\u00e3o Paulo; na Unidade Jardim Paulista, Alameda Santos, 2159; na Unidade Campinas, Rua Lu\u00eds Ot\u00e1vio, 2565 &#8211; Parque Taquaral; na Unidade Ribeir\u00e3o Preto, Av. Eduardo Gomes de Souza, 766 &#8211; City Ribeir\u00e3o, e na Unidade Bras\u00edlia, Edif\u00edcio Prime Usiness Center SBS Qd, 02 Asa Sul, Bras\u00edlia &#8211; DF. A implanta\u00e7\u00e3o do processo eletr\u00f4nico come\u00e7ou em 2006 com a inaugura\u00e7\u00e3o do Sistema de Automa\u00e7\u00e3o da Justi\u00e7a (SAJ), no Juizado Especial C\u00edvel.&nbsp;&nbsp;<\/p>\n\n\n\n<p><strong>AASP \u2013 Associa\u00e7\u00e3o dos Advogados<\/strong>&nbsp;<\/p>\n\n\n\n<p>Fundada h\u00e1 82 anos, a AASP \u2013 Associa\u00e7\u00e3o dos Advogados est\u00e1 presente em todo o Brasil e tem a miss\u00e3o de potencializar e facilitar o exerc\u00edcio da Advocacia. Experiente, vision\u00e1ria, disruptiva e cada vez mais consciente de sua responsabilidade social e ambiental, recebendo, inclusive, o selo VGP ao tornar-se signat\u00e1ria do programa de solu\u00e7\u00f5es de redu\u00e7\u00e3o e compensa\u00e7\u00e3o de carbono em suas a\u00e7\u00f5es. Sua trajet\u00f3ria e conquistas s\u00e3o o combust\u00edvel para ir ainda mais longe, proporcionando a milhares de associadas e associados do pa\u00eds (mais de 75 mil) in\u00fameros cursos sobre temas jur\u00eddicos relevantes e servi\u00e7os de excel\u00eancia, que incluem: intima\u00e7\u00f5es on-line com intelig\u00eancia artificial, emiss\u00e3o e renova\u00e7\u00e3o de certificado digital, revistas e boletins peri\u00f3dicos, clipping di\u00e1rio de not\u00edcias, plataforma de assinaturas digitais, al\u00e9m de disponibilizar um avan\u00e7ado sistema de pesquisa de jurisprud\u00eancia e um software de gest\u00e3o de processos. \u00c9 poss\u00edvel conhecer melhor a AASP por meio do&nbsp;<a href=\"https:\/\/www.youtube.com\/watch?v=m1We6qdiyDg\" target=\"_blank\" rel=\"noreferrer noopener\">v\u00eddeo institucional<\/a>.&nbsp;<\/p>\n\n\n\n<p><\/p>\n","protected":false},"excerpt":{"rendered":"<p>Emiss\u00e3o do certificado digital e digitaliza\u00e7\u00e3o dos autos f\u00edsicos s\u00e3o alguns dos benef\u00edcios disponibilizados pela Associa\u00e7\u00e3o, que estar\u00e1 no munic\u00edpio dia 21 de julho\u00a0<\/p>\n","protected":false},"author":1,"featured_media":3857,"comment_status":"open","ping_status":"open","sticky":false,"template":"","format":"standard","meta":{"footnotes":""},"categories":[374],"tags":[22],"class_list":["post-3856","post","type-post","status-publish","format-standard","has-post-thumbnail","hentry","category-politica","tag-brasil"],"_links":{"self":[{"href":"https:\/\/cidadenoar.com\/global\/wp-json\/wp\/v2\/posts\/3856","targetHints":{"allow":["GET"]}}],"collection":[{"href":"https:\/\/cidadenoar.com\/global\/wp-json\/wp\/v2\/posts"}],"about":[{"href":"https:\/\/cidadenoar.com\/global\/wp-json\/wp\/v2\/types\/post"}],"author":[{"embeddable":true,"href":"https:\/\/cidadenoar.com\/global\/wp-json\/wp\/v2\/users\/1"}],"replies":[{"embeddable":true,"href":"https:\/\/cidadenoar.com\/global\/wp-json\/wp\/v2\/comments?post=3856"}],"version-history":[{"count":0,"href":"https:\/\/cidadenoar.com\/global\/wp-json\/wp\/v2\/posts\/3856\/revisions"}],"wp:featuredmedia":[{"embeddable":true,"href":"https:\/\/cidadenoar.com\/global\/wp-json\/wp\/v2\/media\/3857"}],"wp:attachment":[{"href":"https:\/\/cidadenoar.com\/global\/wp-json\/wp\/v2\/media?parent=3856"}],"wp:term":[{"taxonomy":"category","embeddable":true,"href":"https:\/\/cidadenoar.com\/global\/wp-json\/wp\/v2\/categories?post=3856"},{"taxonomy":"post_tag","embeddable":true,"href":"https:\/\/cidadenoar.com\/global\/wp-json\/wp\/v2\/tags?post=3856"}],"curies":[{"name":"wp","href":"https:\/\/api.w.org\/{rel}","templated":true}]}}