{"id":3872,"date":"2025-07-21T11:15:53","date_gmt":"2025-07-21T14:15:53","guid":{"rendered":"https:\/\/cidadenoar.com\/?p=3872"},"modified":"2025-07-26T17:38:44","modified_gmt":"2025-07-26T20:38:44","slug":"salao-internacional-do-automovel-ganha-espaco-exclusivo-para-customizacao-automotiva","status":"publish","type":"post","link":"https:\/\/cidadenoar.com\/global\/economia-negocios\/salao-internacional-do-automovel-ganha-espaco-exclusivo-para-customizacao-automotiva\/","title":{"rendered":"Sal\u00e3o Internacional do Autom\u00f3vel Ganha Espa\u00e7o Exclusivo para Customiza\u00e7\u00e3o Automotiva"},"content":{"rendered":"\n<p>A\u00a0customiza\u00e7\u00e3o ser\u00e1 um dos destaques da 31\u00aa edi\u00e7\u00e3o do Sal\u00e3o Internacional do Autom\u00f3vel de <a href=\"https:\/\/cidadenoar.com.br\" target=\"_blank\" rel=\"noreferrer noopener\">S\u00e3o Paulo<\/a>. O\u00a0principal evento automotivo da Am\u00e9rica Latina, que vai ocorrer\u00a0entre os dias 22 e 30 de novembro, no Distrito Anhembi,\u00a0em S\u00e3o\u202fPaulo, ter\u00e1 uma \u00e1rea exclusiva desenvolvida em parceria com\u00a0Fernando Baptista, o Batistinha.\u00a0A\u00a0<strong>Arena de Customiza\u00e7\u00e3o by Batistinha<\/strong>\u00a0vai exibir carros personalizados e novas tecnologias automotivas. Durante o evento, os visitantes v\u00e3o poder assistir toda a prepara\u00e7\u00e3o de um autom\u00f3vel com a equipe profissional de uma das oficinas mais respeitadas do Brasil.<\/p>\n\n\n\n<p>\u201cNossa inten\u00e7\u00e3o \u00e9 deixar o evento cada vez mais interativo, abordando temas que s\u00e3o muito relevantes dentro do mercado como um todo. E a customiza\u00e7\u00e3o de ve\u00edculos est\u00e1 cada vez mais ganhando for\u00e7a, e no Brasil n\u00e3o h\u00e1 ningu\u00e9m melhor do que o Batistinha para liderar essa iniciativa\u201d, afirma Thiago Braga Ferreira, gerente executivo do Sal\u00e3o Internacional do Autom\u00f3vel.<\/p>\n\n\n\n<p>Dentro da Arena de Customiza\u00e7\u00e3o, os visitantes v\u00e3o ficar por dentro das principais tend\u00eancias do universo&nbsp;<em>custom<\/em>&nbsp;e de performance. O p\u00fablico poder\u00e1 acompanhar todas as fases do projeto, desde o desenvolvimento visual e est\u00e9tico at\u00e9 a aplica\u00e7\u00e3o de tecnologias para a prepara\u00e7\u00e3o de motor, reprograma\u00e7\u00e3o de mapa de inje\u00e7\u00e3o e o uso de escapamentos esportivos de alta performance. A proposta \u00e9 mostrar como a m\u00e3o de obra especializada e os equipamentos t\u00e9cnicos de \u00faltima gera\u00e7\u00e3o se unem para transformar modelos comuns em carros personalizados, que aliam estilo, pot\u00eancia e inova\u00e7\u00e3o.<\/p>\n\n\n\n<p>\u201cEssa parceria mostra a preocupa\u00e7\u00e3o do evento em abordar novas tecnologias e tend\u00eancias agregadas aos carros. A Arena tamb\u00e9m vai mostrar ao p\u00fablico e expositores o valor deste nicho automotivo que cresce a cada ano no Brasil\u201d, explica Batistinha.<\/p>\n\n\n\n<p><strong>Programa\u00e7\u00e3o 2025<\/strong><\/p>\n\n\n\n<p>Al\u00e9m de reunir os principais lan\u00e7amentos do mercado automotivo, o Sal\u00e3o Internacional do Autom\u00f3vel ter\u00e1 muitas outras atra\u00e7\u00f5es para o p\u00fablico visitante. Um dos destaques ser\u00e1 o&nbsp;<strong>Drive Experience<\/strong>, espa\u00e7o exclusivo para&nbsp;<em>test drive<\/em>&nbsp;de ve\u00edculos que vai contar com uma in\u00e9dita pista indoor com 14 mil metros quadrados. O circuito pode receber at\u00e9 10 mil testes entre modelos a combust\u00e3o, h\u00edbridos, el\u00e9tricos e 4X4<\/p>\n\n\n\n<p>O&nbsp;<strong>Mem\u00f3ria Sobre Rodas<\/strong>, outra novidade desta edi\u00e7\u00e3o, ser\u00e1 realizado em parceria com o Complexo Dream Car, de S\u00e3o Roque. Para os apaixonados por cl\u00e1ssicos da ind\u00fastria automotiva, o espa\u00e7o vai apresentar dez modelos rar\u00edssimos, cuidadosamente escolhidos entre os mais de cem ve\u00edculos do acervo do museu.<\/p>\n\n\n\n<p>J\u00e1 os f\u00e3s de modelos de luxo v\u00e3o se encantar com o&nbsp;<strong>Dream Lounge<\/strong>, \u00e1rea que vai reunir mais de 70 supercarros em exposi\u00e7\u00e3o, incluindo marcas ic\u00f4nicas como McLaren, Ferrari, Porsche, Lamborghini e Aston Martin. A curadoria do espa\u00e7o fica por conta do Motorgrid Brasil, o maior grupo de propriet\u00e1rios de supercarros da Am\u00e9rica Latina, com mais de quatro mil membros ativos.<\/p>\n\n\n\n<p><strong>31\u00ba Sal\u00e3o Internacional do Autom\u00f3vel de S\u00e3o\u202fPaulo<\/strong><\/p>\n\n\n\n<p>De 22 a 30 de novembro de 2025 \u2013 Distrito Anhembi \u2013 S\u00e3o\u202fPaulo\/SP.\u2028<\/p>\n\n\n\n<p>Mais informa\u00e7\u00f5es:&nbsp;<a href=\"http:\/\/www.salaodoautomovel.com\/\" target=\"_blank\" rel=\"noreferrer noopener\"><strong>www.salaodoautomovel.com<\/strong><\/a><\/p>\n\n\n\n<p><strong>Sobre o evento<\/strong><\/p>\n\n\n\n<p>O Sal\u00e3o Internacional do Autom\u00f3vel de S\u00e3o\u202fPaulo \u00e9 o maior encontro da ind\u00fastria automotiva da Am\u00e9rica Latina. Reconhecido como a vitrine oficial para os principais lan\u00e7amentos do mercado, o evento promove experi\u00eancias imersivas e aproxima os visitantes das inova\u00e7\u00f5es tecnol\u00f3gicas que v\u00e3o moldar o futuro da mobilidade. Organizado pela RX, o Sal\u00e3o retorna em 2025 com sua 31\u00aa edi\u00e7\u00e3o, de 22\u202fa\u202f30 de novembro, no Distrito Anhembi (SP).&nbsp; Mais de 20 marcas j\u00e1 confirmaram presen\u00e7a, e a expectativa da organiza\u00e7\u00e3o \u00e9 receber cerca de 700 mil de visitantes durante os nove dias de exibi\u00e7\u00e3o.<\/p>\n\n\n\n<p>&nbsp;&nbsp;<br><strong>Sobre a RX<\/strong><\/p>\n\n\n\n<p>A\u00a0RX\u00a0oferece oportunidades de conex\u00e3o e desenvolvimento de neg\u00f3cios para indiv\u00edduos, comunidades e organiza\u00e7\u00f5es. Utilizando o poder dos eventos presenciais e combinando-os com dados e produtos digitais, a\u00a0RX\u00a0conecta pessoas por meio de experi\u00eancias e oportunidades comerciais em mais de 350 eventos realizados anualmente em 25 pa\u00edses, abrangendo 42 setores econ\u00f4micos diferentes. Dedicada a gerar impactos positivos na sociedade, a empresa est\u00e1 comprometida com a cria\u00e7\u00e3o de um ambiente de trabalho inclusivo para todos. A\u00a0RX\u00a0\u00e9 uma divis\u00e3o da RELX, um provedor global de an\u00e1lises e ferramentas de decis\u00e3o baseadas em informa\u00e7\u00f5es para profissionais e clientes corporativos.<\/p>\n\n\n\n<p><a href=\"http:\/\/www.rxglobal.com\/rx-brazil\" target=\"_blank\" rel=\"noreferrer noopener\"><strong>RX<\/strong><\/a><strong>&nbsp;<\/strong><strong>\u2013 In the business of building businesses<\/strong><\/p>\n\n\n\n<p><a href=\"http:\/\/www.rxglobal.com\/rx-brazil\" target=\"_blank\" rel=\"noreferrer noopener\">www.rxglobal.com\/rx-brazil<\/a><\/p>\n\n\n\n<p><strong>RELX<\/strong><\/p>\n\n\n\n<p>A RELX \u00e9 uma provedora global de ferramentas de an\u00e1lise e decis\u00e3o baseadas em informa\u00e7\u00f5es, atendendo clientes profissionais e empresariais em mais de 180 pa\u00edses, com escrit\u00f3rios em aproximadamente 40 pa\u00edses. Empregando mais de 36.000 pessoas, mais de 40% delas na Am\u00e9rica do Norte, a RELX se destaca no mercado global. As a\u00e7\u00f5es da RELX PLC, empresa controladora, s\u00e3o negociadas nas Bolsas de Valores de Londres, Amsterd\u00e3 e Nova York, sob os s\u00edmbolos: Londres: REL; Amsterd\u00e3: REN; Nova York: RELX.<\/p>\n\n\n\n<p>*Nota: A capitaliza\u00e7\u00e3o de mercado atual pode ser encontrada em&nbsp;<a href=\"http:\/\/www.relx.com\/investors\" target=\"_blank\" rel=\"noreferrer noopener\">http:\/\/www.relx.com\/investors<\/a><\/p>\n","protected":false},"excerpt":{"rendered":"<p>P\u00fablico vai poder acompanhar de perto todas as etapas da personaliza\u00e7\u00e3o de ve\u00edculos com assinatura de Batistinha, um dos principais nomes do setor<\/p>\n","protected":false},"author":1,"featured_media":3873,"comment_status":"open","ping_status":"open","sticky":false,"template":"","format":"standard","meta":{"footnotes":""},"categories":[289],"tags":[22,52],"class_list":["post-3872","post","type-post","status-publish","format-standard","has-post-thumbnail","hentry","category-economia-negocios","tag-brasil","tag-empreendedorismo"],"_links":{"self":[{"href":"https:\/\/cidadenoar.com\/global\/wp-json\/wp\/v2\/posts\/3872","targetHints":{"allow":["GET"]}}],"collection":[{"href":"https:\/\/cidadenoar.com\/global\/wp-json\/wp\/v2\/posts"}],"about":[{"href":"https:\/\/cidadenoar.com\/global\/wp-json\/wp\/v2\/types\/post"}],"author":[{"embeddable":true,"href":"https:\/\/cidadenoar.com\/global\/wp-json\/wp\/v2\/users\/1"}],"replies":[{"embeddable":true,"href":"https:\/\/cidadenoar.com\/global\/wp-json\/wp\/v2\/comments?post=3872"}],"version-history":[{"count":0,"href":"https:\/\/cidadenoar.com\/global\/wp-json\/wp\/v2\/posts\/3872\/revisions"}],"wp:featuredmedia":[{"embeddable":true,"href":"https:\/\/cidadenoar.com\/global\/wp-json\/wp\/v2\/media\/3873"}],"wp:attachment":[{"href":"https:\/\/cidadenoar.com\/global\/wp-json\/wp\/v2\/media?parent=3872"}],"wp:term":[{"taxonomy":"category","embeddable":true,"href":"https:\/\/cidadenoar.com\/global\/wp-json\/wp\/v2\/categories?post=3872"},{"taxonomy":"post_tag","embeddable":true,"href":"https:\/\/cidadenoar.com\/global\/wp-json\/wp\/v2\/tags?post=3872"}],"curies":[{"name":"wp","href":"https:\/\/api.w.org\/{rel}","templated":true}]}}