{"id":3888,"date":"2025-07-21T22:21:08","date_gmt":"2025-07-22T01:21:08","guid":{"rendered":"https:\/\/cidadenoar.com\/?p=3888"},"modified":"2025-07-26T17:45:10","modified_gmt":"2025-07-26T20:45:10","slug":"mec-regulamenta-polos-ead-com-diferencas-entre-publicas-e-privadas","status":"publish","type":"post","link":"https:\/\/cidadenoar.com\/global\/economia-negocios\/mec-regulamenta-polos-ead-com-diferencas-entre-publicas-e-privadas\/","title":{"rendered":"MEC Regulamenta Polos EAD com Diferen\u00e7as entre P\u00fablicas e Privadas"},"content":{"rendered":"\n<p>O Minist\u00e9rio da Educa\u00e7\u00e3o (MEC) publicou, em 10 de julho de 2025, a Portaria MEC n\u00ba 506, regulamentando os polos de Educa\u00e7\u00e3o a Dist\u00e2ncia (EAD) no <a href=\"https:\/\/cidadenoar.com.br\" target=\"_blank\" rel=\"noreferrer noopener\">Brasil<\/a>. Complementando o Decreto n\u00ba 12.456, de 19 de maio de 2025, a medida traz mudan\u00e7as significativas para o setor, especialmente na cria\u00e7\u00e3o de novos polos. Universidades p\u00fablicas agora podem abrir polos EAD sem limites quantitativos, exigindo apenas um ato institucional e aprova\u00e7\u00e3o do mantenedor. J\u00e1 as institui\u00e7\u00f5es privadas enfrentam restri\u00e7\u00f5es anuais, que variam conforme o tipo de institui\u00e7\u00e3o e seu Conceito Institucional. Por exemplo, faculdades privadas com Conceito 5 podem criar at\u00e9 30 polos por ano ap\u00f3s o credenciamento, enquanto universidades privadas com o mesmo conceito podem abrir at\u00e9 60 polos anuais ap\u00f3s o recredenciamento. Todas as institui\u00e7\u00f5es t\u00eam at\u00e9 20 de maio de 2027 para se adequar \u00e0s novas regras.<\/p>\n\n\n\n<p>Uma das novidades \u00e9 a possibilidade de compartilhamento de polos entre institui\u00e7\u00f5es, desde que uma delas seja credenciada apenas para atividades presenciais e o acordo seja formalizado por contrato registrado no MEC. Essa medida visa otimizar recursos e ampliar o acesso ao ensino superior, especialmente em regi\u00f5es menos atendidas. Al\u00e9m disso, os polos EAD passam a ter exig\u00eancias mais rigorosas de infraestrutura, como salas de estudo, laborat\u00f3rios (quando aplic\u00e1vel), internet de alta velocidade e acessibilidade, conforme a legisla\u00e7\u00e3o. Cada polo deve contar com um respons\u00e1vel designado para apoiar os alunos e gerenciar atividades acad\u00eamicas, refor\u00e7ando a qualidade e o suporte aos estudantes.<\/p>\n\n\n\n<h2 class=\"wp-block-heading\">Impactos e Reflex\u00f5es<\/h2>\n\n\n\n<p>As novas regras do MEC geram reflex\u00f5es sobre os rumos da educa\u00e7\u00e3o a dist\u00e2ncia no <a href=\"#brasil\" target=\"_blank\" rel=\"noreferrer noopener\">Brasil<\/a>. A exig\u00eancia de infraestrutura robusta e a presen\u00e7a de um respons\u00e1vel em cada polo indicam um esfor\u00e7o para elevar a qualidade do ensino. No entanto, o tratamento diferenciado entre universidades p\u00fablicas e privadas levanta quest\u00f5es importantes. A liberdade irrestrita dada \u00e0s p\u00fablicas contrasta com os limites impostos \u00e0s privadas, que muitas vezes se destacam pela agilidade em atender \u00e0s demandas do mercado. Ser\u00e1 que as universidades p\u00fablicas, frequentemente marcadas por processos lentos e burocr\u00e1ticos, conseguir\u00e3o aproveitar essa flexibilidade de forma eficiente? Ou correm o risco de uma expans\u00e3o desordenada, sem garantia de qualidade?<\/p>\n\n\n\n<p>Por outro lado, as institui\u00e7\u00f5es privadas, com limites claros, podem ter sua capacidade de inova\u00e7\u00e3o restringida. H\u00e1 ainda o risco de fechamento de polos que n\u00e3o cumpram as novas exig\u00eancias, impactando regi\u00f5es onde o EAD \u00e9 a principal porta de acesso ao ensino superior. Muitos alunos dessa modalidade j\u00e1 possuem smartphones ou computadores, usando os polos apenas em situa\u00e7\u00f5es espec\u00edficas. Assim, as regras podem acabar criando barreiras em vez de facilitar o acesso.<\/p>\n\n\n\n<p>Outro aspecto a considerar \u00e9 o contexto educacional mais amplo. Universidades p\u00fablicas s\u00e3o frequentemente associadas a debates sobre ideologias em sala de aula, enquanto as privadas tendem a focar em uma forma\u00e7\u00e3o alinhada ao mercado de trabalho. A pol\u00edtica de incentivo \u00e0s p\u00fablicas e conten\u00e7\u00e3o das privadas pode sugerir uma prefer\u00eancia por um modelo educacional espec\u00edfico, mas seria essa a inten\u00e7\u00e3o do MEC? A diferen\u00e7a de tratamento tamb\u00e9m levanta quest\u00f5es de equidade: as restri\u00e7\u00f5es \u00e0s privadas podem limitar sua competitividade, enquanto a aus\u00eancia de limites \u00e0s p\u00fablicas pode sobrecarregar sua gest\u00e3o.<\/p>\n\n\n\n<h2 class=\"wp-block-heading\">Conclus\u00e3o<\/h2>\n\n\n\n<p>As mudan\u00e7as trazidas pela Portaria MEC n\u00ba 506 buscam equilibrar a expans\u00e3o da educa\u00e7\u00e3o a dist\u00e2ncia com a qualidade do ensino. A possibilidade de compartilhamento de polos e as exig\u00eancias de infraestrutura mais robusta t\u00eam potencial para beneficiar os estudantes, especialmente em \u00e1reas remotas. Contudo, a disparidade entre p\u00fablicas e privadas gera debates sobre efici\u00eancia, acesso e qualidade. Essas regras fortalecem o EAD ou criam barreiras que favorecem um lado em detrimento do outro? A resposta n\u00e3o \u00e9 simples e exige um acompanhamento atento dos impactos at\u00e9 2027, quando as adequa\u00e7\u00f5es estar\u00e3o conclu\u00eddas. O di\u00e1logo sobre o futuro da educa\u00e7\u00e3o a dist\u00e2ncia no Brasil permanece essencial.<\/p>\n\n\n\n<p><strong>Fontes:<\/strong><\/p>\n\n\n\n<ul class=\"wp-block-list\">\n<li>Portaria MEC N\u00ba 506, de 10 de julho de 2025<\/li>\n\n\n\n<li>Decreto N\u00ba 12.456, de 19 de maio de 2025<\/li>\n<\/ul>\n","protected":false},"excerpt":{"rendered":"<p>O Minist\u00e9rio da Educa\u00e7\u00e3o (MEC) publicou, em 10 de julho de 2025, a Portaria MEC n\u00ba 506, regulamentando os polos de Educa\u00e7\u00e3o a Dist\u00e2ncia (EAD) no Brasil. Complementando o Decreto n\u00ba 12.456, de 19 de maio de 2025, a medida traz mudan\u00e7as significativas para o setor, especialmente na cria\u00e7\u00e3o de novos polos. Universidades p\u00fablicas agora&#8230;<\/p>\n","protected":false},"author":1,"featured_media":3889,"comment_status":"open","ping_status":"open","sticky":false,"template":"","format":"standard","meta":{"footnotes":""},"categories":[289],"tags":[22,31,52],"class_list":["post-3888","post","type-post","status-publish","format-standard","has-post-thumbnail","hentry","category-economia-negocios","tag-brasil","tag-educacao","tag-empreendedorismo"],"_links":{"self":[{"href":"https:\/\/cidadenoar.com\/global\/wp-json\/wp\/v2\/posts\/3888","targetHints":{"allow":["GET"]}}],"collection":[{"href":"https:\/\/cidadenoar.com\/global\/wp-json\/wp\/v2\/posts"}],"about":[{"href":"https:\/\/cidadenoar.com\/global\/wp-json\/wp\/v2\/types\/post"}],"author":[{"embeddable":true,"href":"https:\/\/cidadenoar.com\/global\/wp-json\/wp\/v2\/users\/1"}],"replies":[{"embeddable":true,"href":"https:\/\/cidadenoar.com\/global\/wp-json\/wp\/v2\/comments?post=3888"}],"version-history":[{"count":0,"href":"https:\/\/cidadenoar.com\/global\/wp-json\/wp\/v2\/posts\/3888\/revisions"}],"wp:featuredmedia":[{"embeddable":true,"href":"https:\/\/cidadenoar.com\/global\/wp-json\/wp\/v2\/media\/3889"}],"wp:attachment":[{"href":"https:\/\/cidadenoar.com\/global\/wp-json\/wp\/v2\/media?parent=3888"}],"wp:term":[{"taxonomy":"category","embeddable":true,"href":"https:\/\/cidadenoar.com\/global\/wp-json\/wp\/v2\/categories?post=3888"},{"taxonomy":"post_tag","embeddable":true,"href":"https:\/\/cidadenoar.com\/global\/wp-json\/wp\/v2\/tags?post=3888"}],"curies":[{"name":"wp","href":"https:\/\/api.w.org\/{rel}","templated":true}]}}