{"id":3945,"date":"2025-07-24T12:57:38","date_gmt":"2025-07-24T15:57:38","guid":{"rendered":"https:\/\/cidadenoar.com\/?p=3945"},"modified":"2025-07-26T18:12:25","modified_gmt":"2025-07-26T21:12:25","slug":"frente-fria-intensifica-demanda-por-aquecedores-e-fortalece-o-setor-de-climatizacao","status":"publish","type":"post","link":"https:\/\/cidadenoar.com\/global\/geral\/frente-fria-intensifica-demanda-por-aquecedores-e-fortalece-o-setor-de-climatizacao\/","title":{"rendered":"Frente fria intensifica demanda por aquecedores e fortalece o setor de climatiza\u00e7\u00e3o"},"content":{"rendered":"\n<p>O rigoroso inverno de 2025, agravado por uma forte frente fria entre os dias 30 de junho e 4 de julho, provocou quedas de temperatura nas regi\u00f5es Sul, Sudeste e Centro-Oeste do pa\u00eds. Como consequ\u00eancia direta, houve um aumento expressivo na demanda por aquecedores a g\u00e1s. Mesmo sendo um lan\u00e7amento, os produtos da Smart Air se destacaram pela inova\u00e7\u00e3o e efici\u00eancia, o que resultou em um crescimento significativo nas vendas, especialmente nos estados de S\u00e3o Paulo, Paran\u00e1, Rio Grande do Sul, Santa Catarina, Minas Gerais e Rio de Janeiro.<\/p>\n\n\n\n<p>Segundo Rafael Barbosa, CEO da Smart Air, o desempenho foi acima das expectativas. &#8220;Nosso portf\u00f3lio de aquecedores a g\u00e1s foi desenvolvido para atender a uma necessidade crescente por solu\u00e7\u00f5es eficientes em termos de energia e que ao mesmo tempo garantam conforto t\u00e9rmico. A resposta do mercado reflete o interesse por alternativas tecnol\u00f3gicas que tragam benef\u00edcios em termos de desempenho&#8221;, afirma.<\/p>\n\n\n\n<p>Com mais de uma d\u00e9cada de atua\u00e7\u00e3o no setor de climatiza\u00e7\u00e3o, a Smart Air j\u00e1 vinha se preparando para um inverno mais rigoroso, com investimentos em inova\u00e7\u00e3o e amplia\u00e7\u00e3o da linha de produtos. O lan\u00e7amento, que coincidiu com a frente fria, consolidou a presen\u00e7a da marca no mercado e ampliou sua visibilidade em um dos per\u00edodos mais desafiadores do ano.<\/p>\n\n\n\n<p>De acordo com a Defesa Civil, ao menos mais uma frente fria est\u00e1 prevista entre julho e agosto, o que deve manter o setor aquecido. Especialistas apontam que 2025 tende a ser um dos anos de maior crescimento para o mercado de climatiza\u00e7\u00e3o no Brasil.<\/p>\n\n\n\n<p>A empresa mant\u00e9m a inova\u00e7\u00e3o e a efici\u00eancia energ\u00e9tica como pilares estrat\u00e9gicos para sustentar seu crescimento. \u201cNosso foco \u00e9 oferecer solu\u00e7\u00f5es alinhadas \u00e0s demandas do consumidor moderno, com o menor impacto ambiental poss\u00edvel. O crescimento que observamos \u00e9 resultado direto da busca por tecnologias mais respons\u00e1veis\u201d, conclui Barbosa.<\/p>\n\n\n\n<p>Atenta \u00e0s tend\u00eancias de consumo e aos desafios das mudan\u00e7as clim\u00e1ticas, a Smart Air se consolida como refer\u00eancia em qualidade, inova\u00e7\u00e3o e responsabilidade ambiental no setor de climatiza\u00e7\u00e3o.<\/p>\n\n\n\n<p><strong>Sobre a Smart Air<\/strong><\/p>\n\n\n\n<p>Localizada em Barra Velha &#8211; SC, a Smart Air foi fundada em 2013 e desenvolveu uma ampla linha de climatizadores evaporativos que renovam o ar e promovem conforto t\u00e9rmico sem agredir o meio ambiente. Com aparelhos que atendem desde climatiza\u00e7\u00e3o residencial at\u00e9 ind\u00fastrias, a Smart Air se destaca por sua capacidade de oferecer solu\u00e7\u00f5es eficientes e sustent\u00e1veis que abrange todas as necessidades do mercado.<\/p>\n\n\n\n<figure class=\"wp-block-image size-large\"><img fetchpriority=\"high\" decoding=\"async\" width=\"768\" height=\"1024\" src=\"https:\/\/cidadenoar.com\/wp-content\/uploads\/sites\/22\/2025\/07\/Rafael-Barbosa-CEO-da-Smart-Air-afirma-que-a-resposta-do-mercado-tem-sido-extremamente-positiva.Foto-por-Felipe-Costa_Growth-Global-768x1024.jpeg\" alt=\"\" class=\"wp-image-3947\" title=\"\" srcset=\"https:\/\/cidadenoar.com\/global\/wp-content\/uploads\/sites\/22\/2025\/07\/Rafael-Barbosa-CEO-da-Smart-Air-afirma-que-a-resposta-do-mercado-tem-sido-extremamente-positiva.Foto-por-Felipe-Costa_Growth-Global-768x1024.jpeg 768w, https:\/\/cidadenoar.com\/global\/wp-content\/uploads\/sites\/22\/2025\/07\/Rafael-Barbosa-CEO-da-Smart-Air-afirma-que-a-resposta-do-mercado-tem-sido-extremamente-positiva.Foto-por-Felipe-Costa_Growth-Global-225x300.jpeg 225w, https:\/\/cidadenoar.com\/global\/wp-content\/uploads\/sites\/22\/2025\/07\/Rafael-Barbosa-CEO-da-Smart-Air-afirma-que-a-resposta-do-mercado-tem-sido-extremamente-positiva.Foto-por-Felipe-Costa_Growth-Global-1152x1536.jpeg 1152w, https:\/\/cidadenoar.com\/global\/wp-content\/uploads\/sites\/22\/2025\/07\/Rafael-Barbosa-CEO-da-Smart-Air-afirma-que-a-resposta-do-mercado-tem-sido-extremamente-positiva.Foto-por-Felipe-Costa_Growth-Global.jpeg 1200w\" sizes=\"(max-width: 768px) 100vw, 768px\" \/><figcaption class=\"wp-element-caption\"><em>Rafael Barbosa, CEO da Smart Air, afirma que a resposta do mercado tem sido extremamente positiva.Foto por Felipe Costa_Growth Global<\/em><\/figcaption><\/figure>\n","protected":false},"excerpt":{"rendered":"<p>Smart Air Climatizadores transforma o frio rigoroso de 2025 em oportunidade e consolida a estreia de seu novo produto no mercado<\/p>\n","protected":false},"author":23,"featured_media":3946,"comment_status":"open","ping_status":"open","sticky":false,"template":"","format":"standard","meta":{"footnotes":""},"categories":[1],"tags":[480,481,212],"class_list":["post-3945","post","type-post","status-publish","format-standard","has-post-thumbnail","hentry","category-geral","tag-climatizacao","tag-frente-fria","tag-smart-air"],"_links":{"self":[{"href":"https:\/\/cidadenoar.com\/global\/wp-json\/wp\/v2\/posts\/3945","targetHints":{"allow":["GET"]}}],"collection":[{"href":"https:\/\/cidadenoar.com\/global\/wp-json\/wp\/v2\/posts"}],"about":[{"href":"https:\/\/cidadenoar.com\/global\/wp-json\/wp\/v2\/types\/post"}],"author":[{"embeddable":true,"href":"https:\/\/cidadenoar.com\/global\/wp-json\/wp\/v2\/users\/23"}],"replies":[{"embeddable":true,"href":"https:\/\/cidadenoar.com\/global\/wp-json\/wp\/v2\/comments?post=3945"}],"version-history":[{"count":0,"href":"https:\/\/cidadenoar.com\/global\/wp-json\/wp\/v2\/posts\/3945\/revisions"}],"wp:featuredmedia":[{"embeddable":true,"href":"https:\/\/cidadenoar.com\/global\/wp-json\/wp\/v2\/media\/3946"}],"wp:attachment":[{"href":"https:\/\/cidadenoar.com\/global\/wp-json\/wp\/v2\/media?parent=3945"}],"wp:term":[{"taxonomy":"category","embeddable":true,"href":"https:\/\/cidadenoar.com\/global\/wp-json\/wp\/v2\/categories?post=3945"},{"taxonomy":"post_tag","embeddable":true,"href":"https:\/\/cidadenoar.com\/global\/wp-json\/wp\/v2\/tags?post=3945"}],"curies":[{"name":"wp","href":"https:\/\/api.w.org\/{rel}","templated":true}]}}