{"id":3952,"date":"2025-07-24T19:10:22","date_gmt":"2025-07-24T22:10:22","guid":{"rendered":"https:\/\/cidadenoar.com\/?p=3952"},"modified":"2025-07-26T17:41:37","modified_gmt":"2025-07-26T20:41:37","slug":"joinville-sedia-rodada-de-negocios-da-construcao-civil-e-conecta-fornecedores-a-25-grandes-construtoras","status":"publish","type":"post","link":"https:\/\/cidadenoar.com\/global\/economia-negocios\/joinville-sedia-rodada-de-negocios-da-construcao-civil-e-conecta-fornecedores-a-25-grandes-construtoras\/","title":{"rendered":"Joinville sedia Rodada de Neg\u00f3cios da Constru\u00e7\u00e3o Civil e conecta fornecedores a 25 grandes construtoras"},"content":{"rendered":"\n<p><strong>Evento reuniu mais de 70 empresas com objetivo de gerar neg\u00f3cios e fortalecer o setor<\/strong><\/p>\n\n\n\n<p>Empresas da cadeia produtiva da constru\u00e7\u00e3o civil participaram no dia 17 de julho de 2025 de uma intensa agenda de conex\u00f5es comerciais durante a <a href=\"https:\/\/cidadenoar.com\/construcao-civil\/rodada-de-negocios-da-construcao-civil-movimenta-setor-em-itapema-e-anuncia-novas-edicoes-em-outras-cidades\/\" target=\"_blank\" data-type=\"post\" data-id=\"3137\" rel=\"noreferrer noopener\">Rodada de Neg\u00f3cios<\/a> da Constru\u00e7\u00e3o Civil realizada em Joinville (SC). O evento, organizado por Rita Amato, reuniu <strong>25 construtoras representadas por engenheiros, gerentes de suprimentos, compradores e diretores<\/strong>, e mais de <strong>40 empresas fornecedoras de diversos segmentos<\/strong> ligados ao setor.<\/p>\n\n\n\n<p>O modelo da rodada segue um formato direto e eficaz: <strong>reuni\u00f5es presenciais de 10 minutos entre fornecedores e compradores<\/strong>, possibilitando a apresenta\u00e7\u00e3o de produtos, servi\u00e7os e solu\u00e7\u00f5es que atendem \u00e0s demandas reais das construtoras locais. A proposta \u00e9 gerar neg\u00f3cios de forma objetiva, diminuindo barreiras, encurtando o ciclo de vendas e fortalecendo os la\u00e7os entre empresas com alto potencial de parceria.<\/p>\n\n\n\n<blockquote class=\"wp-block-quote is-layout-flow wp-block-quote-is-layout-flow\">\n<p>&#8220;Muito importante a Rodada de Neg\u00f3cios da Constru\u00e7\u00e3o Civil em <a href=\"https:\/\/cidadenoar.com.br\" target=\"_blank\" rel=\"noreferrer noopener\">Joinville<\/a> para conectar bons fornecedores \u00e0s maiores e melhores construtoras da cidade. Excelente iniciativa que sempre ter\u00e1 o apoio e participa\u00e7\u00e3o das empresas associadas ao N\u00facleo de Constru\u00e7\u00e3o Civil da ACIJ&#8221;, afirmou o engenheiro <strong>Luiz Fernando Piva<\/strong>, presidente do N\u00facleo de Constru\u00e7\u00e3o Civil da Associa\u00e7\u00e3o Empresarial de Joinville (ACIJ).<\/p>\n<\/blockquote>\n\n\n\n<p>O evento gerou <strong>grandes expectativas e resultados promissores<\/strong>, tanto para empresas j\u00e1 consolidadas quanto para empreendedores em in\u00edcio de jornada. Para <strong>Marcelo Boaventura<\/strong>, por exemplo, a participa\u00e7\u00e3o em uma edi\u00e7\u00e3o anterior da rodada foi decisiva para uma virada de vida:<\/p>\n\n\n\n<blockquote class=\"wp-block-quote is-layout-flow wp-block-quote-is-layout-flow\">\n<p>\u201cEu era um empregado, funcion\u00e1rio, e um dia me comentaram sobre essa rodada. Parece que uma luz se acendeu e eu pensei: eu preciso participar disso. Eu queria empreender, mas n\u00e3o tinha condi\u00e7\u00f5es. Falei com meu patr\u00e3o pra participarmos juntos, eu pagando a metade. Convenci ele, participamos da rodada e fechamos muitos neg\u00f3cios. Com o tempo, consegui abrir meu pr\u00f3prio neg\u00f3cio na \u00e1rea de <strong>pinturas prediais<\/strong> e hoje atendo clientes em <a href=\"https:\/\/itapema.cidadenoar.com.br\" target=\"_blank\" rel=\"noreferrer noopener\">Itapema<\/a>, Itaja\u00ed e Governador Celso Ramos. A rodada foi muito importante para realizar meu sonho\u201d, contou emocionado.<\/p>\n<\/blockquote>\n\n\n\n<p>Al\u00e9m da oportunidade de neg\u00f3cios, o encontro tamb\u00e9m tem se mostrado um canal de visibilidade estrat\u00e9gica. Para <strong>Saymon<\/strong>, representante da empresa <strong>Ultraprotec<\/strong>, o momento foi prop\u00edcio para mostrar solu\u00e7\u00f5es diferenciadas em prote\u00e7\u00e3o e seguran\u00e7a na constru\u00e7\u00e3o civil. J\u00e1 para <strong>Andreia Sena<\/strong>, da empresa <strong>Kingspan &#8211; Isoeste<\/strong>, a troca de experi\u00eancias e a exposi\u00e7\u00e3o de solu\u00e7\u00f5es tecnol\u00f3gicas no setor de isolamento t\u00e9rmico e ac\u00fastico renderam contatos valiosos:<\/p>\n\n\n\n<blockquote class=\"wp-block-quote is-layout-flow wp-block-quote-is-layout-flow\">\n<p>\u201c\u00c9 sempre positivo estar em um ambiente onde o foco \u00e9 a constru\u00e7\u00e3o civil. S\u00e3o momentos que ampliam nossa rede, ajudam a refor\u00e7ar marca e nos aproximam de tomadores de decis\u00e3o de grandes obras\u201d, pontuou Andreia.<\/p>\n<\/blockquote>\n\n\n\n<p>O evento atraiu tanto estreantes quanto veteranos, como o empres\u00e1rio <strong>Bruno<\/strong>, que trabalha com <strong>churrasqueiras residenciais e para edif\u00edcios<\/strong>:<\/p>\n\n\n\n<blockquote class=\"wp-block-quote is-layout-flow wp-block-quote-is-layout-flow\">\n<p>\u201cJ\u00e1 participo h\u00e1 tr\u00eas anos. Vale muito a pena, especialmente para quem vende para condom\u00ednios e construtoras. Ganhamos tempo, agilidade e conseguimos falar diretamente com quem decide. \u00c9 mais assertivo do que visitas comerciais isoladas.\u201d<\/p>\n<\/blockquote>\n\n\n\n<p>Outro depoimento marcante foi da <strong>Michele Cristina Cetim<\/strong>, representante da <strong>Sicoob S\u00e3o Miguel<\/strong>, que participou pela primeira vez e se mostrou entusiasmada com a efetividade da iniciativa:<\/p>\n\n\n\n<blockquote class=\"wp-block-quote is-layout-flow wp-block-quote-is-layout-flow\">\n<p>\u201cEst\u00e1 valendo muito a participa\u00e7\u00e3o, pois conseguimos contato direto com tomadores de decis\u00e3o, mostramos como podemos apoiar as empresas com nossas solu\u00e7\u00f5es financeiras e ainda colhemos informa\u00e7\u00f5es valiosas sobre as necessidades do mercado. Vamos participar novamente com certeza.\u201d<\/p>\n<\/blockquote>\n\n\n\n<p>A idealizadora e organizadora do evento, <strong>Rita Amato<\/strong>, celebrou mais uma edi\u00e7\u00e3o bem-sucedida da rodada, que j\u00e1 passou por cidades como <strong>Florian\u00f3polis, Itaja\u00ed, Itapema e Chapec\u00f3<\/strong>, e segue conquistando espa\u00e7o em munic\u00edpios estrat\u00e9gicos da regi\u00e3o sul:<\/p>\n\n\n\n<blockquote class=\"wp-block-quote is-layout-flow wp-block-quote-is-layout-flow\">\n<p>\u201cNosso objetivo \u00e9 facilitar o acesso direto entre empresas que t\u00eam sinergia, mas que muitas vezes n\u00e3o se encontram no dia a dia. A rodada \u00e9 uma ponte que encurta esse caminho, com foco em neg\u00f3cios reais e resultados concretos\u201d, explicou.<\/p>\n<\/blockquote>\n\n\n\n<p>A agenda do dia em Joinville foi intensa, com rodadas de reuni\u00f5es durante todo o dia, al\u00e9m de <strong>momentos de integra\u00e7\u00e3o<\/strong>, como <strong>almo\u00e7o de confraterniza\u00e7\u00e3o e coffee break<\/strong>, fortalecendo o networking e as trocas informais entre os participantes.<\/p>\n\n\n\n<p>A <strong>Rodada de Neg\u00f3cios da Constru\u00e7\u00e3o Civil<\/strong> \u00e9 voltada a toda a cadeia produtiva do setor: de empresas fornecedoras de <strong>equipamentos, materiais, tecnologia e servi\u00e7os especializados<\/strong>, a <strong>construtoras, incorporadoras, arquitetos, engenheiros e consultores<\/strong> interessados em solu\u00e7\u00f5es inovadoras e novos parceiros.<\/p>\n\n\n\n<p>O sucesso da edi\u00e7\u00e3o em Joinville refor\u00e7a o potencial do formato como estrat\u00e9gia de desenvolvimento regional. Al\u00e9m de aproximar oferta e demanda, a iniciativa <strong>estimula o empreendedorismo, o surgimento de novas parcerias comerciais e fortalece a economia local<\/strong>. A expectativa \u00e9 de que novas edi\u00e7\u00f5es aconte\u00e7am ainda este ano em cidades como <strong>Curitiba, Balne\u00e1rio Cambori\u00fa, Itaja\u00ed, Blumenau e S\u00e3o Jos\u00e9<\/strong>, com a possibilidade de expans\u00e3o para outros estados.<\/p>\n\n\n\n<p>Ao final do encontro, a sensa\u00e7\u00e3o compartilhada por todos os presentes era de otimismo e oportunidades reais no horizonte. Para muitos, a rodada n\u00e3o \u00e9 apenas uma reuni\u00e3o de neg\u00f3cios: \u00e9 um marco de transforma\u00e7\u00e3o, crescimento e novas possibilidades.<\/p>\n\n\n\n<p>O evento contou com a parceria do Sinduscon Joinville, apoio institucional da ACIJ \u2013 N\u00facleo da Constru\u00e7\u00e3o Civil e da ACCA \u2013 Associa\u00e7\u00e3o Catarinense da Constru\u00e7\u00e3o, al\u00e9m do patroc\u00ednio do Sicoob.<\/p>\n","protected":false},"excerpt":{"rendered":"<p>Evento reuniu mais de 70 empresas com objetivo de gerar neg\u00f3cios e fortalecer o setor Empresas da cadeia produtiva da constru\u00e7\u00e3o civil participaram no dia 17 de julho de 2025 de uma intensa agenda de conex\u00f5es comerciais durante a Rodada de Neg\u00f3cios da Constru\u00e7\u00e3o Civil realizada em Joinville (SC). O evento, organizado por Rita Amato,&#8230;<\/p>\n","protected":false},"author":1,"featured_media":3953,"comment_status":"open","ping_status":"open","sticky":false,"template":"","format":"standard","meta":{"footnotes":""},"categories":[289],"tags":[36,52],"class_list":["post-3952","post","type-post","status-publish","format-standard","has-post-thumbnail","hentry","category-economia-negocios","tag-economia","tag-empreendedorismo"],"_links":{"self":[{"href":"https:\/\/cidadenoar.com\/global\/wp-json\/wp\/v2\/posts\/3952","targetHints":{"allow":["GET"]}}],"collection":[{"href":"https:\/\/cidadenoar.com\/global\/wp-json\/wp\/v2\/posts"}],"about":[{"href":"https:\/\/cidadenoar.com\/global\/wp-json\/wp\/v2\/types\/post"}],"author":[{"embeddable":true,"href":"https:\/\/cidadenoar.com\/global\/wp-json\/wp\/v2\/users\/1"}],"replies":[{"embeddable":true,"href":"https:\/\/cidadenoar.com\/global\/wp-json\/wp\/v2\/comments?post=3952"}],"version-history":[{"count":0,"href":"https:\/\/cidadenoar.com\/global\/wp-json\/wp\/v2\/posts\/3952\/revisions"}],"wp:featuredmedia":[{"embeddable":true,"href":"https:\/\/cidadenoar.com\/global\/wp-json\/wp\/v2\/media\/3953"}],"wp:attachment":[{"href":"https:\/\/cidadenoar.com\/global\/wp-json\/wp\/v2\/media?parent=3952"}],"wp:term":[{"taxonomy":"category","embeddable":true,"href":"https:\/\/cidadenoar.com\/global\/wp-json\/wp\/v2\/categories?post=3952"},{"taxonomy":"post_tag","embeddable":true,"href":"https:\/\/cidadenoar.com\/global\/wp-json\/wp\/v2\/tags?post=3952"}],"curies":[{"name":"wp","href":"https:\/\/api.w.org\/{rel}","templated":true}]}}