{"id":4646,"date":"2025-07-28T10:00:00","date_gmt":"2025-07-28T13:00:00","guid":{"rendered":"https:\/\/cidadenoar.com\/?p=4646"},"modified":"2025-07-29T17:03:34","modified_gmt":"2025-07-29T20:03:34","slug":"vektor-energia-apresenta-solucoes-para-o-setor-hoteleiro-no-36o-encatho-exprotel","status":"publish","type":"post","link":"https:\/\/cidadenoar.com\/global\/economia-negocios\/vektor-energia-apresenta-solucoes-para-o-setor-hoteleiro-no-36o-encatho-exprotel\/","title":{"rendered":"Vektor Energia apresenta solu\u00e7\u00f5es para o setor hoteleiro no 36\u00ba Encatho &amp; Exprotel"},"content":{"rendered":"\n<p>A Vektor Energia, gestora independente de energia com sede em Joinville (SC), estar\u00e1 presente na 36\u00aa edi\u00e7\u00e3o do Encatho &amp; Exprotel, que inicia nesta ter\u00e7a-feira (29) e segue at\u00e9 quinta-feira, 31 de julho, no CentroSul, em Florian\u00f3polis. Refer\u00eancia em gest\u00e3o estrat\u00e9gica de energia no mercado livre, a empresa j\u00e1 atendeu mais de 500 clientes em todo o Brasil, com mais de R$300 milh\u00f5es em economia gerada desde sua funda\u00e7\u00e3o, em 2019.<\/p>\n\n\n\n<p>Durante o evento, a equipe da Vektor receber\u00e1 os visitantes em seu estande para apresentar solu\u00e7\u00f5es voltadas \u00e0 efici\u00eancia energ\u00e9tica e \u00e0 redu\u00e7\u00e3o de custos no setor hoteleiro. Entre os destaques est\u00e3o as simula\u00e7\u00f5es de economia em tempo real para empreendimentos interessados em migrar para o mercado livre de energia, al\u00e9m de modelos de gera\u00e7\u00e3o distribu\u00edda que oferecem economia sem a necessidade de investimento inicial. <strong>A empresa tamb\u00e9m apresentar\u00e1 sua solu\u00e7\u00e3o de carregadores veiculares para hot\u00e9is<\/strong>, voltada \u00e0 moderniza\u00e7\u00e3o da infraestrutura com foco em sustentabilidade e atendimento \u00e0 demanda crescente por ve\u00edculos el\u00e9tricos.<\/p>\n\n\n\n<p>A presen\u00e7a da Vektor ocorre em um momento estrat\u00e9gico, em que o setor el\u00e9trico brasileiro passa por mudan\u00e7as significativas. A Medida Provis\u00f3ria 1300\/2025, atualmente em tramita\u00e7\u00e3o no Congresso, prop\u00f5e a abertura total do mercado livre de energia, a cria\u00e7\u00e3o de uma nova tarifa social e a redistribui\u00e7\u00e3o dos encargos entre consumidores dos ambientes regulado e livre. Essas transforma\u00e7\u00f5es ampliam as oportunidades para que empresas da \u00e1rea de hospedagem busquem alternativas mais vantajosas e previs\u00edveis de fornecimento de energia.<\/p>\n\n\n\n<p>\u201cCom as mudan\u00e7as regulat\u00f3rias em discuss\u00e3o, o momento \u00e9 ideal para que o setor de hospedagem compreenda o potencial de economia e competitividade proporcionado pelo mercado livre. Estaremos no evento com uma equipe preparada para esclarecer d\u00favidas e realizar simula\u00e7\u00f5es em tempo real\u201d, afirma Sandro Bittencourt de Souza, CEO e s\u00f3cio-fundador da Vektor Energia.<\/p>\n\n\n\n<p><strong>Podcast&nbsp;<\/strong><\/p>\n\n\n\n<p>No dia 30 de julho, quarta-feira, \u00e0s 11h, a Vektor Energia participar\u00e1 ao vivo de um <a href=\"https:\/\/forms.gle\/FuDGAn1uEMGT8oDn8\" target=\"_blank\" rel=\"noopener\">podcast<\/a> com o tema \u201cO Futuro da Energia na Hotelaria\u201d. O bate-papo reunir\u00e1 Sandro Bittencourt, CEO da Vektor Energia; Allan Kreuz, Diretor Regional da ABIH-SC; e Marcos Hardt, Diretor de Opera\u00e7\u00f5es da ABIH-H. O encontro vai debater os rumos do setor el\u00e9trico e os impactos das mudan\u00e7as regulat\u00f3rias na gest\u00e3o energ\u00e9tica dos hot\u00e9is.<\/p>\n\n\n\n<p><strong>Sobre o Encatho &amp; Exprotel<\/strong>Promovido pela ABIH-SC (Associa\u00e7\u00e3o Brasileira da Ind\u00fastria de Hot\u00e9is de Santa Catarina), o Encatho &amp; Exprotel chega \u00e0 sua 36\u00aa edi\u00e7\u00e3o consolidado como o principal encontro da hotelaria e turismo do Sul do Brasil. A entrada \u00e9 gratuita, com inscri\u00e7\u00f5es dispon\u00edveis no <a href=\"https:\/\/encatho.com.br\/\" target=\"_blank\" rel=\"noopener\">site oficial do evento<\/a>.<\/p>\n","protected":false},"excerpt":{"rendered":"<p>Empresa de Joinville leva ao evento em Florian\u00f3polis tecnologias voltadas \u00e0 redu\u00e7\u00e3o de custos com energia, incluindo gera\u00e7\u00e3o distribu\u00edda e carregadores veiculares para hot\u00e9is<\/p>\n","protected":false},"author":23,"featured_media":4661,"comment_status":"open","ping_status":"open","sticky":false,"template":"","format":"standard","meta":{"footnotes":""},"categories":[289],"tags":[],"class_list":["post-4646","post","type-post","status-publish","format-standard","has-post-thumbnail","hentry","category-economia-negocios"],"_links":{"self":[{"href":"https:\/\/cidadenoar.com\/global\/wp-json\/wp\/v2\/posts\/4646","targetHints":{"allow":["GET"]}}],"collection":[{"href":"https:\/\/cidadenoar.com\/global\/wp-json\/wp\/v2\/posts"}],"about":[{"href":"https:\/\/cidadenoar.com\/global\/wp-json\/wp\/v2\/types\/post"}],"author":[{"embeddable":true,"href":"https:\/\/cidadenoar.com\/global\/wp-json\/wp\/v2\/users\/23"}],"replies":[{"embeddable":true,"href":"https:\/\/cidadenoar.com\/global\/wp-json\/wp\/v2\/comments?post=4646"}],"version-history":[{"count":0,"href":"https:\/\/cidadenoar.com\/global\/wp-json\/wp\/v2\/posts\/4646\/revisions"}],"wp:featuredmedia":[{"embeddable":true,"href":"https:\/\/cidadenoar.com\/global\/wp-json\/wp\/v2\/media\/4661"}],"wp:attachment":[{"href":"https:\/\/cidadenoar.com\/global\/wp-json\/wp\/v2\/media?parent=4646"}],"wp:term":[{"taxonomy":"category","embeddable":true,"href":"https:\/\/cidadenoar.com\/global\/wp-json\/wp\/v2\/categories?post=4646"},{"taxonomy":"post_tag","embeddable":true,"href":"https:\/\/cidadenoar.com\/global\/wp-json\/wp\/v2\/tags?post=4646"}],"curies":[{"name":"wp","href":"https:\/\/api.w.org\/{rel}","templated":true}]}}