{"id":4650,"date":"2025-07-29T14:56:08","date_gmt":"2025-07-29T17:56:08","guid":{"rendered":"https:\/\/cidadenoar.com\/?p=4650"},"modified":"2025-07-29T17:44:12","modified_gmt":"2025-07-29T20:44:12","slug":"reforma-tributaria-muito-alem-da-arrecadacao-a-gestao-publica-em-transformacao","status":"publish","type":"post","link":"https:\/\/cidadenoar.com\/global\/geral\/reforma-tributaria-muito-alem-da-arrecadacao-a-gestao-publica-em-transformacao\/","title":{"rendered":"Artigo: Reforma Tribut\u00e1ria: muito al\u00e9m da arrecada\u00e7\u00e3o, a gest\u00e3o p\u00fablica em transforma\u00e7\u00e3o"},"content":{"rendered":"\n<p>Muito se fala sobre os efeitos da Reforma Tribut\u00e1ria na arrecada\u00e7\u00e3o dos entes federativos. Mas pouco se ouve \u2014 especialmente nas altas esferas \u2014 sobre os impactos profundos que essa transforma\u00e7\u00e3o causar\u00e1 no funcionamento das estruturas t\u00e9cnicas que sustentam a gest\u00e3o fiscal dos Estados. A Secretaria de Estado da Fazenda de Santa Catarina vai muito al\u00e9m da fiscaliza\u00e7\u00e3o. Ela abriga um ecossistema complexo, onde atuam profissionais respons\u00e1veis por garantir que o dinheiro p\u00fablico seja corretamente planejado, executado e prestado contas.<\/p>\n\n\n\n<p>Os Auditores Estaduais de Finan\u00e7as P\u00fablicas t\u00eam um papel central nesse processo. S\u00e3o eles que constroem o or\u00e7amento, monitoram diariamente os limites fiscais, controlam o fluxo financeiro do Estado, asseguram a conformidade cont\u00e1bil, consolidam as contas p\u00fablicas e elaboram todos os relat\u00f3rios fiscais exigidos pela legisla\u00e7\u00e3o. Essa atua\u00e7\u00e3o silenciosa, mas essencial, \u00e9 o que d\u00e1 sustenta\u00e7\u00e3o \u00e0 credibilidade das finan\u00e7as estaduais \u2014 tanto interna quanto externamente.<\/p>\n\n\n\n<p>A aprova\u00e7\u00e3o da Reforma Tribut\u00e1ria, com a cria\u00e7\u00e3o do IBS e da CBS, imp\u00f5e uma verdadeira reengenharia nos sistemas de gest\u00e3o p\u00fablica. A arrecada\u00e7\u00e3o passa a ser nacionalizada, a previsibilidade da receita se torna mais complexa e os repasses depender\u00e3o de novos mecanismos de apura\u00e7\u00e3o e distribui\u00e7\u00e3o. Esse cen\u00e1rio exige uma profunda reestrutura\u00e7\u00e3o das rotinas de planejamento, contabilidade, execu\u00e7\u00e3o or\u00e7ament\u00e1ria e controle fiscal.<\/p>\n\n\n\n<p>Essas transforma\u00e7\u00f5es aumentam significativamente a complexidade das tarefas e refor\u00e7am a import\u00e2ncia da atua\u00e7\u00e3o dos Auditores de Finan\u00e7as. No entanto, nem sempre essas \u00e1reas recebem a aten\u00e7\u00e3o que merecem por parte da alta gest\u00e3o das Secretarias de Estado da Fazenda, apesar de sua relev\u00e2ncia para o equil\u00edbrio das contas p\u00fablicas e a manuten\u00e7\u00e3o da confian\u00e7a nos dados oficiais.<\/p>\n\n\n\n<p>Diante desse cen\u00e1rio, o SINDAF-SC, em parceria com o CRCSC, promove no m\u00eas de agosto o evento \u201cReforma Tribut\u00e1ria e os Impactos no Setor P\u00fablico\u201d. Voltado a profissionais das \u00e1reas de finan\u00e7as, or\u00e7amento, contabilidade, tesouro e controle, o encontro ser\u00e1 uma oportunidade para aprofundar o debate t\u00e9cnico, compartilhar experi\u00eancias e fortalecer a prepara\u00e7\u00e3o da administra\u00e7\u00e3o p\u00fablica para essa nova realidade.<\/p>\n\n\n\n<p>A Reforma Tribut\u00e1ria n\u00e3o se limita \u00e0 mudan\u00e7a da estrutura de arrecada\u00e7\u00e3o: ela demanda capacidade t\u00e9cnica, articula\u00e7\u00e3o institucional e vis\u00e3o sist\u00eamica. Fortalecer os profissionais que atuam na engrenagem da gest\u00e3o fiscal \u00e9 essencial para que essa transi\u00e7\u00e3o se concretize com responsabilidade e solidez. Como dizemos no slogan do SINDAF-SC, seguimos \u201cconstruindo juntos\u201d.<\/p>\n\n\n\n<p>*<strong><em>Por Sandro Medeiros Alves, Auditor Estadual de Finan\u00e7as P\u00fablicas, Presidente do SINDAF-SC<\/em><\/strong><\/p>\n","protected":false},"excerpt":{"rendered":"<p>Por Sandro Medeiros Alves, Auditor Estadual de Finan\u00e7as P\u00fablicas, Presidente do SINDAF-SC<\/p>\n","protected":false},"author":23,"featured_media":4651,"comment_status":"open","ping_status":"open","sticky":false,"template":"","format":"standard","meta":{"footnotes":""},"categories":[1],"tags":[296,511,510,512,513,88,342,509],"class_list":["post-4650","post","type-post","status-publish","format-standard","has-post-thumbnail","hentry","category-geral","tag-artigo","tag-auditor-de-financas","tag-auditores-estaduais-de-financas-publicas","tag-reforma-tributaria-2","tag-sandro-medeiros-alves","tag-santa-catarina","tag-sindaf","tag-sindaf-sc"],"_links":{"self":[{"href":"https:\/\/cidadenoar.com\/global\/wp-json\/wp\/v2\/posts\/4650","targetHints":{"allow":["GET"]}}],"collection":[{"href":"https:\/\/cidadenoar.com\/global\/wp-json\/wp\/v2\/posts"}],"about":[{"href":"https:\/\/cidadenoar.com\/global\/wp-json\/wp\/v2\/types\/post"}],"author":[{"embeddable":true,"href":"https:\/\/cidadenoar.com\/global\/wp-json\/wp\/v2\/users\/23"}],"replies":[{"embeddable":true,"href":"https:\/\/cidadenoar.com\/global\/wp-json\/wp\/v2\/comments?post=4650"}],"version-history":[{"count":0,"href":"https:\/\/cidadenoar.com\/global\/wp-json\/wp\/v2\/posts\/4650\/revisions"}],"wp:featuredmedia":[{"embeddable":true,"href":"https:\/\/cidadenoar.com\/global\/wp-json\/wp\/v2\/media\/4651"}],"wp:attachment":[{"href":"https:\/\/cidadenoar.com\/global\/wp-json\/wp\/v2\/media?parent=4650"}],"wp:term":[{"taxonomy":"category","embeddable":true,"href":"https:\/\/cidadenoar.com\/global\/wp-json\/wp\/v2\/categories?post=4650"},{"taxonomy":"post_tag","embeddable":true,"href":"https:\/\/cidadenoar.com\/global\/wp-json\/wp\/v2\/tags?post=4650"}],"curies":[{"name":"wp","href":"https:\/\/api.w.org\/{rel}","templated":true}]}}