{"id":4792,"date":"2025-08-04T14:16:08","date_gmt":"2025-08-04T17:16:08","guid":{"rendered":"https:\/\/cidadenoar.com\/?p=4792"},"modified":"2025-08-04T14:16:12","modified_gmt":"2025-08-04T17:16:12","slug":"vektor-aposta-em-solucoes-para-carros-eletricos-e-projeta-crescimento-de-22-em-2025","status":"publish","type":"post","link":"https:\/\/cidadenoar.com\/global\/economia-negocios\/vektor-aposta-em-solucoes-para-carros-eletricos-e-projeta-crescimento-de-22-em-2025\/","title":{"rendered":"Vektor aposta em solu\u00e7\u00f5es para carros el\u00e9tricos e projeta crescimento de 22% em 2025"},"content":{"rendered":"\n<p>A transi\u00e7\u00e3o energ\u00e9tica e o avan\u00e7o dos ve\u00edculos el\u00e9tricos ganharam protagonismo na edi\u00e7\u00e3o 2025 da Encatho &amp; Exprotel, tradicional evento voltado ao setor hoteleiro realizado em Florian\u00f3polis (SC) na \u00faltima semana. Entre os expositores que se destacaram est\u00e1 a&nbsp;<a href=\"http:\/\/instagram.com\/vektorenergia\" target=\"_blank\" rel=\"noreferrer noopener\">Vektor Energia<\/a>, gestora de energia de Joinville que tem apostado em ampliar seu portf\u00f3lio de solu\u00e7\u00f5es, com foco em carregamento veicular, gera\u00e7\u00e3o distribu\u00edda e novos modelos de gest\u00e3o para o mercado de energia.<\/p>\n\n\n\n<p>Esta foi a quarta participa\u00e7\u00e3o consecutiva da empresa no evento, e, segundo o CEO da Vektor, Sandro Bittencourt de Souza, a edi\u00e7\u00e3o marcou uma virada estrat\u00e9gica para atender a demandas reais dos clientes.<\/p>\n\n\n\n<p>\u201cA maior procura por carregadores para carros el\u00e9tricos veio dos nossos pr\u00f3prios clientes. Muitos hoteleiros nos relataram perda de h\u00f3spedes justamente por n\u00e3o oferecerem essa estrutura. Foi a partir dessa demanda que nos unimos \u00e0 Automa, uma startup catarinense pioneira no desenvolvimento de carregadores 100% nacionais\u201d, explica Sandro.<\/p>\n\n\n\n<p><strong>Menos de 10% dos hot\u00e9is catarinenses t\u00eam carregadores<\/strong><\/p>\n\n\n\n<p>Dados levantados pela pr\u00f3pria Vektor mostram o tamanho do desafio \u2014 e da oportunidade: dos cerca de 1.200 hot\u00e9is e pousadas de Santa Catarina, apenas 85 j\u00e1 possuem carregadores para carros el\u00e9tricos. Destes, somente cinco s\u00e3o empreendimentos de alto padr\u00e3o.<\/p>\n\n\n\n<p>A parceria com a Automa, oficializada comercialmente durante a \u00faltima edi\u00e7\u00e3o da ExpoGest\u00e3o, prev\u00ea a instala\u00e7\u00e3o de carregadores inteligentes, com suporte t\u00e9cnico local e integra\u00e7\u00e3o via aplicativo, permitindo que o h\u00f3spede acompanhe o carregamento diretamente do quarto.<\/p>\n\n\n\n<p>\u201cAtualmente, o Brasil conta com cerca de 250 mil carros el\u00e9tricos. Santa Catarina j\u00e1 \u00e9 o quinto maior mercado do pa\u00eds, e os hoteleiros est\u00e3o atentos a esse movimento. Por isso, nos unimos \u00e0 Automa para atender essa demanda\u201d, destaca o executivo.<\/p>\n\n\n\n<p>A expectativa da Vektor Energia \u00e9 triplicar o n\u00famero de hot\u00e9is atendidos at\u00e9 2027, com uma meta inicial de instalar a solu\u00e7\u00e3o em 50 unidades j\u00e1 presentes na carteira da Vektor. Em dois dias de feira, foram captadas cerca de 40 solicita\u00e7\u00f5es de estudo de viabilidade para novas instala\u00e7\u00f5es.<\/p>\n\n\n\n<p><strong>Solu\u00e7\u00f5es para resid\u00eancias e empreendimentos menores<\/strong><\/p>\n\n\n\n<p>Durante a Encatho, a Vektor tamb\u00e9m apresentou seu novo programa de Gera\u00e7\u00e3o Distribu\u00edda, voltado a resid\u00eancias, pousadas, restaurantes e pequenos com\u00e9rcios conectados \u00e0 rede de baixa tens\u00e3o, um p\u00fablico que ainda n\u00e3o pode migrar para o Mercado Livre de Energia.<\/p>\n\n\n\n<p>\u201cO programa \u00e9 uma alternativa para quem n\u00e3o quer ou n\u00e3o pode investir em energia solar. Esses consumidores se vinculam a uma usina espec\u00edfica, e tudo o que ela injeta na rede gera cr\u00e9ditos proporcionais \u00e0 energia consumida. N\u00e3o \u00e9 uma venda direta, mas um modelo de cr\u00e9dito\u201d, explica Sandro.<\/p>\n\n\n\n<p>A economia \u00e9 garantida e pode chegar a 20%, variando conforme a bandeira tarif\u00e1ria. \u201c\u00c9 uma solu\u00e7\u00e3o simples, sem investimento inicial e com previsibilidade de economia\u201d, completa o executivo.<\/p>\n\n\n\n<p><strong>Proje\u00e7\u00e3o de crescimento e foco no longo prazo<\/strong><\/p>\n\n\n\n<p>A Vektor projeta crescimento entre 20% e 22% em 2025, principalmente em n\u00famero de clientes. Hoje, a empresa atende cerca de 500 empresas, sendo que 10% pertencem ao setor hoteleiro, um percentual que a empresa pretende expandir gradualmente.<\/p>\n\n\n\n<p>Com foco na gest\u00e3o inteligente de energia, na conectividade das solu\u00e7\u00f5es e na confian\u00e7a do p\u00f3s-venda, a Vektor refor\u00e7a sua atua\u00e7\u00e3o como uma gestora independente que prioriza o&nbsp;<em>timing<\/em>&nbsp;certo para cada cliente.<\/p>\n\n\n\n<p>\u201cMais do que vender energia, nosso objetivo \u00e9 entregar solu\u00e7\u00f5es completas, com transpar\u00eancia e sustentabilidade. Estamos criando uma base s\u00f3lida para o futuro da mobilidade el\u00e9trica e da energia descentralizada em Santa Catarina\u201d, conclui o CEO.<\/p>\n","protected":false},"excerpt":{"rendered":"<p>Empresa de Joinville (SC) marcou presen\u00e7a na Encatho &amp; Exprotel, em Florian\u00f3polis, com foco em carregadores veiculares para o setor hoteleiro e gera\u00e7\u00e3o distribu\u00edda<\/p>\n","protected":false},"author":23,"featured_media":4793,"comment_status":"open","ping_status":"open","sticky":false,"template":"","format":"standard","meta":{"footnotes":""},"categories":[289],"tags":[545,122,276],"class_list":["post-4792","post","type-post","status-publish","format-standard","has-post-thumbnail","hentry","category-economia-negocios","tag-exprotel","tag-sustentabilidade","tag-vektor"],"_links":{"self":[{"href":"https:\/\/cidadenoar.com\/global\/wp-json\/wp\/v2\/posts\/4792","targetHints":{"allow":["GET"]}}],"collection":[{"href":"https:\/\/cidadenoar.com\/global\/wp-json\/wp\/v2\/posts"}],"about":[{"href":"https:\/\/cidadenoar.com\/global\/wp-json\/wp\/v2\/types\/post"}],"author":[{"embeddable":true,"href":"https:\/\/cidadenoar.com\/global\/wp-json\/wp\/v2\/users\/23"}],"replies":[{"embeddable":true,"href":"https:\/\/cidadenoar.com\/global\/wp-json\/wp\/v2\/comments?post=4792"}],"version-history":[{"count":2,"href":"https:\/\/cidadenoar.com\/global\/wp-json\/wp\/v2\/posts\/4792\/revisions"}],"predecessor-version":[{"id":4795,"href":"https:\/\/cidadenoar.com\/global\/wp-json\/wp\/v2\/posts\/4792\/revisions\/4795"}],"wp:featuredmedia":[{"embeddable":true,"href":"https:\/\/cidadenoar.com\/global\/wp-json\/wp\/v2\/media\/4793"}],"wp:attachment":[{"href":"https:\/\/cidadenoar.com\/global\/wp-json\/wp\/v2\/media?parent=4792"}],"wp:term":[{"taxonomy":"category","embeddable":true,"href":"https:\/\/cidadenoar.com\/global\/wp-json\/wp\/v2\/categories?post=4792"},{"taxonomy":"post_tag","embeddable":true,"href":"https:\/\/cidadenoar.com\/global\/wp-json\/wp\/v2\/tags?post=4792"}],"curies":[{"name":"wp","href":"https:\/\/api.w.org\/{rel}","templated":true}]}}