{"id":4818,"date":"2025-08-05T15:41:52","date_gmt":"2025-08-05T18:41:52","guid":{"rendered":"https:\/\/cidadenoar.com\/?p=4818"},"modified":"2025-08-05T15:49:04","modified_gmt":"2025-08-05T18:49:04","slug":"com-fabrica-em-brusque-fischer-transforma-o-dia-dos-pais-em-celebracao-de-memorias-e-convivencia","status":"publish","type":"post","link":"https:\/\/cidadenoar.com\/global\/economia-negocios\/com-fabrica-em-brusque-fischer-transforma-o-dia-dos-pais-em-celebracao-de-memorias-e-convivencia\/","title":{"rendered":"Com f\u00e1brica em Brusque, Fischer transforma o Dia dos Pais em celebra\u00e7\u00e3o de mem\u00f3rias e conviv\u00eancia"},"content":{"rendered":"\n<p>A Fischer, marca brasileira com mais de cinco d\u00e9cadas de tradi\u00e7\u00e3o no setor de eletrodom\u00e9sticos, apresenta a campanha \u201cDia dos Pais com Fischer \u00e9 muito mais que um dia\u201d. A a\u00e7\u00e3o transforma a data em uma oportunidade para criar mem\u00f3rias, destacando a import\u00e2ncia do tempo de qualidade entre pais e filhos para al\u00e9m do domingo que se celebra o dia dos pais, em 10 de agosto.<\/p>\n\n\n\n<p>A campanha desenvolvida em conjunto com a Ag\u00eancia Exit prop\u00f5e uma nova forma de celebrar, com produtos que v\u00e3o al\u00e9m da utilidade funcional, convidando a compartilhar momentos em fam\u00edlia na cozinha e na churrasqueira.<\/p>\n\n\n\n<p>Entre os destaques est\u00e1 a nova&nbsp;<strong>Churrasqueira a G\u00e1s Fischer Ranch 3 Espetos<\/strong>, nas vers\u00f5es de embutir e de bancada. Os modelos trazem espetos rotativos, queimadores infravermelhos, portas que ret\u00eam calor e acionamento autom\u00e1tico, refor\u00e7ando o clima de confraterniza\u00e7\u00e3o ao redor da mesa.<\/p>\n\n\n\n<p>Outra sugest\u00e3o \u00e9 a&nbsp;<strong>Cervejeira Fischer Infinity Multi 92L<\/strong>, com controle de temperatura de -6\u202f\u00b0C a 18\u202f\u00b0C, sistema Frost Free, fun\u00e7\u00e3o SuperFrost e modo ECO. O modelo se adapta a diferentes estilos de uso, podendo funcionar como cervejeira, adega ou frigobar com eleg\u00e2ncia e efici\u00eancia.<\/p>\n\n\n\n<p>\u201cNa Fischer, sabemos que a verdadeira durabilidade nasce quando qualidade e afeto caminham juntos. Os produtos podem durar anos, mas os momentos vividos em fam\u00edlia permanecem por toda a vida. O Dia dos Pais \u00e9 um convite para refor\u00e7ar essas conex\u00f5es com gestos que unem gera\u00e7\u00f5es. \u00c9 nisso que acreditamos, em construir valor que atravessa o tempo\u201d, afirma Karin Fischer, diretora comercial e de marketing da marca.<\/p>\n\n\n\n<p>A nova campanha refor\u00e7a o posicionamento da empresa ao unir tecnologia, praticidade e afeto. Mais do que atender necessidades do dia a dia, os produtos Fischer acompanham hist\u00f3rias e fortalecem v\u00ednculos.<\/p>\n\n\n\n<p><strong>Sobre a Fischer<br><\/strong>A Fischer \u00e9 uma das maiores ind\u00fastrias brasileiras nos segmentos de eletrodom\u00e9sticos e constru\u00e7\u00e3o civil. Fundada em 1966 em Brusque (SC), a marca \u00e9 refer\u00eancia em inova\u00e7\u00e3o, qualidade e design, sendo pioneira na fabrica\u00e7\u00e3o de cooktops no pa\u00eds. Com um moderno parque industrial de mais de 150 mil m\u00b2, presen\u00e7a em todo o Brasil e Mercosul, a Fischer oferece um portf\u00f3lio com mais de 180 produtos que aliam tecnologia, sofistica\u00e7\u00e3o e praticidade, levando funcionalidade e estilo a milhares de lares.<\/p>\n","protected":false},"excerpt":{"rendered":"<p>Campanha ressignifica a data e refor\u00e7a estrat\u00e9gia da marca de conectar tecnologia e design com experi\u00eancias familiares<\/p>\n","protected":false},"author":23,"featured_media":4819,"comment_status":"open","ping_status":"open","sticky":false,"template":"","format":"standard","meta":{"footnotes":""},"categories":[289],"tags":[200,551,383],"class_list":["post-4818","post","type-post","status-publish","format-standard","has-post-thumbnail","hentry","category-economia-negocios","tag-brusque","tag-dia-dos-pais","tag-fischer"],"_links":{"self":[{"href":"https:\/\/cidadenoar.com\/global\/wp-json\/wp\/v2\/posts\/4818","targetHints":{"allow":["GET"]}}],"collection":[{"href":"https:\/\/cidadenoar.com\/global\/wp-json\/wp\/v2\/posts"}],"about":[{"href":"https:\/\/cidadenoar.com\/global\/wp-json\/wp\/v2\/types\/post"}],"author":[{"embeddable":true,"href":"https:\/\/cidadenoar.com\/global\/wp-json\/wp\/v2\/users\/23"}],"replies":[{"embeddable":true,"href":"https:\/\/cidadenoar.com\/global\/wp-json\/wp\/v2\/comments?post=4818"}],"version-history":[{"count":2,"href":"https:\/\/cidadenoar.com\/global\/wp-json\/wp\/v2\/posts\/4818\/revisions"}],"predecessor-version":[{"id":4821,"href":"https:\/\/cidadenoar.com\/global\/wp-json\/wp\/v2\/posts\/4818\/revisions\/4821"}],"wp:featuredmedia":[{"embeddable":true,"href":"https:\/\/cidadenoar.com\/global\/wp-json\/wp\/v2\/media\/4819"}],"wp:attachment":[{"href":"https:\/\/cidadenoar.com\/global\/wp-json\/wp\/v2\/media?parent=4818"}],"wp:term":[{"taxonomy":"category","embeddable":true,"href":"https:\/\/cidadenoar.com\/global\/wp-json\/wp\/v2\/categories?post=4818"},{"taxonomy":"post_tag","embeddable":true,"href":"https:\/\/cidadenoar.com\/global\/wp-json\/wp\/v2\/tags?post=4818"}],"curies":[{"name":"wp","href":"https:\/\/api.w.org\/{rel}","templated":true}]}}