{"id":4822,"date":"2025-08-05T16:35:05","date_gmt":"2025-08-05T19:35:05","guid":{"rendered":"https:\/\/cidadenoar.com\/?p=4822"},"modified":"2025-08-05T16:51:59","modified_gmt":"2025-08-05T19:51:59","slug":"alex-ferrer-estreia-com-sucesso-a-sua-feijoada-do-ferrer-em-balneario-camboriu","status":"publish","type":"post","link":"https:\/\/cidadenoar.com\/global\/geral\/alex-ferrer-estreia-com-sucesso-a-sua-feijoada-do-ferrer-em-balneario-camboriu\/","title":{"rendered":"Alex Ferrer estreia com sucesso a sua \u201cFeijoada do Ferrer\u201d, em Balne\u00e1rio Cambori\u00fa"},"content":{"rendered":"\n<p>As preces de Alex Ferrer foram atendidas e no \u00faltimo dia 26 de julho a cidade de Balne\u00e1rio Cambori\u00fa amanheceu com sol &#8211; o \u00fanico \u201cingrediente\u201d que ainda n\u00e3o estava confirmado para garantir o clima perfeito para a realiza\u00e7\u00e3o da primeira edi\u00e7\u00e3o da \u201cFeijoada do Ferrer\u201d, evento que j\u00e1 estreou pra l\u00e1 de concorrido e com convidados estrelados no beach club Amait\u00e9 Praia. Como j\u00e1 era de se esperar, os ingressos esgotaram dias antes do evento, que recebeu convidados da imprensa, amigos famosos do promoter e muita gente bonita.<\/p>\n\n\n\n<p>Como j\u00e1 \u00e9 de praxe nos eventos com assinatura do jornalista, RP e assessor de imprensa, a feijoada foi marcada pela chegada de carros luxuosos, al\u00e9m de helic\u00f3pteros trazendo convidados de diferentes regi\u00f5es, como Blumenau, Joinville, Chapec\u00f3, Ca\u00e7ador e Tubar\u00e3o, em Santa Catarina; e de outras partes do pa\u00eds, incluindo Curitiba, Foz do Igua\u00e7u, S\u00e3o Paulo e Bras\u00edlia. De acordo com Ferrer, houve quem aterrissou com o pr\u00f3prio jatinho para comparecer ao evento.<\/p>\n\n\n\n<p>A feijoada foi embalada pelo trio Soul In Groove e, de surpresa, os convidados curtiram a apresenta\u00e7\u00e3o da bateria Floripa SC, com passistas dan\u00e7ando ao som de enredos de escolas de samba. A festa come\u00e7ou cedo, \u00e0s 11h30, e seguiu noite adentro, com direito a um sunset de cinema.<\/p>\n\n\n\n<p>Compareceram na primeira Feijoada do Ferrer o Secret\u00e1rio de Turismo de BC, Evandro Neiva, e a prefeita do munic\u00edpio, Juliana Pavan, que inclusive anunciou o evento como integrante do calend\u00e1rio oficial de celebra\u00e7\u00f5es pelo anivers\u00e1rio da cidade a partir de 2026. A prefeita chegou a discursar, enaltecendo a relev\u00e2ncia da atua\u00e7\u00e3o de Alex Ferrer para a regi\u00e3o.<\/p>\n\n\n\n<p>\u201cJ\u00e1 estou empolgado para o ano que vem, e muito feliz. A festa n\u00e3o foi s\u00f3 uma celebra\u00e7\u00e3o, mas algo muito importante, pois al\u00e9m de reunir pessoas, com diferentes conex\u00f5es, foi uma forma de gerar renda, desde a pessoa que colheu o feij\u00e3o, at\u00e9 quem fez a seguran\u00e7a e serviu os convidados na festa\u201d, disse o anfitri\u00e3o.<\/p>\n\n\n\n<p>Leandro Nascimento, propriet\u00e1rio do beach club Amait\u00e9 Praia, estava feliz e orgulhoso de seu empreendimento ter sido o cen\u00e1rio para o evento.<\/p>\n\n\n\n<p>Alex Ferrer chegou \u00e0 festa em uma Ferrari modelo Spider 458, branca, convers\u00edvel e brincou que o modelo era para combinar com sua roupa.<\/p>\n\n\n\n<p>A festa foi apresentada pelo Colinas de Cambori\u00fa e teve o apoio de Balne\u00e1rio Shopping, Decorferro, Paula Torres, Loulou Optique, Breton, Residual Arte Design, Lembre Lembre, Wyfly Helic\u00f3pteros, Arte \u00e0 Mesa e Hotel Brava Mundo.<\/p>\n\n\n\n<figure class=\"wp-block-gallery has-nested-images columns-default is-cropped wp-block-gallery-1 is-layout-flex wp-block-gallery-is-layout-flex\">\n<figure class=\"wp-block-image size-large\"><img fetchpriority=\"high\" decoding=\"async\" width=\"683\" height=\"1024\" data-id=\"4827\" src=\"https:\/\/cidadenoar.com\/wp-content\/uploads\/sites\/22\/2025\/08\/Juliana-Pavan-e-Alex-Ferrer-1-683x1024.jpg\" alt=\"\" class=\"wp-image-4827\" title=\"\" srcset=\"https:\/\/cidadenoar.com\/global\/wp-content\/uploads\/sites\/22\/2025\/08\/Juliana-Pavan-e-Alex-Ferrer-1-683x1024.jpg 683w, https:\/\/cidadenoar.com\/global\/wp-content\/uploads\/sites\/22\/2025\/08\/Juliana-Pavan-e-Alex-Ferrer-1-200x300.jpg 200w, https:\/\/cidadenoar.com\/global\/wp-content\/uploads\/sites\/22\/2025\/08\/Juliana-Pavan-e-Alex-Ferrer-1-768x1152.jpg 768w, https:\/\/cidadenoar.com\/global\/wp-content\/uploads\/sites\/22\/2025\/08\/Juliana-Pavan-e-Alex-Ferrer-1-1024x1536.jpg 1024w, https:\/\/cidadenoar.com\/global\/wp-content\/uploads\/sites\/22\/2025\/08\/Juliana-Pavan-e-Alex-Ferrer-1-1366x2048.jpg 1366w, https:\/\/cidadenoar.com\/global\/wp-content\/uploads\/sites\/22\/2025\/08\/Juliana-Pavan-e-Alex-Ferrer-1-scaled.jpg 1707w\" sizes=\"(max-width: 683px) 100vw, 683px\" \/><figcaption class=\"wp-element-caption\">Juliana Pavan e Alex Ferrer<\/figcaption><\/figure>\n\n\n\n<figure class=\"wp-block-image size-large\"><img decoding=\"async\" width=\"682\" height=\"1024\" data-id=\"4825\" src=\"https:\/\/cidadenoar.com\/wp-content\/uploads\/sites\/22\/2025\/08\/Promotor-de-justica-Cesar-Engel-e-Aline-Comelli-682x1024.jpg\" alt=\"\" class=\"wp-image-4825\" title=\"\" srcset=\"https:\/\/cidadenoar.com\/global\/wp-content\/uploads\/sites\/22\/2025\/08\/Promotor-de-justica-Cesar-Engel-e-Aline-Comelli-682x1024.jpg 682w, https:\/\/cidadenoar.com\/global\/wp-content\/uploads\/sites\/22\/2025\/08\/Promotor-de-justica-Cesar-Engel-e-Aline-Comelli-200x300.jpg 200w, https:\/\/cidadenoar.com\/global\/wp-content\/uploads\/sites\/22\/2025\/08\/Promotor-de-justica-Cesar-Engel-e-Aline-Comelli-768x1153.jpg 768w, https:\/\/cidadenoar.com\/global\/wp-content\/uploads\/sites\/22\/2025\/08\/Promotor-de-justica-Cesar-Engel-e-Aline-Comelli-1023x1536.jpg 1023w, https:\/\/cidadenoar.com\/global\/wp-content\/uploads\/sites\/22\/2025\/08\/Promotor-de-justica-Cesar-Engel-e-Aline-Comelli.jpg 1066w\" sizes=\"(max-width: 682px) 100vw, 682px\" \/><figcaption class=\"wp-element-caption\">Promotor de justi\u00e7a C\u00e9sar Engel e Aline\u00a0Comelli<\/figcaption><\/figure>\n\n\n\n<figure class=\"wp-block-image size-large\"><img decoding=\"async\" width=\"683\" height=\"1024\" data-id=\"4829\" src=\"https:\/\/cidadenoar.com\/wp-content\/uploads\/sites\/22\/2025\/08\/O-ator-e-influencer-Thomaz-Costa-com-Alex-Ferrer-683x1024.jpg\" alt=\"\" class=\"wp-image-4829\" title=\"\" srcset=\"https:\/\/cidadenoar.com\/global\/wp-content\/uploads\/sites\/22\/2025\/08\/O-ator-e-influencer-Thomaz-Costa-com-Alex-Ferrer-683x1024.jpg 683w, https:\/\/cidadenoar.com\/global\/wp-content\/uploads\/sites\/22\/2025\/08\/O-ator-e-influencer-Thomaz-Costa-com-Alex-Ferrer-200x300.jpg 200w, https:\/\/cidadenoar.com\/global\/wp-content\/uploads\/sites\/22\/2025\/08\/O-ator-e-influencer-Thomaz-Costa-com-Alex-Ferrer-768x1152.jpg 768w, https:\/\/cidadenoar.com\/global\/wp-content\/uploads\/sites\/22\/2025\/08\/O-ator-e-influencer-Thomaz-Costa-com-Alex-Ferrer-1024x1536.jpg 1024w, https:\/\/cidadenoar.com\/global\/wp-content\/uploads\/sites\/22\/2025\/08\/O-ator-e-influencer-Thomaz-Costa-com-Alex-Ferrer-1366x2048.jpg 1366w, https:\/\/cidadenoar.com\/global\/wp-content\/uploads\/sites\/22\/2025\/08\/O-ator-e-influencer-Thomaz-Costa-com-Alex-Ferrer-scaled.jpg 1707w\" sizes=\"(max-width: 683px) 100vw, 683px\" \/><figcaption class=\"wp-element-caption\">O ator e influencer Thom\u00e1z\u00a0Costa com Alex Ferrer<\/figcaption><\/figure>\n\n\n\n<figure class=\"wp-block-image size-large\"><img loading=\"lazy\" decoding=\"async\" width=\"1024\" height=\"682\" data-id=\"4826\" src=\"https:\/\/cidadenoar.com\/wp-content\/uploads\/sites\/22\/2025\/08\/O-secretario-de-turismo-de-BC-Evandro-Neiva-e-a-esposa-Ivana-Reis-1024x682.jpg\" alt=\"\" class=\"wp-image-4826\" title=\"\" srcset=\"https:\/\/cidadenoar.com\/global\/wp-content\/uploads\/sites\/22\/2025\/08\/O-secretario-de-turismo-de-BC-Evandro-Neiva-e-a-esposa-Ivana-Reis-1024x682.jpg 1024w, https:\/\/cidadenoar.com\/global\/wp-content\/uploads\/sites\/22\/2025\/08\/O-secretario-de-turismo-de-BC-Evandro-Neiva-e-a-esposa-Ivana-Reis-300x200.jpg 300w, https:\/\/cidadenoar.com\/global\/wp-content\/uploads\/sites\/22\/2025\/08\/O-secretario-de-turismo-de-BC-Evandro-Neiva-e-a-esposa-Ivana-Reis-768x512.jpg 768w, https:\/\/cidadenoar.com\/global\/wp-content\/uploads\/sites\/22\/2025\/08\/O-secretario-de-turismo-de-BC-Evandro-Neiva-e-a-esposa-Ivana-Reis-1536x1023.jpg 1536w, https:\/\/cidadenoar.com\/global\/wp-content\/uploads\/sites\/22\/2025\/08\/O-secretario-de-turismo-de-BC-Evandro-Neiva-e-a-esposa-Ivana-Reis-820x545.jpg 820w, https:\/\/cidadenoar.com\/global\/wp-content\/uploads\/sites\/22\/2025\/08\/O-secretario-de-turismo-de-BC-Evandro-Neiva-e-a-esposa-Ivana-Reis-600x400.jpg 600w, https:\/\/cidadenoar.com\/global\/wp-content\/uploads\/sites\/22\/2025\/08\/O-secretario-de-turismo-de-BC-Evandro-Neiva-e-a-esposa-Ivana-Reis.jpg 1600w\" sizes=\"(max-width: 1024px) 100vw, 1024px\" \/><figcaption class=\"wp-element-caption\">O secret\u00e1rio de turismo de BC Evandro Neiva e a esposa\u00a0Ivana\u00a0Reis<\/figcaption><\/figure>\n\n\n\n<figure class=\"wp-block-image size-large\"><img loading=\"lazy\" decoding=\"async\" width=\"683\" height=\"1024\" data-id=\"4828\" src=\"https:\/\/cidadenoar.com\/wp-content\/uploads\/sites\/22\/2025\/08\/Guilherme-Wenukka-e-e-Fernanda-Flavia-Silva-nova-superintendente-do-Balneario-shopping-683x1024.jpg\" alt=\"\" class=\"wp-image-4828\" title=\"\" srcset=\"https:\/\/cidadenoar.com\/global\/wp-content\/uploads\/sites\/22\/2025\/08\/Guilherme-Wenukka-e-e-Fernanda-Flavia-Silva-nova-superintendente-do-Balneario-shopping-683x1024.jpg 683w, https:\/\/cidadenoar.com\/global\/wp-content\/uploads\/sites\/22\/2025\/08\/Guilherme-Wenukka-e-e-Fernanda-Flavia-Silva-nova-superintendente-do-Balneario-shopping-200x300.jpg 200w, https:\/\/cidadenoar.com\/global\/wp-content\/uploads\/sites\/22\/2025\/08\/Guilherme-Wenukka-e-e-Fernanda-Flavia-Silva-nova-superintendente-do-Balneario-shopping-768x1152.jpg 768w, https:\/\/cidadenoar.com\/global\/wp-content\/uploads\/sites\/22\/2025\/08\/Guilherme-Wenukka-e-e-Fernanda-Flavia-Silva-nova-superintendente-do-Balneario-shopping-1024x1536.jpg 1024w, https:\/\/cidadenoar.com\/global\/wp-content\/uploads\/sites\/22\/2025\/08\/Guilherme-Wenukka-e-e-Fernanda-Flavia-Silva-nova-superintendente-do-Balneario-shopping-1366x2048.jpg 1366w, https:\/\/cidadenoar.com\/global\/wp-content\/uploads\/sites\/22\/2025\/08\/Guilherme-Wenukka-e-e-Fernanda-Flavia-Silva-nova-superintendente-do-Balneario-shopping-scaled.jpg 1707w\" sizes=\"(max-width: 683px) 100vw, 683px\" \/><figcaption class=\"wp-element-caption\">Guilherme Wenukka e e Fernanda Fl\u00e1via Silva, nova superintendente do Balne\u00e1rio\u00a0shopping<\/figcaption><\/figure>\n\n\n\n<figure class=\"wp-block-image size-large\"><img loading=\"lazy\" decoding=\"async\" width=\"683\" height=\"1024\" data-id=\"4824\" src=\"https:\/\/cidadenoar.com\/wp-content\/uploads\/sites\/22\/2025\/08\/Gustavo-Mendonca-e-sua-esposa-a-russa-Marina-Zheltova-683x1024.jpg\" alt=\"\" class=\"wp-image-4824\" title=\"\" srcset=\"https:\/\/cidadenoar.com\/global\/wp-content\/uploads\/sites\/22\/2025\/08\/Gustavo-Mendonca-e-sua-esposa-a-russa-Marina-Zheltova-683x1024.jpg 683w, https:\/\/cidadenoar.com\/global\/wp-content\/uploads\/sites\/22\/2025\/08\/Gustavo-Mendonca-e-sua-esposa-a-russa-Marina-Zheltova-200x300.jpg 200w, https:\/\/cidadenoar.com\/global\/wp-content\/uploads\/sites\/22\/2025\/08\/Gustavo-Mendonca-e-sua-esposa-a-russa-Marina-Zheltova-768x1151.jpg 768w, https:\/\/cidadenoar.com\/global\/wp-content\/uploads\/sites\/22\/2025\/08\/Gustavo-Mendonca-e-sua-esposa-a-russa-Marina-Zheltova.jpg 854w\" sizes=\"(max-width: 683px) 100vw, 683px\" \/><figcaption class=\"wp-element-caption\">Gustavo Mendon\u00e7a e sua esposa a russa Marina\u00a0Zheltova<\/figcaption><\/figure>\n<\/figure>\n","protected":false},"excerpt":{"rendered":"<p>Festa, que movimentou o Amait\u00e9 Praia, entrar\u00e1 para o calend\u00e1rio de eventos do anivers\u00e1rio da cidade, anunciou a Prefeita Juliana Pavan<\/p>\n","protected":false},"author":23,"featured_media":4823,"comment_status":"open","ping_status":"open","sticky":false,"template":"","format":"standard","meta":{"footnotes":""},"categories":[1],"tags":[552,409,380],"class_list":["post-4822","post","type-post","status-publish","format-standard","has-post-thumbnail","hentry","category-geral","tag-alex-ferrer","tag-bc","tag-feijoada"],"_links":{"self":[{"href":"https:\/\/cidadenoar.com\/global\/wp-json\/wp\/v2\/posts\/4822","targetHints":{"allow":["GET"]}}],"collection":[{"href":"https:\/\/cidadenoar.com\/global\/wp-json\/wp\/v2\/posts"}],"about":[{"href":"https:\/\/cidadenoar.com\/global\/wp-json\/wp\/v2\/types\/post"}],"author":[{"embeddable":true,"href":"https:\/\/cidadenoar.com\/global\/wp-json\/wp\/v2\/users\/23"}],"replies":[{"embeddable":true,"href":"https:\/\/cidadenoar.com\/global\/wp-json\/wp\/v2\/comments?post=4822"}],"version-history":[{"count":2,"href":"https:\/\/cidadenoar.com\/global\/wp-json\/wp\/v2\/posts\/4822\/revisions"}],"predecessor-version":[{"id":4833,"href":"https:\/\/cidadenoar.com\/global\/wp-json\/wp\/v2\/posts\/4822\/revisions\/4833"}],"wp:featuredmedia":[{"embeddable":true,"href":"https:\/\/cidadenoar.com\/global\/wp-json\/wp\/v2\/media\/4823"}],"wp:attachment":[{"href":"https:\/\/cidadenoar.com\/global\/wp-json\/wp\/v2\/media?parent=4822"}],"wp:term":[{"taxonomy":"category","embeddable":true,"href":"https:\/\/cidadenoar.com\/global\/wp-json\/wp\/v2\/categories?post=4822"},{"taxonomy":"post_tag","embeddable":true,"href":"https:\/\/cidadenoar.com\/global\/wp-json\/wp\/v2\/tags?post=4822"}],"curies":[{"name":"wp","href":"https:\/\/api.w.org\/{rel}","templated":true}]}}