{"id":4855,"date":"2025-08-07T16:33:54","date_gmt":"2025-08-07T19:33:54","guid":{"rendered":"https:\/\/cidadenoar.com\/?p=4855"},"modified":"2025-08-07T16:34:11","modified_gmt":"2025-08-07T19:34:11","slug":"desperte-sua-mente-para-o-futuro-saiba-como-crescer-com-inteligencia","status":"publish","type":"post","link":"https:\/\/cidadenoar.com\/global\/geral\/desperte-sua-mente-para-o-futuro-saiba-como-crescer-com-inteligencia\/","title":{"rendered":"Desperte sua mente para o futuro: saiba como crescer com intelig\u00eancia"},"content":{"rendered":"\n<p>Diante do compromisso de entregar eventos de aquecimento para o Festival Conecta+, que este ano ser\u00e1 realizado nos dias 12 e 13 de setembro, em S\u00e3o Jos\u00e9, o Movimento Conecta+ realiza, no dia 12 de agosto, uma imers\u00e3o exclusiva no universo da Intelig\u00eancia Artificial e da mentalidade de crescimento, com a participa\u00e7\u00e3o de dois especialistas que est\u00e3o na linha de frente da inova\u00e7\u00e3o.<\/p>\n\n\n\n<p>A palestra ser\u00e1 dividida em dois momentos. Marcelo Luiz abordar\u00e1 o tema &#8220;Mentalidade de Sucesso e Gest\u00e3o Inteligente&#8221;, trazendo reflex\u00f5es pr\u00e1ticas sobre lideran\u00e7a, crescimento pessoal e tomadas de decis\u00e3o estrat\u00e9gicas. Na sequ\u00eancia, Andr\u00e9 Cardia apresentar\u00e1 &#8220;Intelig\u00eancia Artificial para Neg\u00f3cios&#8221;, com foco em como aplicar a IA de forma pr\u00e1tica e estrat\u00e9gica para impulsionar resultados em empresas de diferentes segmentos.<\/p>\n\n\n\n<p>\u201c<em>Estamos vivendo uma transforma\u00e7\u00e3o decisiva no universo dos neg\u00f3cios e da sociedade, e compreender o impacto da IA nesse contexto \u00e9 essencial para quem deseja se manter competitivo e relevante. O evento \u00e9 gratuito porque acreditamos que o futuro deve ser constru\u00eddo de maneira colaborativa e acess\u00edvel<\/em>\u201d, ressalta Marcelo.<\/p>\n\n\n\n<p>Andr\u00e9 Cardia complementa afirmando que \u201c<em>quem n\u00e3o dominar a Intelig\u00eancia Artificial hoje j\u00e1 est\u00e1 sendo substitu\u00eddo por algu\u00e9m que utiliza essa tecnologia no dia a dia. Essa realidade \u00e9 urgente e n\u00e3o espera. A diferen\u00e7a entre continuar relevante ou tornar-se obsoleto est\u00e1, cada vez mais, na habilidade de aprender, experimentar e integrar a IA ao seu repert\u00f3rio<\/em>. \u201d<\/p>\n\n\n\n<p>Por isso, o encontro tem como objetivo fornecer conhecimento pr\u00e1tico, com insights valiosos de profissionais que atuam diretamente com IA e gest\u00e3o, auxiliando empreendedores e especialistas a desenvolver uma mentalidade de crescimento, tomar decis\u00f5es mais estrat\u00e9gicas e se destacar em um mercado cada vez mais competitivo. O evento ocorrer\u00e1 das 8h \u00e0s 11h30, no cinema do Shopping Itagua\u00e7u, em S\u00e3o Jos\u00e9 (SC). Apesar de gratuita, a participa\u00e7\u00e3o tem vagas limitadas.<\/p>\n\n\n\n<p><strong>O Festival<\/strong><\/p>\n\n\n\n<p>A trajet\u00f3ria do Conecta+ \u00e9 marcada por um crescimento expressivo e consistente. Em 2025, o festival se transforma em um verdadeiro movimento. A programa\u00e7\u00e3o incluir\u00e1 mais de 25 palestrantes e comunicadores, mais de 30 empresas locais apoiadoras, 40 estandes na feira de neg\u00f3cios e expectativa de alcan\u00e7ar mais de 15 mil pessoas, um crescimento de 2.043% em rela\u00e7\u00e3o \u00e0 edi\u00e7\u00e3o inaugural. Somente a feira de neg\u00f3cios ter\u00e1 uma expans\u00e3o de 150% em compara\u00e7\u00e3o com o ano passado, refor\u00e7ando seu papel como um espa\u00e7o estrat\u00e9gico de gera\u00e7\u00e3o de conex\u00f5es, parcerias e oportunidades.<\/p>\n\n\n\n<figure class=\"wp-block-image size-large\"><img fetchpriority=\"high\" decoding=\"async\" width=\"576\" height=\"1024\" src=\"https:\/\/cidadenoar.com\/wp-content\/uploads\/sites\/22\/2025\/08\/banner_IA-576x1024.jpeg\" alt=\"\" class=\"wp-image-4857\" title=\"\" srcset=\"https:\/\/cidadenoar.com\/global\/wp-content\/uploads\/sites\/22\/2025\/08\/banner_IA-576x1024.jpeg 576w, https:\/\/cidadenoar.com\/global\/wp-content\/uploads\/sites\/22\/2025\/08\/banner_IA-169x300.jpeg 169w, https:\/\/cidadenoar.com\/global\/wp-content\/uploads\/sites\/22\/2025\/08\/banner_IA.jpeg 720w\" sizes=\"(max-width: 576px) 100vw, 576px\" \/><\/figure>\n\n\n\n<p><strong><u>Servi\u00e7o:<\/u><\/strong><\/p>\n\n\n\n<p>O qu\u00ea: Palestra \u201cIntelig\u00eancias Artificiais e Agentes de IA\u201d<\/p>\n\n\n\n<p>Quando: 12 de agosto (ter\u00e7a-feira), das 8h \u00e0s 11h30<\/p>\n\n\n\n<p>Onde: Cinema do Shopping Itagua\u00e7u \u2013 S\u00e3o Jos\u00e9 (SC)<\/p>\n\n\n\n<p>Quanto: Evento gratuito \u2013 vagas limitadas<\/p>\n\n\n\n<p>Inscri\u00e7\u00f5es: link na bio @eventoconectamai<\/p>\n","protected":false},"excerpt":{"rendered":"<p>Especialistas apresentam aplica\u00e7\u00f5es pr\u00e1ticas de IA e mentalidade de sucesso em evento gratuito promovido pelo Movimento Conecta+<\/p>\n","protected":false},"author":23,"featured_media":4856,"comment_status":"open","ping_status":"open","sticky":false,"template":"","format":"standard","meta":{"footnotes":""},"categories":[1],"tags":[559,399,439],"class_list":["post-4855","post","type-post","status-publish","format-standard","has-post-thumbnail","hentry","category-geral","tag-andre-luiz","tag-conecta","tag-ia"],"_links":{"self":[{"href":"https:\/\/cidadenoar.com\/global\/wp-json\/wp\/v2\/posts\/4855","targetHints":{"allow":["GET"]}}],"collection":[{"href":"https:\/\/cidadenoar.com\/global\/wp-json\/wp\/v2\/posts"}],"about":[{"href":"https:\/\/cidadenoar.com\/global\/wp-json\/wp\/v2\/types\/post"}],"author":[{"embeddable":true,"href":"https:\/\/cidadenoar.com\/global\/wp-json\/wp\/v2\/users\/23"}],"replies":[{"embeddable":true,"href":"https:\/\/cidadenoar.com\/global\/wp-json\/wp\/v2\/comments?post=4855"}],"version-history":[{"count":1,"href":"https:\/\/cidadenoar.com\/global\/wp-json\/wp\/v2\/posts\/4855\/revisions"}],"predecessor-version":[{"id":4858,"href":"https:\/\/cidadenoar.com\/global\/wp-json\/wp\/v2\/posts\/4855\/revisions\/4858"}],"wp:featuredmedia":[{"embeddable":true,"href":"https:\/\/cidadenoar.com\/global\/wp-json\/wp\/v2\/media\/4856"}],"wp:attachment":[{"href":"https:\/\/cidadenoar.com\/global\/wp-json\/wp\/v2\/media?parent=4855"}],"wp:term":[{"taxonomy":"category","embeddable":true,"href":"https:\/\/cidadenoar.com\/global\/wp-json\/wp\/v2\/categories?post=4855"},{"taxonomy":"post_tag","embeddable":true,"href":"https:\/\/cidadenoar.com\/global\/wp-json\/wp\/v2\/tags?post=4855"}],"curies":[{"name":"wp","href":"https:\/\/api.w.org\/{rel}","templated":true}]}}