{"id":4891,"date":"2025-08-08T17:37:31","date_gmt":"2025-08-08T20:37:31","guid":{"rendered":"https:\/\/cidadenoar.com\/?p=4891"},"modified":"2025-08-08T17:37:34","modified_gmt":"2025-08-08T20:37:34","slug":"fort-atacadista-realiza-festival-dos-vinhos-na-loja-de-rio-do-sul-neste-sabado","status":"publish","type":"post","link":"https:\/\/cidadenoar.com\/global\/geral\/fort-atacadista-realiza-festival-dos-vinhos-na-loja-de-rio-do-sul-neste-sabado\/","title":{"rendered":"Fort Atacadista realiza Festival dos Vinhos na loja de Rio do Sul neste s\u00e1bado"},"content":{"rendered":"\n<p><br>Neste s\u00e1bado, 9 de agosto, os amantes de vinho e curiosos pelo universo da enogastronomia ter\u00e3o um motivo a mais para visitar o Fort Atacadista de Rio do Sul. A unidade da rede vai receber uma edi\u00e7\u00e3o do\u00a0<strong>Festival dos Vinhos<\/strong>, evento gratuito que promete proporcionar uma verdadeira imers\u00e3o sensorial com\u00a0<strong>degusta\u00e7\u00f5es de vinhos, espumantes, queijos, embutidos, massas e outras del\u00edcias<\/strong>, al\u00e9m de\u00a0<strong>m\u00fasica ao vivo<\/strong>\u00a0ao longo do dia.<\/p>\n\n\n\n<p>Com o objetivo de apresentar ao p\u00fablico diferentes estilos e r\u00f3tulos de vinhos, o Festival ocorre das\u00a0<strong>10h \u00e0s 17h<\/strong>, na loja localizada na\u00a0<strong>BR-470, km 141, n\u00ba 6380, bairro Canta Galo<\/strong>. O evento \u00e9\u00a0<strong>aberto ao p\u00fablico<\/strong>\u00a0e ideal tanto para quem j\u00e1 aprecia um bom vinho quanto para quem deseja aprender mais sobre harmoniza\u00e7\u00f5es e combina\u00e7\u00f5es na pr\u00e1tica.<\/p>\n\n\n\n<p>Sucesso de p\u00fablico por onde passa, o Festival dos Vinhos j\u00e1 foi realizado em diversas cidades de Santa Catarina, como\u00a0<strong>Florian\u00f3polis, Palho\u00e7a, Joinville e Chapec\u00f3<\/strong>, sempre com grande ades\u00e3o e elogios do p\u00fablico. A proposta \u00e9\u00a0<strong>democratizar o consumo de vinhos<\/strong>\u00a0e mostrar que \u00e9 poss\u00edvel apreciar a bebida de forma\u00a0<strong>descomplicada, acess\u00edvel e prazerosa<\/strong>.<\/p>\n\n\n\n<p>Al\u00e9m da programa\u00e7\u00e3o especial, o Fort Atacadista tamb\u00e9m preparou condi\u00e7\u00f5es exclusivas para quem quiser aproveitar e renovar a adega de casa. At\u00e9 o dia\u00a0<strong>31 de agosto<\/strong>, durante toda a\u00a0<strong>campanha Mundo dos Vinhos<\/strong>, todos os vinhos e espumantes dispon\u00edveis na\u00a0<strong>Adega Fort<\/strong>\u00a0estar\u00e3o com\u00a0<strong>parcelamento em at\u00e9 10 vezes sem juros no Vuon Card<\/strong>, o cart\u00e3o de cr\u00e9dito exclusivo da rede.<\/p>\n\n\n\n<p>Promovido pela rede de atacarejo do\u00a0<strong>Grupo Pereira<\/strong>, o evento une boa m\u00fasica, sabores marcantes e momentos de confraterniza\u00e7\u00e3o, transformando as compras do fim de semana em uma experi\u00eancia diferenciada para toda a comunidade.<\/p>\n\n\n\n<figure class=\"wp-block-image size-large\"><img fetchpriority=\"high\" decoding=\"async\" width=\"1024\" height=\"683\" src=\"https:\/\/cidadenoar.com\/wp-content\/uploads\/sites\/22\/2025\/08\/2-_-Alem-de-vinhos-degustacoes-de-massas-molhos-e-queijos-tambem-marcam-o-Festival-deste-sabado-13-em-Balneario-Camboriu-_-Foto-Junior-Somensi-1024x683.jpg\" alt=\"\" class=\"wp-image-4894\" title=\"\" srcset=\"https:\/\/cidadenoar.com\/global\/wp-content\/uploads\/sites\/22\/2025\/08\/2-_-Alem-de-vinhos-degustacoes-de-massas-molhos-e-queijos-tambem-marcam-o-Festival-deste-sabado-13-em-Balneario-Camboriu-_-Foto-Junior-Somensi-1024x683.jpg 1024w, https:\/\/cidadenoar.com\/global\/wp-content\/uploads\/sites\/22\/2025\/08\/2-_-Alem-de-vinhos-degustacoes-de-massas-molhos-e-queijos-tambem-marcam-o-Festival-deste-sabado-13-em-Balneario-Camboriu-_-Foto-Junior-Somensi-300x200.jpg 300w, https:\/\/cidadenoar.com\/global\/wp-content\/uploads\/sites\/22\/2025\/08\/2-_-Alem-de-vinhos-degustacoes-de-massas-molhos-e-queijos-tambem-marcam-o-Festival-deste-sabado-13-em-Balneario-Camboriu-_-Foto-Junior-Somensi-768x512.jpg 768w, https:\/\/cidadenoar.com\/global\/wp-content\/uploads\/sites\/22\/2025\/08\/2-_-Alem-de-vinhos-degustacoes-de-massas-molhos-e-queijos-tambem-marcam-o-Festival-deste-sabado-13-em-Balneario-Camboriu-_-Foto-Junior-Somensi-1536x1024.jpg 1536w, https:\/\/cidadenoar.com\/global\/wp-content\/uploads\/sites\/22\/2025\/08\/2-_-Alem-de-vinhos-degustacoes-de-massas-molhos-e-queijos-tambem-marcam-o-Festival-deste-sabado-13-em-Balneario-Camboriu-_-Foto-Junior-Somensi-600x400.jpg 600w, https:\/\/cidadenoar.com\/global\/wp-content\/uploads\/sites\/22\/2025\/08\/2-_-Alem-de-vinhos-degustacoes-de-massas-molhos-e-queijos-tambem-marcam-o-Festival-deste-sabado-13-em-Balneario-Camboriu-_-Foto-Junior-Somensi.jpg 1800w\" sizes=\"(max-width: 1024px) 100vw, 1024px\" \/><figcaption class=\"wp-element-caption\">Al\u00e9m de vinhos, degusta\u00e7\u00f5es de massas, molhos e queijos tamb\u00e9m marcam o Festival deste s\u00e1bado (9) em Rio do Sul (Foto: Junior Somensi)<\/figcaption><\/figure>\n\n\n\n<figure class=\"wp-block-image size-large\"><img decoding=\"async\" width=\"1024\" height=\"683\" src=\"https:\/\/cidadenoar.com\/wp-content\/uploads\/sites\/22\/2025\/08\/1-_-Festival-Mundo-dos-Vinhos-Fort-Atacadista-chega-a-Balneario-Camboriu-neste-sabado-Foto-Jose-Somenti-1024x683.jpg\" alt=\"\" class=\"wp-image-4893\" title=\"\" srcset=\"https:\/\/cidadenoar.com\/global\/wp-content\/uploads\/sites\/22\/2025\/08\/1-_-Festival-Mundo-dos-Vinhos-Fort-Atacadista-chega-a-Balneario-Camboriu-neste-sabado-Foto-Jose-Somenti-1024x683.jpg 1024w, https:\/\/cidadenoar.com\/global\/wp-content\/uploads\/sites\/22\/2025\/08\/1-_-Festival-Mundo-dos-Vinhos-Fort-Atacadista-chega-a-Balneario-Camboriu-neste-sabado-Foto-Jose-Somenti-300x200.jpg 300w, https:\/\/cidadenoar.com\/global\/wp-content\/uploads\/sites\/22\/2025\/08\/1-_-Festival-Mundo-dos-Vinhos-Fort-Atacadista-chega-a-Balneario-Camboriu-neste-sabado-Foto-Jose-Somenti-768x512.jpg 768w, https:\/\/cidadenoar.com\/global\/wp-content\/uploads\/sites\/22\/2025\/08\/1-_-Festival-Mundo-dos-Vinhos-Fort-Atacadista-chega-a-Balneario-Camboriu-neste-sabado-Foto-Jose-Somenti-1536x1024.jpg 1536w, https:\/\/cidadenoar.com\/global\/wp-content\/uploads\/sites\/22\/2025\/08\/1-_-Festival-Mundo-dos-Vinhos-Fort-Atacadista-chega-a-Balneario-Camboriu-neste-sabado-Foto-Jose-Somenti-600x400.jpg 600w, https:\/\/cidadenoar.com\/global\/wp-content\/uploads\/sites\/22\/2025\/08\/1-_-Festival-Mundo-dos-Vinhos-Fort-Atacadista-chega-a-Balneario-Camboriu-neste-sabado-Foto-Jose-Somenti.jpg 1800w\" sizes=\"(max-width: 1024px) 100vw, 1024px\" \/><figcaption class=\"wp-element-caption\">O evento, das 10h \u00e0s 17h, \u00e9 uma oportunidade para degustar diferentes r\u00f3tulos e aproveitar as promo\u00e7\u00f5es especiais (Foto: J. Somensi)<\/figcaption><\/figure>\n\n\n\n<figure class=\"wp-block-image size-large\"><img decoding=\"async\" width=\"1024\" height=\"683\" src=\"https:\/\/cidadenoar.com\/wp-content\/uploads\/sites\/22\/2025\/08\/O-mascote-Fortao-aproveitando-as-degustacoes-do-Mundo-dos-Vinhos-Fort-Atacadista-_-Foto-Jose-Somensi-1024x683.jpg\" alt=\"\" class=\"wp-image-4895\" title=\"\" srcset=\"https:\/\/cidadenoar.com\/global\/wp-content\/uploads\/sites\/22\/2025\/08\/O-mascote-Fortao-aproveitando-as-degustacoes-do-Mundo-dos-Vinhos-Fort-Atacadista-_-Foto-Jose-Somensi-1024x683.jpg 1024w, https:\/\/cidadenoar.com\/global\/wp-content\/uploads\/sites\/22\/2025\/08\/O-mascote-Fortao-aproveitando-as-degustacoes-do-Mundo-dos-Vinhos-Fort-Atacadista-_-Foto-Jose-Somensi-300x200.jpg 300w, https:\/\/cidadenoar.com\/global\/wp-content\/uploads\/sites\/22\/2025\/08\/O-mascote-Fortao-aproveitando-as-degustacoes-do-Mundo-dos-Vinhos-Fort-Atacadista-_-Foto-Jose-Somensi-768x512.jpg 768w, https:\/\/cidadenoar.com\/global\/wp-content\/uploads\/sites\/22\/2025\/08\/O-mascote-Fortao-aproveitando-as-degustacoes-do-Mundo-dos-Vinhos-Fort-Atacadista-_-Foto-Jose-Somensi-1536x1024.jpg 1536w, https:\/\/cidadenoar.com\/global\/wp-content\/uploads\/sites\/22\/2025\/08\/O-mascote-Fortao-aproveitando-as-degustacoes-do-Mundo-dos-Vinhos-Fort-Atacadista-_-Foto-Jose-Somensi-600x400.jpg 600w, https:\/\/cidadenoar.com\/global\/wp-content\/uploads\/sites\/22\/2025\/08\/O-mascote-Fortao-aproveitando-as-degustacoes-do-Mundo-dos-Vinhos-Fort-Atacadista-_-Foto-Jose-Somensi.jpg 1800w\" sizes=\"(max-width: 1024px) 100vw, 1024px\" \/><figcaption class=\"wp-element-caption\">O mascote Fort\u00e3o aproveitando as degusta\u00e7\u00f5es do Mundo dos Vinhos Fort Atacadista (Foto Jos\u00e9 Somensi)<\/figcaption><\/figure>\n\n\n\n<p><\/p>\n","protected":false},"excerpt":{"rendered":"<p>Evento gratuito com m\u00fasica ao vivo, vinhos, espumantes e outras degusta\u00e7\u00f5es ocorre neste s\u00e1bado (9), das 10h \u00e0s 17h<\/p>\n","protected":false},"author":23,"featured_media":4892,"comment_status":"open","ping_status":"open","sticky":false,"template":"","format":"standard","meta":{"footnotes":""},"categories":[1],"tags":[112,363,171],"class_list":["post-4891","post","type-post","status-publish","format-standard","has-post-thumbnail","hentry","category-geral","tag-fort-atacadista","tag-rio-do-sul","tag-vinhos"],"_links":{"self":[{"href":"https:\/\/cidadenoar.com\/global\/wp-json\/wp\/v2\/posts\/4891","targetHints":{"allow":["GET"]}}],"collection":[{"href":"https:\/\/cidadenoar.com\/global\/wp-json\/wp\/v2\/posts"}],"about":[{"href":"https:\/\/cidadenoar.com\/global\/wp-json\/wp\/v2\/types\/post"}],"author":[{"embeddable":true,"href":"https:\/\/cidadenoar.com\/global\/wp-json\/wp\/v2\/users\/23"}],"replies":[{"embeddable":true,"href":"https:\/\/cidadenoar.com\/global\/wp-json\/wp\/v2\/comments?post=4891"}],"version-history":[{"count":2,"href":"https:\/\/cidadenoar.com\/global\/wp-json\/wp\/v2\/posts\/4891\/revisions"}],"predecessor-version":[{"id":4897,"href":"https:\/\/cidadenoar.com\/global\/wp-json\/wp\/v2\/posts\/4891\/revisions\/4897"}],"wp:featuredmedia":[{"embeddable":true,"href":"https:\/\/cidadenoar.com\/global\/wp-json\/wp\/v2\/media\/4892"}],"wp:attachment":[{"href":"https:\/\/cidadenoar.com\/global\/wp-json\/wp\/v2\/media?parent=4891"}],"wp:term":[{"taxonomy":"category","embeddable":true,"href":"https:\/\/cidadenoar.com\/global\/wp-json\/wp\/v2\/categories?post=4891"},{"taxonomy":"post_tag","embeddable":true,"href":"https:\/\/cidadenoar.com\/global\/wp-json\/wp\/v2\/tags?post=4891"}],"curies":[{"name":"wp","href":"https:\/\/api.w.org\/{rel}","templated":true}]}}