{"id":4922,"date":"2025-08-12T20:38:09","date_gmt":"2025-08-12T23:38:09","guid":{"rendered":"https:\/\/cidadenoar.com\/?p=4922"},"modified":"2025-08-12T20:38:57","modified_gmt":"2025-08-12T23:38:57","slug":"segunda-edicao-do-getulio-sessions-sera-nesta-quinta-feira-14-em-florianopolis","status":"publish","type":"post","link":"https:\/\/cidadenoar.com\/global\/cultura-lazer\/segunda-edicao-do-getulio-sessions-sera-nesta-quinta-feira-14-em-florianopolis\/","title":{"rendered":"Segunda edi\u00e7\u00e3o do Get\u00falio Sessions ser\u00e1 nesta quinta-feira (14) em Florian\u00f3polis"},"content":{"rendered":"\n<p>O sucesso da estreia n\u00e3o deixou d\u00favidas: o Get\u00falio Sessions chegou para ficar. Na primeira edi\u00e7\u00e3o, os 40 lugares dispon\u00edveis esgotaram rapidamente, deixando muitos interessados de fora. Atendendo a esses pedidos, a segunda edi\u00e7\u00e3o est\u00e1 confirmada antes do previsto e ter\u00e1 capacidade ampliada para 50 convidados.<\/p>\n\n\n\n<p>\u201cO Get\u00falio \u00e9 um bar exclusivo, com poucos lugares, o que torna cada sess\u00e3o especial. Como muitas pessoas ficaram de fora no lan\u00e7amento, decidimos antecipar esta edi\u00e7\u00e3o e abrir mais 10 lugares. Ser\u00e1 uma noite de tapas, drinks autorais e m\u00fasica de primeira qualidade\u201d, destaca Michelle De Bona, s\u00f3cia da Los Troncos Parrilla Uruguaya, restaurante que abriga o Bar Get\u00falio.<\/p>\n\n\n\n<p>E a noite de quinta-feira (14\/08) promete ser ainda mais envolvente. A partir das 20h, o p\u00fablico ser\u00e1 recebido com a apresenta\u00e7\u00e3o \u201cEm Trio\u201d, de Manoela Balan. Com sua voz marcante, a artista levar\u00e1 ao palco um repert\u00f3rio que transita entre cl\u00e1ssicos da m\u00fasica brasileira e sucessos internacionais, criando a trilha sonora perfeita para uma experi\u00eancia gastron\u00f4mica diferenciada.<\/p>\n\n\n\n<p><strong>Um segredo revelado<\/strong><\/p>\n\n\n\n<p>Mais do que um bar, o Get\u00falio \u00e9 uma experi\u00eancia sensorial e cheia de mist\u00e9rio. A entrada \u00e9 feita pela cal\u00e7ada da Los Troncos Parrilla Uruguaya, por meio de uma pequena janelinha que guarda o primeiro segredo da noite. Um arco de tijolos centen\u00e1rios conduz ao por\u00e3o onde o bar funciona, revelando um ambiente intimista e aconchegante.<\/p>\n\n\n\n<p>Banquetas dispostas ao redor do balc\u00e3o convidam o cliente a interagir com o bartender e conhecer os coquet\u00e9is exclusivos da casa. Quem preferir, pode optar pelas mesas, no estilo bistr\u00f4, para degustar as tapas que ser\u00e3o servidas durante a noite, elaboradas para harmonizar com as cria\u00e7\u00f5es da coquetelaria.<\/p>\n\n\n\n<p>A proposta \u00e9 que as pessoas fiquem de p\u00e9 e possam dan\u00e7ar ao som da atra\u00e7\u00e3o musical desta edi\u00e7\u00e3o. Ser\u00e1 uma noite de muita m\u00fasica, energia contagiante e momentos para dan\u00e7ar ao ritmo do melhor acorde.<\/p>\n\n\n\n<p><strong>Segunda edi\u00e7\u00e3o Get\u00falio Sessions<\/strong><\/p>\n\n\n\n<ul class=\"wp-block-list\">\n<li><strong>Atra\u00e7\u00e3o<\/strong>: Manoela Balan \u2013 Em Trio<\/li>\n\n\n\n<li><strong>Data<\/strong>: 14 de agosto de 2025 (quinta-feira)<\/li>\n\n\n\n<li><strong>Hor\u00e1rio<\/strong>: a partir das 20h<\/li>\n\n\n\n<li><strong>Local<\/strong>: Los Troncos Parrilla Uruguaya \u2013 Pra\u00e7a Get\u00falio Vargas, 158 \u2013 Florian\u00f3polis<\/li>\n\n\n\n<li><strong>Convites<\/strong>: limitados, a R$ 65,00 por pessoa<\/li>\n\n\n\n<li><strong>Reservas e informa\u00e7\u00f5es<\/strong>: (48) 98839-8583<\/li>\n<\/ul>\n","protected":false},"excerpt":{"rendered":"<p>Encontro intimista une alta gastronomia, coquetelaria autoral e m\u00fasica ao vivo no subsolo da Los Troncos Parrilla Uruguaya<\/p>\n","protected":false},"author":23,"featured_media":4923,"comment_status":"open","ping_status":"open","sticky":false,"template":"","format":"standard","meta":{"footnotes":""},"categories":[360],"tags":[566,156],"class_list":["post-4922","post","type-post","status-publish","format-standard","has-post-thumbnail","hentry","category-cultura-lazer","tag-bar","tag-evento"],"_links":{"self":[{"href":"https:\/\/cidadenoar.com\/global\/wp-json\/wp\/v2\/posts\/4922","targetHints":{"allow":["GET"]}}],"collection":[{"href":"https:\/\/cidadenoar.com\/global\/wp-json\/wp\/v2\/posts"}],"about":[{"href":"https:\/\/cidadenoar.com\/global\/wp-json\/wp\/v2\/types\/post"}],"author":[{"embeddable":true,"href":"https:\/\/cidadenoar.com\/global\/wp-json\/wp\/v2\/users\/23"}],"replies":[{"embeddable":true,"href":"https:\/\/cidadenoar.com\/global\/wp-json\/wp\/v2\/comments?post=4922"}],"version-history":[{"count":1,"href":"https:\/\/cidadenoar.com\/global\/wp-json\/wp\/v2\/posts\/4922\/revisions"}],"predecessor-version":[{"id":4924,"href":"https:\/\/cidadenoar.com\/global\/wp-json\/wp\/v2\/posts\/4922\/revisions\/4924"}],"wp:featuredmedia":[{"embeddable":true,"href":"https:\/\/cidadenoar.com\/global\/wp-json\/wp\/v2\/media\/4923"}],"wp:attachment":[{"href":"https:\/\/cidadenoar.com\/global\/wp-json\/wp\/v2\/media?parent=4922"}],"wp:term":[{"taxonomy":"category","embeddable":true,"href":"https:\/\/cidadenoar.com\/global\/wp-json\/wp\/v2\/categories?post=4922"},{"taxonomy":"post_tag","embeddable":true,"href":"https:\/\/cidadenoar.com\/global\/wp-json\/wp\/v2\/tags?post=4922"}],"curies":[{"name":"wp","href":"https:\/\/api.w.org\/{rel}","templated":true}]}}