{"id":4963,"date":"2025-08-13T11:49:04","date_gmt":"2025-08-13T14:49:04","guid":{"rendered":"https:\/\/cidadenoar.com\/?p=4963"},"modified":"2025-08-13T11:49:08","modified_gmt":"2025-08-13T14:49:08","slug":"contagem-regressiva-para-a-imersao-negocios-exponenciais-em-florianopolis-novidade-para-quem-busca-crescimento-com-pratica","status":"publish","type":"post","link":"https:\/\/cidadenoar.com\/global\/economia-negocios\/contagem-regressiva-para-a-imersao-negocios-exponenciais-em-florianopolis-novidade-para-quem-busca-crescimento-com-pratica\/","title":{"rendered":"Contagem regressiva para a Imers\u00e3o \u201cNeg\u00f3cios Exponenciais\u201d em Florian\u00f3polis: novidade para quem busca crescimento com pr\u00e1tica"},"content":{"rendered":"\n<p>Faltam poucos dias para Florian\u00f3polis receber a Imers\u00e3o \u201cNeg\u00f3cios Exponenciais\u201d, que acontece nos dias 15, 16 e 17 de agosto, conduzida por Felipe Airan Machado, mentor e CEO do Grupo AR Educa\u00e7\u00e3o. O encontro, com formato presencial e intensidade pr\u00e1tica, chega como uma proposta para empres\u00e1rios e gestores que querem sair do improviso e implantar processos que permitam crescer de forma previs\u00edvel e sustent\u00e1vel.<\/p>\n\n\n\n<p>A proposta da imers\u00e3o \u00e9 simples e direta, segundo a organiza\u00e7\u00e3o: transformar aprendizado em a\u00e7\u00e3o. Para isso, a programa\u00e7\u00e3o foi dividida em tr\u00eas pilares bem definidos. No bloco Posicionamento e Autoridade, os participantes encontrar\u00e3o ferramentas para consolidar a marca e ocupar espa\u00e7o de refer\u00eancia no mercado. Em Marketing e Vendas, o foco ser\u00e1 montar fluxos capazes de gerar clientes de forma recorrente e com maior taxa de convers\u00e3o. J\u00e1 em Gest\u00e3o e Escala, os m\u00f3dulos tratam da estrutura\u00e7\u00e3o de processos, indicadores e equipes, com o objetivo de permitir expans\u00e3o sem depend\u00eancia exclusiva do fundador.<\/p>\n\n\n\n<p><a href=\"https:\/\/cidadenoar.com\/tecnologia-educacao\/felipe-airan-machado-desembarca-em-balneario-camboriu-com-o-workshop-alavancando-resultados\/\" data-type=\"post\" data-id=\"3192\">Felipe Airan Machado<\/a> traz para a programa\u00e7\u00e3o a experi\u00eancia de quem j\u00e1 atuou mais de 19 anos no mundo dos neg\u00f3cios, com atendimentos presenciais a mais de mil empresas e impacto em milhares de alunos por meio de suas forma\u00e7\u00f5es. A metodologia que orienta o evento parte de um princ\u00edpio pr\u00e1tico, sintetizado numa frase frequentemente repetida por ele: \u201cSem processo, n\u00e3o existe liberdade. Quem n\u00e3o domina os n\u00fameros, \u00e9 ref\u00e9m da imprevisibilidade.\u201d Essa orienta\u00e7\u00e3o t\u00e9cnica se combina com uma leitura pragm\u00e1tica dos desafios que empreendedores enfrentam no dia a dia.<\/p>\n\n\n\n<p>O formato do evento privilegia aplica\u00e7\u00e3o imediata. Al\u00e9m das aulas, a programa\u00e7\u00e3o prev\u00ea materiais de apoio, diagn\u00f3sticos pr\u00e1ticos e momentos de troca entre participantes, ampliando as chances de implementa\u00e7\u00e3o dos conceitos j\u00e1 na rotina da empresa. A organiza\u00e7\u00e3o tamb\u00e9m destaca o ambiente de networking como diferencial, uma vez que a proximidade entre l\u00edderes facilita parcerias, benchmark e trocas de experi\u00eancia que muitas vezes se traduzem em novos neg\u00f3cios.<\/p>\n\n\n\n<p>A imers\u00e3o tem atra\u00eddo aten\u00e7\u00e3o por abordar lacunas reais do mercado. Em um cen\u00e1rio em que muitos empreendedores acumulam tarefas operacionais e sentem dificuldade em traduzir estrat\u00e9gia em execu\u00e7\u00e3o, o evento promete entregar mapas de a\u00e7\u00e3o claros, com passos e prioridades para os dias seguintes. Para quem j\u00e1 participou de edi\u00e7\u00f5es anteriores, h\u00e1 relatos de que o conte\u00fado funciona como catalisador para mudan\u00e7as pr\u00e1ticas, e que a combina\u00e7\u00e3o entre m\u00e9todo e acompanhamento faz a diferen\u00e7a na implementa\u00e7\u00e3o.<\/p>\n\n\n\n<p>Al\u00e9m do conte\u00fado t\u00e9cnico, a programa\u00e7\u00e3o reflete tamb\u00e9m um prop\u00f3sito declarado pelo mentor: devolver aos empres\u00e1rios espa\u00e7o para viver com mais equil\u00edbrio, sem abrir m\u00e3o do crescimento. A proposta n\u00e3o \u00e9 vender receitas prontas, mas ensinar a construir sistemas e rotinas que liberem tempo e qualidade de vida, permitindo que o dono do neg\u00f3cio volte a ser gestor e n\u00e3o apenas executor.<\/p>\n\n\n\n<p>As vagas para a Imers\u00e3o \u201c<a href=\"https:\/\/www.negociosexponenciais.com.br\" target=\"_blank\" rel=\"noreferrer noopener\">Neg\u00f3cios Exponenciais<\/a>\u201d s\u00e3o limitadas, justamente para preservar a qualidade do atendimento e o aproveitamento individual de cada empresa. Quem se inscrever ter\u00e1 acesso a um programa estruturado, com materiais e oportunidades de diagn\u00f3stico, al\u00e9m da possibilidade de ampliar a rede de contatos com outros empres\u00e1rios da regi\u00e3o.<\/p>\n","protected":false},"excerpt":{"rendered":"<p>Faltam poucos dias para Florian\u00f3polis receber a Imers\u00e3o \u201cNeg\u00f3cios Exponenciais\u201d, que acontece nos dias 15, 16 e 17 de agosto, conduzida por Felipe Airan Machado, mentor e CEO do Grupo AR Educa\u00e7\u00e3o. O encontro, com formato presencial e intensidade pr\u00e1tica, chega como uma proposta para empres\u00e1rios e gestores que querem sair do improviso e implantar&#8230;<\/p>\n","protected":false},"author":1,"featured_media":3189,"comment_status":"open","ping_status":"open","sticky":false,"template":"","format":"standard","meta":{"footnotes":""},"categories":[289,21],"tags":[31,52,92,574],"class_list":["post-4963","post","type-post","status-publish","format-standard","has-post-thumbnail","hentry","category-economia-negocios","category-tecnologia-educacao","tag-educacao","tag-empreendedorismo","tag-florianopolis-sc","tag-imersao"],"_links":{"self":[{"href":"https:\/\/cidadenoar.com\/global\/wp-json\/wp\/v2\/posts\/4963","targetHints":{"allow":["GET"]}}],"collection":[{"href":"https:\/\/cidadenoar.com\/global\/wp-json\/wp\/v2\/posts"}],"about":[{"href":"https:\/\/cidadenoar.com\/global\/wp-json\/wp\/v2\/types\/post"}],"author":[{"embeddable":true,"href":"https:\/\/cidadenoar.com\/global\/wp-json\/wp\/v2\/users\/1"}],"replies":[{"embeddable":true,"href":"https:\/\/cidadenoar.com\/global\/wp-json\/wp\/v2\/comments?post=4963"}],"version-history":[{"count":1,"href":"https:\/\/cidadenoar.com\/global\/wp-json\/wp\/v2\/posts\/4963\/revisions"}],"predecessor-version":[{"id":4964,"href":"https:\/\/cidadenoar.com\/global\/wp-json\/wp\/v2\/posts\/4963\/revisions\/4964"}],"wp:featuredmedia":[{"embeddable":true,"href":"https:\/\/cidadenoar.com\/global\/wp-json\/wp\/v2\/media\/3189"}],"wp:attachment":[{"href":"https:\/\/cidadenoar.com\/global\/wp-json\/wp\/v2\/media?parent=4963"}],"wp:term":[{"taxonomy":"category","embeddable":true,"href":"https:\/\/cidadenoar.com\/global\/wp-json\/wp\/v2\/categories?post=4963"},{"taxonomy":"post_tag","embeddable":true,"href":"https:\/\/cidadenoar.com\/global\/wp-json\/wp\/v2\/tags?post=4963"}],"curies":[{"name":"wp","href":"https:\/\/api.w.org\/{rel}","templated":true}]}}