{"id":5001,"date":"2025-08-15T16:05:33","date_gmt":"2025-08-15T19:05:33","guid":{"rendered":"https:\/\/cidadenoar.com\/?p=5001"},"modified":"2025-08-15T16:06:16","modified_gmt":"2025-08-15T19:06:16","slug":"prateleira-vao-movel-otimizando-o-armazenamento-de-materiais-longos-na-industria","status":"publish","type":"post","link":"https:\/\/cidadenoar.com\/global\/geral\/prateleira-vao-movel-otimizando-o-armazenamento-de-materiais-longos-na-industria\/","title":{"rendered":"Prateleira V\u00e3o M\u00f3vel: Otimizando o Armazenamento de Materiais Longos na Ind\u00fastria"},"content":{"rendered":"\n<p>A gest\u00e3o de estoque de materiais longos, como tubos, barras e perfis, sempre representou um desafio significativo para as ind\u00fastrias. A necessidade de armazenar esses itens de forma organizada, segura e que otimize o espa\u00e7o dispon\u00edvel pode ser complexa, especialmente em ambientes onde cada metro quadrado \u00e9 valioso. Armazenamentos fixos muitas vezes geram corredores excessivamente largos e subutilizados, comprometendo a efici\u00eancia log\u00edstica. \u00c9 nesse contexto que a <strong>Prateleira V\u00e3o M\u00f3vel<\/strong> da LH Equipamentos surge como uma solu\u00e7\u00e3o inovadora e robusta, projetada especificamente para transformar o armazenamento vertical de materiais longos, garantindo acesso r\u00e1pido, seguro e uma otimiza\u00e7\u00e3o sem precedentes do espa\u00e7o industrial.<\/p>\n\n\n\n<p>O grande diferencial da <strong><a href=\"https:\/\/lhequipamentos.com.br\/equipamentos\/prateleira-vao-movel\" target=\"_blank\" rel=\"noopener\">Prateleira V\u00e3o M\u00f3vel<\/a><\/strong> reside em seu sistema inteligente de v\u00e3os m\u00f3veis, que s\u00e3o acionados individualmente. Ao contr\u00e1rio dos sistemas de prateleiras fixas, onde corredores permanentes precisam ser mantidos, este design permite que as prateleiras se movimentem, compactando o armazenamento e liberando espa\u00e7o apenas no ponto onde o acesso \u00e9 necess\u00e1rio. Isso significa que voc\u00ea pode aproveitar ao m\u00e1ximo a \u00e1rea dispon\u00edvel no seu estoque, almoxarifado ou centro de log\u00edstica de materiais. A flexibilidade do sistema permite a cria\u00e7\u00e3o de um &#8220;corredor tempor\u00e1rio&#8221; apenas quando uma ponte rolante, talha ou outro equipamento de movimenta\u00e7\u00e3o de cargas precisa acessar um item espec\u00edfico. Essa capacidade de otimiza\u00e7\u00e3o de espa\u00e7o pode resultar em um aumento substancial na capacidade de armazenamento, sem a necessidade de expans\u00f5es f\u00edsicas do galp\u00e3o.<\/p>\n\n\n\n<p>A estrutura em a\u00e7o refor\u00e7ado \u00e9 outro pilar da <strong>Prateleira V\u00e3o M\u00f3vel<\/strong>. Projetada para o ambiente industrial exigente, cada prateleira individual \u00e9 capaz de suportar uma capacidade impressionante de at\u00e9 2400 kg. Essa robustez garante a seguran\u00e7a no armazenamento de materiais pesados e longos, prevenindo deforma\u00e7\u00f5es ou falhas estruturais. O mecanismo de tra\u00e7\u00e3o com engrenagens e correntes assegura um funcionamento suave, est\u00e1vel e sincronizado, permitindo que a movimenta\u00e7\u00e3o dos v\u00e3os seja realizada de forma eficiente e sem interrup\u00e7\u00f5es. A durabilidade do sistema \u00e9 um investimento que se traduz em longa vida \u00fatil e baixa necessidade de manuten\u00e7\u00e3o, garantindo que o seu estoque permane\u00e7a organizado e funcional por muitos anos.<\/p>\n\n\n\n<p>As aplica\u00e7\u00f5es principais da <strong><a href=\"https:\/\/lhequipamentos.com.br\/equipamentos\/prateleira-vao-movel\" target=\"_blank\" rel=\"noopener\">Prateleira<\/a> V\u00e3o M\u00f3vel<\/strong> s\u00e3o vastas e se encaixam perfeitamente em diversos cen\u00e1rios industriais. \u00c9 ideal para estoques industriais que lidam com grandes volumes de tubos e perfis, onde a organiza\u00e7\u00e3o e o acesso r\u00e1pido s\u00e3o cruciais. Em almoxarifados, melhora a gest\u00e3o de invent\u00e1rio e agiliza a separa\u00e7\u00e3o de materiais. Na log\u00edstica de materiais, contribui para um fluxo mais eficiente, reduzindo o tempo de movimenta\u00e7\u00e3o. Al\u00e9m dos benef\u00edcios de espa\u00e7o e seguran\u00e7a, a facilidade de acesso com opera\u00e7\u00e3o por uma \u00fanica pessoa \u00e9 um ganho significativo em termos de produtividade e redu\u00e7\u00e3o de m\u00e3o de obra. As dimens\u00f5es da prateleira s\u00e3o totalmente personaliz\u00e1veis de acordo com as necessidades do cliente, o que garante que a solu\u00e7\u00e3o se adapte perfeitamente ao tipo e tamanho dos materiais a serem armazenados, e ao espa\u00e7o f\u00edsico dispon\u00edvel. Para conferir todas as especifica\u00e7\u00f5es e as op\u00e7\u00f5es de personaliza\u00e7\u00e3o que este sistema oferece, acesse a p\u00e1gina da <strong>Prateleira V\u00e3o M\u00f3vel<\/strong>.<\/p>\n\n\n\n<p>Em s\u00edntese, a <strong>Prateleira V\u00e3o M\u00f3vel<\/strong> da LH Equipamentos \u00e9 mais do que um sistema de armazenamento; \u00e9 uma solu\u00e7\u00e3o estrat\u00e9gica que proporciona melhor aproveitamento de espa\u00e7o, acesso facilitado, seguran\u00e7a e uma estrutura resistente para a organiza\u00e7\u00e3o de materiais longos. \u00c9 um investimento inteligente para empresas que buscam otimizar seus processos log\u00edsticos e elevar a efici\u00eancia de suas opera\u00e7\u00f5es.<\/p>\n","protected":false},"excerpt":{"rendered":"<p>A gest\u00e3o de estoque de materiais longos, como tubos, barras e perfis, sempre representou um desafio significativo para as ind\u00fastrias. A necessidade de armazenar esses itens de forma organizada, segura e que otimize o espa\u00e7o dispon\u00edvel pode ser complexa, especialmente em ambientes onde cada metro quadrado \u00e9 valioso. Armazenamentos fixos muitas vezes geram corredores excessivamente&#8230;<\/p>\n","protected":false},"author":20,"featured_media":5003,"comment_status":"open","ping_status":"open","sticky":false,"template":"","format":"standard","meta":{"footnotes":""},"categories":[1],"tags":[],"class_list":["post-5001","post","type-post","status-publish","format-standard","has-post-thumbnail","hentry","category-geral"],"_links":{"self":[{"href":"https:\/\/cidadenoar.com\/global\/wp-json\/wp\/v2\/posts\/5001","targetHints":{"allow":["GET"]}}],"collection":[{"href":"https:\/\/cidadenoar.com\/global\/wp-json\/wp\/v2\/posts"}],"about":[{"href":"https:\/\/cidadenoar.com\/global\/wp-json\/wp\/v2\/types\/post"}],"author":[{"embeddable":true,"href":"https:\/\/cidadenoar.com\/global\/wp-json\/wp\/v2\/users\/20"}],"replies":[{"embeddable":true,"href":"https:\/\/cidadenoar.com\/global\/wp-json\/wp\/v2\/comments?post=5001"}],"version-history":[{"count":1,"href":"https:\/\/cidadenoar.com\/global\/wp-json\/wp\/v2\/posts\/5001\/revisions"}],"predecessor-version":[{"id":5006,"href":"https:\/\/cidadenoar.com\/global\/wp-json\/wp\/v2\/posts\/5001\/revisions\/5006"}],"wp:featuredmedia":[{"embeddable":true,"href":"https:\/\/cidadenoar.com\/global\/wp-json\/wp\/v2\/media\/5003"}],"wp:attachment":[{"href":"https:\/\/cidadenoar.com\/global\/wp-json\/wp\/v2\/media?parent=5001"}],"wp:term":[{"taxonomy":"category","embeddable":true,"href":"https:\/\/cidadenoar.com\/global\/wp-json\/wp\/v2\/categories?post=5001"},{"taxonomy":"post_tag","embeddable":true,"href":"https:\/\/cidadenoar.com\/global\/wp-json\/wp\/v2\/tags?post=5001"}],"curies":[{"name":"wp","href":"https:\/\/api.w.org\/{rel}","templated":true}]}}