{"id":5009,"date":"2025-08-15T17:27:50","date_gmt":"2025-08-15T20:27:50","guid":{"rendered":"https:\/\/cidadenoar.com\/?p=5009"},"modified":"2025-08-15T17:27:53","modified_gmt":"2025-08-15T20:27:53","slug":"bispo-bruno-leonardo-doa-r-100-mil-para-crianca-com-paralisia-cerebral-e-emociona-multidao-em-feira-de-santana","status":"publish","type":"post","link":"https:\/\/cidadenoar.com\/global\/geral\/bispo-bruno-leonardo-doa-r-100-mil-para-crianca-com-paralisia-cerebral-e-emociona-multidao-em-feira-de-santana\/","title":{"rendered":"Bispo Bruno Leonardo doa R$ 100 mil para crian\u00e7a com paralisia cerebral e emociona multid\u00e3o em Feira de Santana"},"content":{"rendered":"\n<p>Em um momento que uniu f\u00e9, emo\u00e7\u00e3o e solidariedade, o Bispo Bruno Leonardo, reconhecido como o pastor evang\u00e9lico mais visto do mundo na internet, protagonizou uma cena que tocou profundamente os cora\u00e7\u00f5es presentes no \u00faltimo culto realizado em Feira de Santana, na Bahia. Durante a celebra\u00e7\u00e3o, uma hist\u00f3ria especial se destacou entre a multid\u00e3o, a de um pequeno guerreiro, uma crian\u00e7a com paralisia cerebral, cuja vida \u00e9 marcada por desafios di\u00e1rios e pela coragem de seguir lutando.<\/p>\n\n\n\n<p>Ao avistar o menino entre os fi\u00e9is, o l\u00edder religioso relatou ter sentido o cora\u00e7\u00e3o se comover de forma \u00fanica. Inspirado pelo amor a Deus e ao pr\u00f3ximo, princ\u00edpio que norteia sua vida e minist\u00e9rio, o Bispo decidiu transformar aquele encontro em um gesto concreto de apoio. Com recursos provenientes dos d\u00edzimos e ofertas entregues com fidelidade pela comunidade, ele anunciou a doa\u00e7\u00e3o de R$ 100 mil para auxiliar nos cuidados, tratamentos e necessidades dessa crian\u00e7a t\u00e3o especial.<\/p>\n\n\n\n<p>O an\u00fancio foi seguido por aplausos, l\u00e1grimas e ora\u00e7\u00f5es. Muitos presentes se emocionaram com a iniciativa, que refor\u00e7a a mensagem central do evangelho: amar a Deus acima de todas as coisas e ao pr\u00f3ximo como a si mesmo. \u201cTudo \u00e9 para a gl\u00f3ria de Deus. Quando semeamos no Reino, vidas s\u00e3o alcan\u00e7adas e o amor de Cristo se torna vis\u00edvel\u201d, destacou o Bispo, visivelmente tocado pela ocasi\u00e3o.<\/p>\n\n\n\n<p>Conhecido por seu alcance digital impressionante e por levar a mensagem crist\u00e3 a milh\u00f5es de pessoas em diferentes pa\u00edses, Bruno Leonardo reafirma com a\u00e7\u00f5es aquilo que prega em suas palavras.&nbsp;<\/p>\n\n\n\n<p>A doa\u00e7\u00e3o n\u00e3o \u00e9 apenas um aux\u00edlio financeiro, ela representa tamb\u00e9m um abra\u00e7o simb\u00f3lico, um al\u00edvio para uma fam\u00edlia que enfrenta diariamente batalhas silenciosas. Tratamentos, medicamentos, equipamentos e cuidados especiais demandam altos custos, e a ajuda chega como um verdadeiro milagre para aqueles que vivem essa realidade.<\/p>\n\n\n\n<p>O Bispo encerrou o culto dedicando uma ora\u00e7\u00e3o especial ao menino e \u00e0 sua fam\u00edlia, pedindo for\u00e7a, sa\u00fade e paz para todos que enfrentam desafios semelhantes. \u201cEstou orando por voc\u00ea, amiguinho\u201d, disse, em tom carinhoso, arrancando sorrisos mesmo em meio \u00e0s l\u00e1grimas.<\/p>\n\n\n<div class=\"wp-block-image\">\n<figure class=\"aligncenter size-full\"><img fetchpriority=\"high\" decoding=\"async\" width=\"497\" height=\"696\" src=\"http:\/\/cidadenoar.com\/wp-content\/uploads\/sites\/22\/2025\/08\/bispo5-1.png\" alt=\"\" class=\"wp-image-5010\" title=\"\" srcset=\"https:\/\/cidadenoar.com\/global\/wp-content\/uploads\/sites\/22\/2025\/08\/bispo5-1.png 497w, https:\/\/cidadenoar.com\/global\/wp-content\/uploads\/sites\/22\/2025\/08\/bispo5-1-214x300.png 214w\" sizes=\"(max-width: 497px) 100vw, 497px\" \/><\/figure>\n<\/div>\n\n\n<p>Em tempos onde a f\u00e9 e a solidariedade s\u00e3o t\u00e3o necess\u00e1rias, gestos como este se tornam exemplos poderosos de que \u00e9 poss\u00edvel mudar o mundo, come\u00e7ando por mudar o dia de uma \u00fanica pessoa. E, como destacou o pr\u00f3prio Bispo Bruno Leonardo, \u201cesse \u00e9 o verdadeiro evangelho\u201d.<\/p>\n\n\n\n<p>Acompanhe o Bispo Bruno Leonardo nas redes sociais: <a href=\"https:\/\/www.instagram.com\/bispobrunoleonardo\/\" target=\"_blank\" rel=\"noopener\"><strong>@bispobrunoleonardo<\/strong><\/a>.&nbsp;<\/p>\n","protected":false},"excerpt":{"rendered":"<p>Em um momento que uniu f\u00e9, emo\u00e7\u00e3o e solidariedade, o Bispo Bruno Leonardo, reconhecido como o pastor evang\u00e9lico mais visto do mundo na internet, protagonizou uma cena que tocou profundamente os cora\u00e7\u00f5es presentes no \u00faltimo culto realizado em Feira de Santana, na Bahia. Durante a celebra\u00e7\u00e3o, uma hist\u00f3ria especial se destacou entre a multid\u00e3o, a&#8230;<\/p>\n","protected":false},"author":20,"featured_media":5011,"comment_status":"open","ping_status":"open","sticky":false,"template":"","format":"standard","meta":{"footnotes":""},"categories":[1],"tags":[],"class_list":["post-5009","post","type-post","status-publish","format-standard","has-post-thumbnail","hentry","category-geral"],"_links":{"self":[{"href":"https:\/\/cidadenoar.com\/global\/wp-json\/wp\/v2\/posts\/5009","targetHints":{"allow":["GET"]}}],"collection":[{"href":"https:\/\/cidadenoar.com\/global\/wp-json\/wp\/v2\/posts"}],"about":[{"href":"https:\/\/cidadenoar.com\/global\/wp-json\/wp\/v2\/types\/post"}],"author":[{"embeddable":true,"href":"https:\/\/cidadenoar.com\/global\/wp-json\/wp\/v2\/users\/20"}],"replies":[{"embeddable":true,"href":"https:\/\/cidadenoar.com\/global\/wp-json\/wp\/v2\/comments?post=5009"}],"version-history":[{"count":1,"href":"https:\/\/cidadenoar.com\/global\/wp-json\/wp\/v2\/posts\/5009\/revisions"}],"predecessor-version":[{"id":5012,"href":"https:\/\/cidadenoar.com\/global\/wp-json\/wp\/v2\/posts\/5009\/revisions\/5012"}],"wp:featuredmedia":[{"embeddable":true,"href":"https:\/\/cidadenoar.com\/global\/wp-json\/wp\/v2\/media\/5011"}],"wp:attachment":[{"href":"https:\/\/cidadenoar.com\/global\/wp-json\/wp\/v2\/media?parent=5009"}],"wp:term":[{"taxonomy":"category","embeddable":true,"href":"https:\/\/cidadenoar.com\/global\/wp-json\/wp\/v2\/categories?post=5009"},{"taxonomy":"post_tag","embeddable":true,"href":"https:\/\/cidadenoar.com\/global\/wp-json\/wp\/v2\/tags?post=5009"}],"curies":[{"name":"wp","href":"https:\/\/api.w.org\/{rel}","templated":true}]}}