{"id":5021,"date":"2025-08-18T14:33:52","date_gmt":"2025-08-18T17:33:52","guid":{"rendered":"https:\/\/cidadenoar.com\/?p=5021"},"modified":"2025-08-18T21:38:16","modified_gmt":"2025-08-19T00:38:16","slug":"rodada-de-negocios-logistique-2025-reune-cadeia-logistica-em-balneario-camboriu-e-e-apontada-como-sucesso-por-participantes","status":"publish","type":"post","link":"https:\/\/cidadenoar.com\/global\/economia-negocios\/rodada-de-negocios-logistique-2025-reune-cadeia-logistica-em-balneario-camboriu-e-e-apontada-como-sucesso-por-participantes\/","title":{"rendered":"Rodada de Neg\u00f3cios LOGISTIQUE 2025 re\u00fane cadeia log\u00edstica em Balne\u00e1rio Cambori\u00fa e \u00e9 apontada como sucesso por participantes"},"content":{"rendered":"\n<p>A <strong>Rodada de Neg\u00f3cios <a href=\"https:\/\/cidadenoar.com\/economia-negocios\/rodada-de-negocios-logistique-2025-abre-inscricoes-para-fornecedores-e-reune-setor-logistico-em-balneario-camboriu\/\" data-type=\"post\" data-id=\"4678\" target=\"_blank\" rel=\"noreferrer noopener\">LOGISTIQUE 2025<\/a><\/strong>, realizada em paralelo \u00e0 Feira LOGISTIQUE, aconteceu no dia 14 de agosto em Balne\u00e1rio Cambori\u00fa e, segundo participantes, cumpriu o objetivo de aproximar compradores e fornecedores da cadeia produtiva da log\u00edstica em encontros objetivos e de alto valor pr\u00e1tico.<\/p>\n\n\n\n<p>Organizado por Rita Amato, Diretora da <strong><a href=\"https:\/\/cidadenoar.com\/economia-negocios\/joinville-sedia-rodada-de-negocios-da-construcao-civil-e-conecta-fornecedores-a-25-grandes-construtoras\/\" data-type=\"post\" data-id=\"3952\" target=\"_blank\" rel=\"noreferrer noopener\">AMATO <\/a>\u2013 Desenvolvendo Neg\u00f3cios<\/strong> em conjunto com a Zoom Feiras, realizadora da Feira Logistique, a rodada seguiu a din\u00e2mica prevista: reuni\u00f5es individuais de <strong>10 minutos<\/strong> entre comprador e fornecedor, com a sele\u00e7\u00e3o dos encontros feita a partir das demandas apontadas pelas \u00e2ncoras\/compradoras e suporte total da organiza\u00e7\u00e3o na montagem das agendas. O formato, curto e focado, foi citado repetidamente pelos entrevistados como um diferencial para otimiza\u00e7\u00e3o de tempo e identifica\u00e7\u00e3o r\u00e1pida de oportunidades.<\/p>\n\n\n\n<p>Entre as empresas \u00e2ncoras confirmadas est\u00e3o a <strong>Fisher<\/strong> e a <strong>Rosner<\/strong>, que participam como <strong>empresas compradoras<\/strong>, conectando-se a fornecedores e parceiros estrat\u00e9gicos durante a rodada.<\/p>\n\n\n\n<p>\u201c\u00c9 uma oportunidade de, num \u00fanico lugar, numa \u00fanica tarde, ter acesso a v\u00e1rias solu\u00e7\u00f5es, a v\u00e1rios fornecedores, transporte, armazenagem e tecnologia. Coisas que eu levaria um m\u00eas para agendar na empresa, aqui eu resolvo em uma tarde\u201d, afirmou <strong>Lucas Rodrigues, Gestor de Log\u00edstica da Fischer<\/strong>, relatando que chegou a conversar com cerca de <strong>20 fornecedores<\/strong> durante a rodada. Para ele, a vantagem \u00e9 clara: \u201cEssa otimiza\u00e7\u00e3o do tempo\u2026 o que eu conversei hoje talvez eu levaria dois meses para receber na empresa. A conversa \u00e9 muito objetiva, muito direta; todo mundo est\u00e1 preparado para isso\u201d.<\/p>\n\n\n\n<p>A percep\u00e7\u00e3o de praticidade tamb\u00e9m foi refor\u00e7ada por <strong>Guilherme A.G. Silva, S\u00f3cio e Gestor Comercial<\/strong> <strong>da Exim Corretora<\/strong>. Com experi\u00eancia em rodadas organizadas por outras institui\u00e7\u00f5es, Guilherme destacou o car\u00e1ter \u201cinvertido\u201d da iniciativa: \u201cN\u00e3o somos n\u00f3s que estamos querendo oferecer servi\u00e7o apenas; s\u00e3o os compradores que se mostraram interessados em conversar conosco. Achei essa iniciativa muito boa.\u201d Ele ressaltou, ainda, o potencial do mercado catarinense: \u201cAqui em <a href=\"https:\/\/cidadenoar.com.br\" target=\"_blank\" rel=\"noreferrer noopener\">Santa Catarina<\/a> a economia est\u00e1 girando, as cargas sendo transportadas, \u00e9 um mercado bastante atrativo\u201d.<\/p>\n\n\n\n<p>Fornecedores que participaram pela primeira vez relataram surpresa positiva. Representantes da <strong>Mendes &amp; Koch Transportes<\/strong> disseram ter chegado sem grandes expectativas, mas sa\u00edram satisfeitos: \u201c\u00c9 interessante conhecer empresas que a gente nem sabia que atuavam aqui. No mundo de hoje, tudo \u00e9 muito remoto, liga\u00e7\u00e3o, e-mail e WhatsApp. O olho no olho faz toda a diferen\u00e7a; apertar a m\u00e3o de quem pode se tornar cliente \u00e9 insubstitu\u00edvel.\u201d<\/p>\n\n\n\n<p>Relatos como o de <strong>J\u00falio C\u00e9sar, Comprador na Rosner Empreendimentos<\/strong> apontaram benef\u00edcios pr\u00e1ticos e imediatos: reafirma\u00e7\u00e3o de parcerias com fornecedores j\u00e1 conhecidos, acesso a novidades e condi\u00e7\u00f5es comerciais especiais, al\u00e9m da descoberta de empresas e produtos que muitas vezes passam despercebidos no dia a dia corrido. \u201cDificilmente voc\u00ea consegue parar para ver como \u00e9 outra empresa; aqui, em cinco ou dez minutos, a gente entende o que a empresa fornece e se consegue trabalhar com isso\u201d, comentou o representante da Rosner.<\/p>\n\n\n\n<p><strong>Paula Bianca, CEO da Galpomax, <\/strong>destacou a qualidade dos contatos: \u201cA rodada me surpreendeu, foi bem qualificada; vieram decisores ou o bra\u00e7o direito do decisor. Isso surpreendeu, e o atendimento foi muito atencioso. Sugiro ampliar a rodada no pr\u00f3ximo ano, justamente pela otimiza\u00e7\u00e3o do tempo e pela raridade hoje de conversas cara a cara.\u201d<\/p>\n\n\n\n<p>Para <strong>Giovane Todesco da Compudeck<\/strong>, a participa\u00e7\u00e3o teve car\u00e1ter estrat\u00e9gico de visibilidade: \u201cFoi uma \u00f3tima oportunidade para divulgar nossa empresa na \u00e1rea de log\u00edstica e transportes em SC. O objetivo n\u00e3o \u00e9 necessariamente fechar neg\u00f3cios ali na hora, mas abrir portas, estar com os decisores e entender as dores do mercado.\u201d<\/p>\n\n\n\n<p>Sem alegar n\u00fameros absolutos, os depoimentos comp\u00f5em um quadro claro: a f\u00f3rmula, encontros curtos, agenda pr\u00e9-curada pelas demandas das \u00e2ncoras e organiza\u00e7\u00e3o ativa, funcionou como plataforma de prospec\u00e7\u00e3o eficiente e aceleradora de conex\u00f5es. Participantes destacaram a economia de tempo, a objetividade das conversas e a possibilidade de, em poucas horas, mapear potenciais parceiros e fornecedores que, em condi\u00e7\u00f5es normais, exigiriam semanas de agenda.<\/p>\n\n\n\n<p>A Rodada de Neg\u00f3cios LOGISTIQUE 2025 deixa como saldo a confirma\u00e7\u00e3o de que f\u00f3runs pr\u00e1ticos, integrados a feiras setoriais, podem reduzir o ciclo de prospec\u00e7\u00e3o e aproximar solu\u00e7\u00f5es de quem realmente necessita delas. Para fornecedores e compradores que participaram, o encontro tornou-se uma pe\u00e7a importante na agenda comercial, n\u00e3o apenas por permitir contatos imediatos, mas por restaurar, no ambiente de neg\u00f3cios, o valor do contato <a href=\"https:\/\/cidadenoar.com\">presencial <\/a>e da conversa direta entre decisores.<\/p>\n","protected":false},"excerpt":{"rendered":"<p>A Rodada de Neg\u00f3cios LOGISTIQUE 2025, realizada em paralelo \u00e0 Feira LOGISTIQUE, aconteceu no dia 14 de agosto em Balne\u00e1rio Cambori\u00fa e, segundo participantes, cumpriu o objetivo de aproximar compradores e fornecedores da cadeia produtiva da log\u00edstica em encontros objetivos e de alto valor pr\u00e1tico. Organizado por Rita Amato, Diretora da AMATO \u2013 Desenvolvendo Neg\u00f3cios&#8230;<\/p>\n","protected":false},"author":1,"featured_media":5022,"comment_status":"open","ping_status":"open","sticky":false,"template":"","format":"standard","meta":{"footnotes":""},"categories":[289],"tags":[39,36,52,256,580,152],"class_list":["post-5021","post","type-post","status-publish","format-standard","has-post-thumbnail","hentry","category-economia-negocios","tag-balneario-camboriu-sc","tag-economia","tag-empreendedorismo","tag-feira","tag-rodada-de-negocios","tag-sc"],"_links":{"self":[{"href":"https:\/\/cidadenoar.com\/global\/wp-json\/wp\/v2\/posts\/5021","targetHints":{"allow":["GET"]}}],"collection":[{"href":"https:\/\/cidadenoar.com\/global\/wp-json\/wp\/v2\/posts"}],"about":[{"href":"https:\/\/cidadenoar.com\/global\/wp-json\/wp\/v2\/types\/post"}],"author":[{"embeddable":true,"href":"https:\/\/cidadenoar.com\/global\/wp-json\/wp\/v2\/users\/1"}],"replies":[{"embeddable":true,"href":"https:\/\/cidadenoar.com\/global\/wp-json\/wp\/v2\/comments?post=5021"}],"version-history":[{"count":5,"href":"https:\/\/cidadenoar.com\/global\/wp-json\/wp\/v2\/posts\/5021\/revisions"}],"predecessor-version":[{"id":5035,"href":"https:\/\/cidadenoar.com\/global\/wp-json\/wp\/v2\/posts\/5021\/revisions\/5035"}],"wp:featuredmedia":[{"embeddable":true,"href":"https:\/\/cidadenoar.com\/global\/wp-json\/wp\/v2\/media\/5022"}],"wp:attachment":[{"href":"https:\/\/cidadenoar.com\/global\/wp-json\/wp\/v2\/media?parent=5021"}],"wp:term":[{"taxonomy":"category","embeddable":true,"href":"https:\/\/cidadenoar.com\/global\/wp-json\/wp\/v2\/categories?post=5021"},{"taxonomy":"post_tag","embeddable":true,"href":"https:\/\/cidadenoar.com\/global\/wp-json\/wp\/v2\/tags?post=5021"}],"curies":[{"name":"wp","href":"https:\/\/api.w.org\/{rel}","templated":true}]}}