{"id":5025,"date":"2025-08-18T19:55:43","date_gmt":"2025-08-18T22:55:43","guid":{"rendered":"https:\/\/cidadenoar.com\/?p=5025"},"modified":"2025-08-18T19:55:46","modified_gmt":"2025-08-18T22:55:46","slug":"saie-vetro-2025-reune-inovacao-e-grandes-nomes-da-industria-de-esquadrias-e-vidro-em-florianopolis","status":"publish","type":"post","link":"https:\/\/cidadenoar.com\/global\/economia-negocios\/saie-vetro-2025-reune-inovacao-e-grandes-nomes-da-industria-de-esquadrias-e-vidro-em-florianopolis\/","title":{"rendered":"SAIE VETRO 2025 re\u00fane inova\u00e7\u00e3o e grandes nomes da ind\u00fastria de esquadrias e vidro em Florian\u00f3polis"},"content":{"rendered":"\n<p>O SAIE VETRO, maior sal\u00e3o da ind\u00fastria de esquadrias e vidro da regi\u00e3o Sul, ocorrer\u00e1 de 10 a 12 de setembro no Centro de Conven\u00e7\u00f5es CentroSul, em Florian\u00f3polis. Realizado pela Revista Contramarco a cada dois anos, o evento espera receber mais de 8 mil visitantes e 130 expositores em uma \u00e1rea de oito mil metros quadrados.&nbsp;<\/p>\n\n\n\n<p>Voltado para profissionais e empres\u00e1rios do setor, o sal\u00e3o alia feira de neg\u00f3cios a uma programa\u00e7\u00e3o com 33 horas de conte\u00fado t\u00e9cnico e palestras especializadas, consolidando-se como ponto estrat\u00e9gico para atualiza\u00e7\u00e3o, networking e fechamento de neg\u00f3cios. O evento inicia a partir das 13h e vai at\u00e9 \u00e0s 20h.&nbsp;<\/p>\n\n\n\n<p><strong>Confira as solu\u00e7\u00f5es que algumas empresas expositoras apresentar\u00e3o no evento:<\/strong><\/p>\n\n\n\n<p>O <strong>Grupo ALushow<\/strong>, do Rio de Janeiro, re\u00fane suas marcas Alushow, EuroShow e RolShow para apresentar solu\u00e7\u00f5es para esquadrias de alum\u00ednio com foco em acess\u00f3rios e componentes t\u00e9cnicos. O destaque fica para mais de 50 modelos de roldanas RolShow, que atendem desde sistemas leves at\u00e9 aplica\u00e7\u00f5es robustas, com destaque para os modelos RS-150, indicado para sistemas m\u00e9dios com alto desempenho, e RS-80, reconhecido pelo custo-benef\u00edcio e durabilidade.<\/p>\n\n\n\n<figure class=\"wp-block-image size-large is-resized\"><img decoding=\"async\" src=\"https:\/\/clicsc.com.br\/wp-content\/uploads\/2025\/08\/Fecho-Elegance-Slim-do-Grupo-ALushow-819x1024.png\" alt=\"\" class=\"wp-image-121974\" style=\"width:483px;height:auto\" title=\"\"><figcaption class=\"wp-element-caption\"><em>Fecho Elegance Slim do Grupo ALushow<\/em><\/figcaption><\/figure>\n\n\n\n<p>Complementando, a linha Elegance da EuroShow apresenta fechos e ma\u00e7anetas de design minimalista e acabamento refinado, como o Fecho Elegance, Fecho Elegance Mini e Ma\u00e7aneta Elegance, desenvolvidos para projetos residenciais e comerciais que buscam unir est\u00e9tica e funcionalidade.<\/p>\n\n\n\n<figure class=\"wp-block-image size-large is-resized\"><img decoding=\"async\" src=\"https:\/\/clicsc.com.br\/wp-content\/uploads\/2025\/08\/Macaneta-Elegance-com-fecho-do-Grupo-ALushow-819x1024.png\" alt=\"\" class=\"wp-image-121975\" style=\"width:486px;height:auto\" title=\"\"><figcaption class=\"wp-element-caption\"><em>Ma\u00e7aneta Elegance com fecho do Grupo ALushow<\/em><\/figcaption><\/figure>\n\n\n\n<p>A <strong>Udinese<\/strong>, de Diadema (SP), integrante do <strong>Grupo ASSA ABLOY Brasil<\/strong>, traz solu\u00e7\u00f5es inovadoras como a Roldana Qu\u00e1drupla HD, com capacidade para at\u00e9 400 kg por folha, ideal para portas e janelas de grandes dimens\u00f5es em resid\u00eancias de alto padr\u00e3o. Outro destaque \u00e9 o Mecanismo Cremona Anti Falsa Manobra, que protege os pontos de travamento contra danos provocados por manobras inadequadas.<\/p>\n\n\n\n<p>Al\u00e9m disso, a empresa apresenta o Motor Tubular Anti Esmagamento para persianas integradas, equipado com conectividade Wi-Fi e sistema de seguran\u00e7a, aliando automa\u00e7\u00e3o e conforto. A linha de ma\u00e7anetas cremonas e fechos conchas tamb\u00e9m ganha novidades, incluindo o sofisticado Fecho Concha Aurea e novos puxadores exclusivos.<\/p>\n\n\n\n<p>A <strong>Voil\u00e1p Brasil<\/strong>, hub regional do <strong>Grupo Voil\u00e0p<\/strong> sediado em Indaiatuba, ser\u00e1 respons\u00e1vel por mostrar m\u00e1quinas para corte e usinagem de perfis de alum\u00ednio, PVC e a\u00e7os leves, al\u00e9m do software FPPro, que auxilia no c\u00e1lculo e gest\u00e3o de esquadrias. O destaque fica para o centro de usinagem 4 eixos Tekna TKE 938, tecnologia que promete maior precis\u00e3o e efici\u00eancia no processamento.<\/p>\n\n\n\n<figure class=\"wp-block-image size-large\"><img fetchpriority=\"high\" decoding=\"async\" width=\"1024\" height=\"529\" src=\"https:\/\/cidadenoar.com\/wp-content\/uploads\/sites\/22\/2025\/08\/O-novo-centro-de-usinagem-4-eixos-da-marca-Tekna-\u2013-o-TKE-938-apresentado-pela-Voilap-Brasil-1024x529.jpg\" alt=\"\" class=\"wp-image-5030\" title=\"\" srcset=\"https:\/\/cidadenoar.com\/global\/wp-content\/uploads\/sites\/22\/2025\/08\/O-novo-centro-de-usinagem-4-eixos-da-marca-Tekna-\u2013-o-TKE-938-apresentado-pela-Voilap-Brasil-1024x529.jpg 1024w, https:\/\/cidadenoar.com\/global\/wp-content\/uploads\/sites\/22\/2025\/08\/O-novo-centro-de-usinagem-4-eixos-da-marca-Tekna-\u2013-o-TKE-938-apresentado-pela-Voilap-Brasil-300x155.jpg 300w, https:\/\/cidadenoar.com\/global\/wp-content\/uploads\/sites\/22\/2025\/08\/O-novo-centro-de-usinagem-4-eixos-da-marca-Tekna-\u2013-o-TKE-938-apresentado-pela-Voilap-Brasil-768x397.jpg 768w, https:\/\/cidadenoar.com\/global\/wp-content\/uploads\/sites\/22\/2025\/08\/O-novo-centro-de-usinagem-4-eixos-da-marca-Tekna-\u2013-o-TKE-938-apresentado-pela-Voilap-Brasil-1536x794.jpg 1536w, https:\/\/cidadenoar.com\/global\/wp-content\/uploads\/sites\/22\/2025\/08\/O-novo-centro-de-usinagem-4-eixos-da-marca-Tekna-\u2013-o-TKE-938-apresentado-pela-Voilap-Brasil.jpg 1680w\" sizes=\"(max-width: 1024px) 100vw, 1024px\" \/><figcaption class=\"wp-element-caption\">O novo centro de usinagem 4 eixos da marca Tekna \u2013 o TKE 938, apresentado pela Voilap Brasil<\/figcaption><\/figure>\n\n\n\n<p>Entre outros expositores, a <strong>Acidato Vidros de Alto Padr\u00e3o<\/strong>, de Curitiba, apresenta o vidro laminado acidato, indicado para guarda-corpos, muros e coberturas, unindo seguran\u00e7a, privacidade e design sofisticado. J\u00e1 a <strong>Lopes M\u00e1quinas<\/strong>, de Maring\u00e1 (PR), leva para o evento a lapidadora com seis rebolos e lan\u00e7a mesas de corte para vidro monol\u00edtico e laminado, equipamentos que elevam a produtividade e a qualidade no setor.<\/p>\n\n\n\n<p>Mais informa\u00e7\u00f5es sobre o SAIE VETRO 2025 est\u00e3o dispon\u00edveis no <a href=\"https:\/\/www.saievetro.com\/\" target=\"_blank\" rel=\"noopener\">site oficial do evento<\/a>.<\/p>\n\n\n\n<figure class=\"wp-block-gallery has-nested-images columns-default is-cropped wp-block-gallery-1 is-layout-flex wp-block-gallery-is-layout-flex\">\n<figure class=\"wp-block-image size-large\"><img decoding=\"async\" data-id=\"121978\" src=\"https:\/\/clicsc.com.br\/wp-content\/uploads\/2025\/08\/Mais-do-que-uma-feira-o-SAIE-VETRO-oferece-uma-rica-programacao-de-conteudo-com-seminarios-palestras-e-encontros-tecnicos-1-1024x682.jpeg\" alt=\"\" class=\"wp-image-121978\" title=\"\"><figcaption class=\"wp-element-caption\"><em>Mais do que uma feira, o SAIE VETRO oferece uma rica programa\u00e7\u00e3o de conte\u00fado, com semin\u00e1rios, palestras e encontros t\u00e9cnicos <\/em><\/figcaption><\/figure>\n\n\n\n<figure class=\"wp-block-image size-large\"><img decoding=\"async\" data-id=\"121979\" src=\"https:\/\/clicsc.com.br\/wp-content\/uploads\/2025\/08\/Na-ultima-edicao-realizada-em-2023-o-SAIE-VETRO-recebeu-7.800-visitantes-de-diversas-regioes-do-Pais-1.jpg\" alt=\"\" class=\"wp-image-121979\" title=\"\"><figcaption class=\"wp-element-caption\">Na \u00faltima edi\u00e7\u00e3o, realizada em 2023, o SAIE VETRO recebeu 7.800 visitantes de diversas regi\u00f5es do Pa\u00eds <\/figcaption><\/figure>\n<\/figure>\n\n\n\n<p><\/p>\n","protected":false},"excerpt":{"rendered":"<p>Evento bienal traz mais de 150 marcas expositoras, lan\u00e7amentos e programa\u00e7\u00e3o t\u00e9cnica no CentroSul<\/p>\n","protected":false},"author":23,"featured_media":5029,"comment_status":"open","ping_status":"open","sticky":false,"template":"","format":"standard","meta":{"footnotes":""},"categories":[289],"tags":[581,375,156,285,294,376],"class_list":["post-5025","post","type-post","status-publish","format-standard","has-post-thumbnail","hentry","category-economia-negocios","tag-aluminio","tag-esquadria","tag-evento","tag-floripa","tag-saie-vetro","tag-vidro"],"_links":{"self":[{"href":"https:\/\/cidadenoar.com\/global\/wp-json\/wp\/v2\/posts\/5025","targetHints":{"allow":["GET"]}}],"collection":[{"href":"https:\/\/cidadenoar.com\/global\/wp-json\/wp\/v2\/posts"}],"about":[{"href":"https:\/\/cidadenoar.com\/global\/wp-json\/wp\/v2\/types\/post"}],"author":[{"embeddable":true,"href":"https:\/\/cidadenoar.com\/global\/wp-json\/wp\/v2\/users\/23"}],"replies":[{"embeddable":true,"href":"https:\/\/cidadenoar.com\/global\/wp-json\/wp\/v2\/comments?post=5025"}],"version-history":[{"count":2,"href":"https:\/\/cidadenoar.com\/global\/wp-json\/wp\/v2\/posts\/5025\/revisions"}],"predecessor-version":[{"id":5032,"href":"https:\/\/cidadenoar.com\/global\/wp-json\/wp\/v2\/posts\/5025\/revisions\/5032"}],"wp:featuredmedia":[{"embeddable":true,"href":"https:\/\/cidadenoar.com\/global\/wp-json\/wp\/v2\/media\/5029"}],"wp:attachment":[{"href":"https:\/\/cidadenoar.com\/global\/wp-json\/wp\/v2\/media?parent=5025"}],"wp:term":[{"taxonomy":"category","embeddable":true,"href":"https:\/\/cidadenoar.com\/global\/wp-json\/wp\/v2\/categories?post=5025"},{"taxonomy":"post_tag","embeddable":true,"href":"https:\/\/cidadenoar.com\/global\/wp-json\/wp\/v2\/tags?post=5025"}],"curies":[{"name":"wp","href":"https:\/\/api.w.org\/{rel}","templated":true}]}}