{"id":5076,"date":"2025-08-21T10:11:50","date_gmt":"2025-08-21T13:11:50","guid":{"rendered":"https:\/\/cidadenoar.com\/?p=5076"},"modified":"2025-08-21T10:20:37","modified_gmt":"2025-08-21T13:20:37","slug":"brasil-em-encruzilhada-tributaria-o-futuro-pos-reforma-em-debate","status":"publish","type":"post","link":"https:\/\/cidadenoar.com\/global\/opiniao\/brasil-em-encruzilhada-tributaria-o-futuro-pos-reforma-em-debate\/","title":{"rendered":"Brasil em Encruzilhada Tribut\u00e1ria: O Futuro P\u00f3s-Reforma em Debate"},"content":{"rendered":"\n<figure class=\"wp-block-image size-large\"><img fetchpriority=\"high\" decoding=\"async\" width=\"1024\" height=\"576\" src=\"https:\/\/cidadenoar.com\/wp-content\/uploads\/sites\/22\/2025\/08\/Design-sem-nome-1-Copy-1024x576.png\" alt=\"\" class=\"wp-image-5077\" title=\"\" srcset=\"https:\/\/cidadenoar.com\/global\/wp-content\/uploads\/sites\/22\/2025\/08\/Design-sem-nome-1-Copy-1024x576.png 1024w, https:\/\/cidadenoar.com\/global\/wp-content\/uploads\/sites\/22\/2025\/08\/Design-sem-nome-1-Copy-300x169.png 300w, https:\/\/cidadenoar.com\/global\/wp-content\/uploads\/sites\/22\/2025\/08\/Design-sem-nome-1-Copy-768x432.png 768w, https:\/\/cidadenoar.com\/global\/wp-content\/uploads\/sites\/22\/2025\/08\/Design-sem-nome-1-Copy.png 1152w\" sizes=\"(max-width: 1024px) 100vw, 1024px\" \/><\/figure>\n\n\n\n<h2 class=\"wp-block-heading\"><\/h2>\n\n\n\n<p>Ap\u00f3s d\u00e9cadas de debates, o Brasil deu um passo monumental com a aprova\u00e7\u00e3o da Emenda Constitucional n\u00ba 132\/2023, que visa reformar o complexo sistema tribut\u00e1rio do pa\u00eds. A promessa \u00e9 de simplifica\u00e7\u00e3o, crescimento econ\u00f4mico e maior competitividade global. No entanto, enquanto a regulamenta\u00e7\u00e3o avan\u00e7a, especialistas e setores da economia levantam cr\u00edticas e preocupa\u00e7\u00f5es, questionando se o novo modelo realmente entregar\u00e1 os benef\u00edcios esperados.<\/p>\n\n\n\n<h3 class=\"wp-block-heading\">A Era da Complexidade: De 37 Normas Di\u00e1rias \u00e0 Guerra Fiscal<\/h3>\n\n\n\n<p>O sistema tribut\u00e1rio pr\u00e9-reforma \u00e9 um emaranhado de regras que dificultam o empreendedorismo e a competitividade. Desde a Constitui\u00e7\u00e3o de 1988, foram criadas mais de 460 mil normas tribut\u00e1rias, o que equivale a cerca de 37 por dia \u00fatil. Impostos como o ICMS, com 27 legisla\u00e7\u00f5es estaduais, e o ISS, com mais de 5.500 leis municipais, geram um custo burocr\u00e1tico alt\u00edssimo e distor\u00e7\u00f5es na economia.1<\/p>\n\n\n\n<p>Essa complexidade tamb\u00e9m alimenta a chamada &#8220;guerra fiscal&#8221;, uma disputa acirrada entre estados que oferecem benef\u00edcios e isen\u00e7\u00f5es para atrair empresas. O problema \u00e9 que, ao abrir m\u00e3o da receita no local de produ\u00e7\u00e3o, o estado de origem perde arrecada\u00e7\u00e3o e, muitas vezes, o estado de consumo tamb\u00e9m, criando uma situa\u00e7\u00e3o em que todos saem perdendo. A reforma, ao mudar a tributa\u00e7\u00e3o do local de produ\u00e7\u00e3o para o local de consumo, busca eliminar a raiz desse problema.<\/p>\n\n\n\n<h3 class=\"wp-block-heading\">A Grande Aposta: O Imposto sobre Valor Adicionado (IVA) Dual<\/h3>\n\n\n\n<p>A principal aposta da reforma \u00e9 substituir cinco tributos sobre o consumo (IPI, PIS, Cofins, ICMS e ISS) por um modelo de Imposto sobre Valor Adicionado (IVA) Dual. Ele ser\u00e1 composto por dois novos tributos: a Contribui\u00e7\u00e3o sobre Bens e Servi\u00e7os (CBS), de compet\u00eancia federal, e o Imposto sobre Bens e Servi\u00e7os (IBS), compartilhado entre estados e munic\u00edpios. A ideia \u00e9 que o novo sistema seja mais transparente, com al\u00edquota \u00fanica e n\u00e3o-cumulatividade plena, permitindo que as empresas deduzam o imposto pago em etapas anteriores da cadeia de produ\u00e7\u00e3o, o que hoje \u00e9 um problema grave no sistema atual.<\/p>\n\n\n\n<p>O novo sistema tamb\u00e9m prev\u00ea a cria\u00e7\u00e3o do Imposto Seletivo (IS), apelidado de &#8220;imposto do pecado&#8221;, que incidir\u00e1 sobre bens e servi\u00e7os que se deseja desestimular, como cigarros e bebidas, com uma finalidade extrafiscal.<\/p>\n\n\n\n<h3 class=\"wp-block-heading\">Os Desafios da Regulamenta\u00e7\u00e3o e as Fissuras no Novo Modelo<\/h3>\n\n\n\n<p>Embora a reforma tenha sido aprovada, o grande desafio est\u00e1 em sua regulamenta\u00e7\u00e3o, que ser\u00e1 definida por projetos de lei complementares. E \u00e9 neste ponto que as cr\u00edticas se aprofundam.<\/p>\n\n\n\n<p>Um dos primeiros ru\u00eddos surgiu com a extens\u00e3o e a complexidade do Projeto de Lei Complementar (PLP), que, com 499 artigos e 360 p\u00e1ginas, j\u00e1 \u00e9 maior que o pr\u00f3prio C\u00f3digo Tribut\u00e1rio Nacional, contrariando o princ\u00edpio de simplicidade do IVA. Outra preocupa\u00e7\u00e3o central \u00e9 a al\u00edquota final do IVA. A proje\u00e7\u00e3o do governo de 26,5% \u00e9 contestada por especialistas, que preveem que ela pode chegar a 33% ou mais para compensar o grande n\u00famero de exce\u00e7\u00f5es, isen\u00e7\u00f5es e regimes diferenciados concedidos a setores como o agroneg\u00f3cio.5<\/p>\n\n\n\n<p>O setor de servi\u00e7os, em particular, teme ser o maior prejudicado. C\u00e1lculos de entidades como a FecomercioSP indicam que a carga tribut\u00e1ria sobre o setor pode aumentar em at\u00e9 96%, pois sua principal despesa, a folha de pagamento, n\u00e3o gera cr\u00e9dito tribut\u00e1rio no novo modelo. Esse aumento, se repassado ao consumidor, pode levar \u00e0 redu\u00e7\u00e3o da demanda e perda de competitividade.<\/p>\n\n\n\n<p>As controv\u00e9rsias n\u00e3o param por a\u00ed. A aplica\u00e7\u00e3o do Imposto Seletivo tem sido criticada por excluir itens como armas de fogo, enquanto tributa a extra\u00e7\u00e3o de bens minerais e petr\u00f3leo, gerando um debate sobre a coer\u00eancia da sua fun\u00e7\u00e3o extrafiscal. A transi\u00e7\u00e3o, que pode durar at\u00e9 50 anos para a reparti\u00e7\u00e3o das receitas entre os entes federados, tamb\u00e9m \u00e9 um ponto de preocupa\u00e7\u00e3o, levantando incertezas e instabilidade para as empresas no longo prazo.<\/p>\n\n\n\n<h3 class=\"wp-block-heading\">O Comit\u00ea Gestor e o Equil\u00edbrio Federativo<\/h3>\n\n\n\n<p>Para gerir o novo sistema, ser\u00e1 criado o Comit\u00ea Gestor do IBS, uma entidade que centralizar\u00e1 a arrecada\u00e7\u00e3o, a compensa\u00e7\u00e3o de cr\u00e9ditos e a distribui\u00e7\u00e3o da receita para estados e munic\u00edpios. A ideia \u00e9 garantir a uniformidade da legisla\u00e7\u00e3o e acabar com os conflitos. No entanto, sua cria\u00e7\u00e3o suscita o debate sobre a potencial perda de autonomia fiscal dos entes federados, j\u00e1 que o Comit\u00ea ter\u00e1 controle sobre as regras operacionais.<\/p>\n\n\n\n<h3 class=\"wp-block-heading\">Conclus\u00e3o: Uma Jornada Longe do Fim<\/h3>\n\n\n\n<p>A reforma tribut\u00e1ria \u00e9, sem d\u00favida, um dos movimentos mais ambiciosos da economia brasileira nas \u00faltimas d\u00e9cadas. A promessa de um sistema mais simples, com maior seguran\u00e7a jur\u00eddica e capacidade de atrair investimentos, \u00e9 ineg\u00e1vel. Estudos apontam para um crescimento adicional do PIB de 12% a 20% em 15 anos, caso a reforma seja bem-sucedida.<\/p>\n\n\n\n<p>No entanto, a regulamenta\u00e7\u00e3o em curso revela que a batalha por um sistema mais justo e eficiente est\u00e1 longe do fim. A resposta para a pergunta se a reforma realmente cumprir\u00e1 seus objetivos depender\u00e1 da capacidade do Congresso de resolver as fissuras apontadas por especialistas, garantindo que a simplifica\u00e7\u00e3o n\u00e3o se transforme em uma nova camada de complexidade e que a carga tribut\u00e1ria seja distribu\u00edda de forma equitativa, sem prejudicar setores-chave da economia. O sucesso da reforma ser\u00e1 medido n\u00e3o apenas na teoria, mas na pr\u00e1tica, no dia a dia das empresas e na mesa do consumidor.<\/p>\n\n\n\n<p><strong>escrito por Bruna Sobczack &#8211;<\/strong> Especialista em Direito Tribut\u00e1rio, atua com Planejamento e Recupera\u00e7\u00e3o Tribut\u00e1ria para neg\u00f3cios e patrim\u00f4nio. Como articulista, traduz temas complexos do direito em an\u00e1lises claras e estrat\u00e9gicas para o leitor.<\/p>\n","protected":false},"excerpt":{"rendered":"<p>Ap\u00f3s d\u00e9cadas de debates, o Brasil deu um passo monumental com a aprova\u00e7\u00e3o da Emenda Constitucional n\u00ba 132\/2023, que visa reformar o complexo sistema tribut\u00e1rio do pa\u00eds. A promessa \u00e9 de simplifica\u00e7\u00e3o, crescimento econ\u00f4mico e maior competitividade global. No entanto, enquanto a regulamenta\u00e7\u00e3o avan\u00e7a, especialistas e setores da economia levantam cr\u00edticas e preocupa\u00e7\u00f5es, questionando se&#8230;<\/p>\n","protected":false},"author":22,"featured_media":0,"comment_status":"open","ping_status":"open","sticky":false,"template":"","format":"standard","meta":{"footnotes":""},"categories":[11,289,10],"tags":[22,36,31,52,24,57],"class_list":["post-5076","post","type-post","status-publish","format-standard","hentry","category-brasil","category-economia-negocios","category-opiniao","tag-brasil","tag-economia","tag-educacao","tag-empreendedorismo","tag-internacional","tag-itapema-sc"],"_links":{"self":[{"href":"https:\/\/cidadenoar.com\/global\/wp-json\/wp\/v2\/posts\/5076","targetHints":{"allow":["GET"]}}],"collection":[{"href":"https:\/\/cidadenoar.com\/global\/wp-json\/wp\/v2\/posts"}],"about":[{"href":"https:\/\/cidadenoar.com\/global\/wp-json\/wp\/v2\/types\/post"}],"author":[{"embeddable":true,"href":"https:\/\/cidadenoar.com\/global\/wp-json\/wp\/v2\/users\/22"}],"replies":[{"embeddable":true,"href":"https:\/\/cidadenoar.com\/global\/wp-json\/wp\/v2\/comments?post=5076"}],"version-history":[{"count":1,"href":"https:\/\/cidadenoar.com\/global\/wp-json\/wp\/v2\/posts\/5076\/revisions"}],"predecessor-version":[{"id":5078,"href":"https:\/\/cidadenoar.com\/global\/wp-json\/wp\/v2\/posts\/5076\/revisions\/5078"}],"wp:attachment":[{"href":"https:\/\/cidadenoar.com\/global\/wp-json\/wp\/v2\/media?parent=5076"}],"wp:term":[{"taxonomy":"category","embeddable":true,"href":"https:\/\/cidadenoar.com\/global\/wp-json\/wp\/v2\/categories?post=5076"},{"taxonomy":"post_tag","embeddable":true,"href":"https:\/\/cidadenoar.com\/global\/wp-json\/wp\/v2\/tags?post=5076"}],"curies":[{"name":"wp","href":"https:\/\/api.w.org\/{rel}","templated":true}]}}