{"id":5084,"date":"2025-08-21T16:17:41","date_gmt":"2025-08-21T19:17:41","guid":{"rendered":"https:\/\/cidadenoar.com\/?p=5084"},"modified":"2025-08-22T22:27:37","modified_gmt":"2025-08-23T01:27:37","slug":"felipe-airan-lanca-imersao-mestre-em-negocios-em-florianopolis-com-cinco-dias-de-aprendizado-estrategico-e-acompanhamento-de-seis-meses","status":"publish","type":"post","link":"https:\/\/cidadenoar.com\/global\/economia-negocios\/felipe-airan-lanca-imersao-mestre-em-negocios-em-florianopolis-com-cinco-dias-de-aprendizado-estrategico-e-acompanhamento-de-seis-meses\/","title":{"rendered":"Felipe Airan lan\u00e7a imers\u00e3o \u201cMestre em Neg\u00f3cios\u201d em Florian\u00f3polis com cinco dias de aprendizado estrat\u00e9gico e acompanhamento de seis meses"},"content":{"rendered":"\n<p>Florian\u00f3polis ser\u00e1 o palco, de 22 a 26 de setembro de 2025, da imers\u00e3o <strong>Mestre em Neg\u00f3cios<\/strong>, idealizada por Felipe Airan, empreendedor com mais de 17 anos de experi\u00eancia e especialista em gest\u00e3o financeira. O evento presencial, promovido pelo <strong>Grupo AR Educa\u00e7\u00e3o<\/strong>, promete oferecer aos participantes uma experi\u00eancia completa de cinco dias, com foco em crescimento empresarial, lideran\u00e7a, processos eficientes, marketing, vendas e cultura organizacional.<\/p>\n\n\n\n<p>Segundo a organiza\u00e7\u00e3o, a imers\u00e3o foi desenvolvida para formar uma nova gera\u00e7\u00e3o de empreendedores, proporcionando aprendizado intensivo e aplica\u00e7\u00e3o pr\u00e1tica imediata. Durante os cinco dias, os participantes ter\u00e3o a oportunidade de realizar um diagn\u00f3stico completo de todas as \u00e1reas de seus neg\u00f3cios, identificar pontos de melhoria e tra\u00e7ar um plano de a\u00e7\u00e3o personalizado, que ser\u00e1 acompanhado por seis meses por meio de reuni\u00f5es mensais de monitoramento e suporte cont\u00ednuo.<\/p>\n\n\n\n<p>Felipe Airan \u00e9 s\u00f3cio fundador do Grupo AR Educa\u00e7\u00e3o e lidera um ecossistema de neg\u00f3cios autogerenci\u00e1veis com mais de 50 colaboradores. Ele j\u00e1 impactou mais de 4.000 pessoas atrav\u00e9s de palestras, consultorias e eventos, criando estrat\u00e9gias eficazes para aumentar a lucratividade de empres\u00e1rios e empreendedores. Em conjunto com <a href=\"https:\/\/cidadenoar.com\/tecnologia-educacao\/anderson-luiz-emociona-plateia-no-segundo-dia-da-imersao-negocios-exponenciais-em-florianopolis\/\" target=\"_blank\" data-type=\"post\" data-id=\"5013\" rel=\"noreferrer noopener\">Anderson Luiz<\/a>, especialista em PNL e intelig\u00eancia financeira, escritor e estrategista de vidas e neg\u00f3cios, Felipe busca unir conhecimento pr\u00e1tico e desenvolvimento comportamental para gerar resultados reais e duradouros. Anderson Luiz \u00e9 terapeuta comportamental, mestrando em psicologia, possui MBA em neg\u00f3cios e gest\u00e3o financeira e j\u00e1 treinou mais de 200 mil pessoas, tendo estudado diretamente com Tony Robbins nos Estados Unidos.<\/p>\n\n\n\n<p>O evento \u00e9 estruturado em tr\u00eas pilares: <strong>diagnosticar, aplicar e monitorar<\/strong>. Na etapa de diagn\u00f3stico, os participantes fazem um raio-x completo de suas empresas, avaliando finan\u00e7as, processos internos, vendas, marketing, gest\u00e3o de pessoas e cultura organizacional. O resultado identifica o est\u00e1gio de maturidade da empresa e aponta as \u00e1reas que exigem maior aten\u00e7\u00e3o, oferecendo aos empres\u00e1rios um mapa claro do que precisa ser ajustado para acelerar o crescimento.<\/p>\n\n\n\n<p>Na fase de aplica\u00e7\u00e3o, os participantes recebem um plano personalizado de a\u00e7\u00e3o dividido em tr\u00eas etapas: pendente, em andamento e conclu\u00eddo. Todo o processo \u00e9 acompanhado de perto pela equipe do Grupo AR Educa\u00e7\u00e3o, garantindo que as estrat\u00e9gias sejam implementadas de forma eficaz e alinhadas aos objetivos do neg\u00f3cio. A etapa final, de monitoramento, envolve encontros mensais para avaliar resultados, ajustar planos e criar um ambiente prop\u00edcio para o crescimento sustent\u00e1vel do neg\u00f3cio.<\/p>\n\n\n\n<p>Al\u00e9m da programa\u00e7\u00e3o pr\u00e1tica, a imers\u00e3o oferece <strong>mais de 50 cursos complementares<\/strong>, certificados de conclus\u00e3o reconhecidos e acesso a uma plataforma online exclusiva, que permite aos participantes acompanhar seu progresso, interagir com especialistas e acessar conte\u00fados adicionais de forma intuitiva, em formato semelhante ao de grandes plataformas de streaming.<\/p>\n\n\n\n<p>Um dos diferenciais da imers\u00e3o \u00e9 a inclus\u00e3o de <strong>b\u00f4nus exclusivos<\/strong>: tr\u00eas dias na imers\u00e3o <strong>Neg\u00f3cios Exponenciais<\/strong>, quatro dias no <strong>maior evento de PNL do mundo, M\u00e9todo TES<\/strong>, e acesso \u00e0 plataforma de alta performance do Grupo AR Educa\u00e7\u00e3o, que garante aprendizado cont\u00ednuo e suporte ap\u00f3s o t\u00e9rmino da imers\u00e3o presencial.<\/p>\n\n\n\n<p>A proposta do evento n\u00e3o se limita apenas ao crescimento financeiro, mas tamb\u00e9m ao desenvolvimento pessoal do empres\u00e1rio. Felipe Airan enfatiza que n\u00e3o existe <strong>CNPJ forte com CPF fraco<\/strong>, destacando a import\u00e2ncia de l\u00edderes preparados, com intelig\u00eancia emocional e capacidade de gerir equipes e processos de maneira estrat\u00e9gica. Os participantes aprendem a separar vida pessoal e profissional, melhorar o desempenho da equipe, implementar processos eficientes e criar estrat\u00e9gias de marketing e vendas alinhadas ao crescimento sustent\u00e1vel.<\/p>\n\n\n\n<p>O <strong>Mestre em Neg\u00f3cios<\/strong> \u00e9 voltado para empres\u00e1rios que desejam aumentar a lucratividade de suas empresas, gestores que buscam dominar n\u00fameros e processos internos, profissionais de marketing e vendas que querem integrar estrat\u00e9gia e execu\u00e7\u00e3o, al\u00e9m de pessoas em transi\u00e7\u00e3o de carreira ou iniciando o pr\u00f3prio neg\u00f3cio. O evento oferece ainda uma trilha exclusiva para transformar ideias em projetos s\u00f3lidos e lucrativos.<\/p>\n\n\n\n<p>Com cinco dias presenciais, seis meses de acompanhamento, diagn\u00f3sticos empresariais detalhados, reuni\u00f5es mensais, mais de 50 cursos e certifica\u00e7\u00e3o de conclus\u00e3o, a imers\u00e3o promete transformar a forma como os participantes enxergam e conduzem seus neg\u00f3cios. O evento refor\u00e7a o compromisso de Felipe Airan e Anderson Luiz em capacitar empreendedores e l\u00edderes com conhecimento pr\u00e1tico, estrat\u00e9gias eficientes e suporte cont\u00ednuo para resultados reais.<\/p>\n\n\n\n<p>As inscri\u00e7\u00f5es est\u00e3o abertas e podem ser realizadas atrav\u00e9s do site oficial do evento. A expectativa \u00e9 que Florian\u00f3polis receba empres\u00e1rios e empreendedores de todo o pa\u00eds, fortalecendo o networking, compartilhando experi\u00eancias e impulsionando neg\u00f3cios com vis\u00e3o estrat\u00e9gica e sustent\u00e1vel.<\/p>\n\n\n\n<p>Para mais informa\u00e7\u00f5es e inscri\u00e7\u00f5es, acesse <a href=\"https:\/\/mestreemnegocios.com.br\" target=\"_blank\" rel=\"noopener\">https:\/\/mestreemnegocios.com.br<\/a>.<\/p>\n","protected":false},"excerpt":{"rendered":"<p>Florian\u00f3polis ser\u00e1 o palco, de 22 a 26 de setembro de 2025, da imers\u00e3o Mestre em Neg\u00f3cios, idealizada por Felipe Airan, empreendedor com mais de 17 anos de experi\u00eancia e especialista em gest\u00e3o financeira. O evento presencial, promovido pelo Grupo AR Educa\u00e7\u00e3o, promete oferecer aos participantes uma experi\u00eancia completa de cinco dias, com foco em&#8230;<\/p>\n","protected":false},"author":1,"featured_media":5085,"comment_status":"open","ping_status":"open","sticky":false,"template":"","format":"standard","meta":{"footnotes":""},"categories":[289],"tags":[31,52,92],"class_list":["post-5084","post","type-post","status-publish","format-standard","has-post-thumbnail","hentry","category-economia-negocios","tag-educacao","tag-empreendedorismo","tag-florianopolis-sc"],"_links":{"self":[{"href":"https:\/\/cidadenoar.com\/global\/wp-json\/wp\/v2\/posts\/5084","targetHints":{"allow":["GET"]}}],"collection":[{"href":"https:\/\/cidadenoar.com\/global\/wp-json\/wp\/v2\/posts"}],"about":[{"href":"https:\/\/cidadenoar.com\/global\/wp-json\/wp\/v2\/types\/post"}],"author":[{"embeddable":true,"href":"https:\/\/cidadenoar.com\/global\/wp-json\/wp\/v2\/users\/1"}],"replies":[{"embeddable":true,"href":"https:\/\/cidadenoar.com\/global\/wp-json\/wp\/v2\/comments?post=5084"}],"version-history":[{"count":1,"href":"https:\/\/cidadenoar.com\/global\/wp-json\/wp\/v2\/posts\/5084\/revisions"}],"predecessor-version":[{"id":5086,"href":"https:\/\/cidadenoar.com\/global\/wp-json\/wp\/v2\/posts\/5084\/revisions\/5086"}],"wp:featuredmedia":[{"embeddable":true,"href":"https:\/\/cidadenoar.com\/global\/wp-json\/wp\/v2\/media\/5085"}],"wp:attachment":[{"href":"https:\/\/cidadenoar.com\/global\/wp-json\/wp\/v2\/media?parent=5084"}],"wp:term":[{"taxonomy":"category","embeddable":true,"href":"https:\/\/cidadenoar.com\/global\/wp-json\/wp\/v2\/categories?post=5084"},{"taxonomy":"post_tag","embeddable":true,"href":"https:\/\/cidadenoar.com\/global\/wp-json\/wp\/v2\/tags?post=5084"}],"curies":[{"name":"wp","href":"https:\/\/api.w.org\/{rel}","templated":true}]}}