{"id":5089,"date":"2025-08-22T21:18:20","date_gmt":"2025-08-23T00:18:20","guid":{"rendered":"https:\/\/cidadenoar.com\/?p=5089"},"modified":"2025-08-29T23:15:35","modified_gmt":"2025-08-30T02:15:35","slug":"grupo-o-boticario-anuncia-loja-em-guabiruba-e-reforca-presenca-no-vale-do-itajai","status":"publish","type":"post","link":"https:\/\/cidadenoar.com\/global\/economia-negocios\/grupo-o-boticario-anuncia-loja-em-guabiruba-e-reforca-presenca-no-vale-do-itajai\/","title":{"rendered":"Grupo O Botic\u00e1rio anuncia loja em Guabiruba e refor\u00e7a presen\u00e7a no Vale do Itaja\u00ed"},"content":{"rendered":"\n<p>O Grupo O Botic\u00e1rio acaba de anunciar a chegada ao munic\u00edpio de Guabiruba, com a inaugura\u00e7\u00e3o de uma nova franquia no primeiro semestre de 2026. A cidade, que j\u00e1 era atendida por meio do canal de venda direta desde 2011, agora passa a fazer parte do plano de expans\u00e3o f\u00edsica da marca, com uma loja nos mesmos padr\u00f5es de qualidade, experi\u00eancia e atendimento da unidade de Brusque.<\/p>\n\n\n\n<p>A decis\u00e3o de instalar uma opera\u00e7\u00e3o em Guabiruba \u00e9 resultado direto do crescimento econ\u00f4mico e da consolida\u00e7\u00e3o da marca na regi\u00e3o. \u201cHoje atuamos focados em expans\u00e3o de mercado. Nossas estrat\u00e9gias comerciais visam garantir cada vez mais participa\u00e7\u00e3o no setor de Higiene Pessoal, Cosm\u00e9ticos e Perfumaria (HPC) em Brusque e regi\u00e3o. Atualmente, a cada cinco itens vendidos nessa categoria, um passa pelos nossos canais de venda ou multimarcas do grupo. Queremos alcan\u00e7ar 26% desse mercado at\u00e9 2030\u201d, explica Izabele Cristine, franqueada local.<\/p>\n\n\n\n<p>A chegada da nova franquia vem para sustentar fisicamente esse crescimento projetado de demanda, consolidando a presen\u00e7a do Grupo no Vale do Itaja\u00ed. A estrutura em Guabiruba seguir\u00e1 os mesmos padr\u00f5es da loja de Brusque, com ambiente moderno, acess\u00edvel e voltado para a excel\u00eancia no atendimento.&nbsp;<\/p>\n\n\n\n<p>A expans\u00e3o para Guabiruba refor\u00e7a o compromisso do Grupo O Botic\u00e1rio com o desenvolvimento regional, a gera\u00e7\u00e3o de empregos locais e a oferta de uma experi\u00eancia de marca completa e pr\u00f3xima da comunidade. A opera\u00e7\u00e3o ser\u00e1 liderada por Izabele Cristine de Souza e Lindomar Luiz Junior, franqueados que passaram por um criterioso processo de forma\u00e7\u00e3o junto \u00e0 franqueadora para garantir a continuidade do legado da marca com vis\u00e3o de futuro. \u201cEstamos muito felizes em anunciar essa novidade. Guabiruba cresceu, se desenvolveu e est\u00e1 pronta para receber uma opera\u00e7\u00e3o pr\u00f3pria do Botic\u00e1rio\u201d, afirma Izabele.<\/p>\n\n\n\n<p>Essa novidade fez parte de um plano maior de expans\u00e3o regional, que incluiu tamb\u00e9m a inaugura\u00e7\u00e3o de dois centros log\u00edsticos em Santa Catarina, localizados em Brusque e Laguna. Os dois centros, com 1.160 m\u00b2 de \u00e1rea total, foram inaugurados no dia 16 de julho e atende mais de 2 mil revendedores, funcionando ainda como espa\u00e7o de capacita\u00e7\u00e3o com a cria\u00e7\u00e3o da \u201cEscola do Revendedor\u201d e do \u201cEspa\u00e7o da Beleza\u201d, iniciativas voltadas para qualifica\u00e7\u00e3o em vendas e conhecimento de produtos.<\/p>\n\n\n\n<p>Com essa movimenta\u00e7\u00e3o, o Grupo O Botic\u00e1rio d\u00e1 mais um passo estrat\u00e9gico rumo ao fortalecimento de sua atua\u00e7\u00e3o em Santa Catarina, levando \u00e0 Guabiruba toda a estrutura, inova\u00e7\u00e3o e excel\u00eancia que j\u00e1 s\u00e3o refer\u00eancia na loja de Brusque.<\/p>\n","protected":false},"excerpt":{"rendered":"<p>Com atua\u00e7\u00e3o estrat\u00e9gica e foco no crescimento regional, grupo expande a marca com estrutura completa e projeta abertura da opera\u00e7\u00e3o para 2026 <\/p>\n","protected":false},"author":23,"featured_media":5090,"comment_status":"open","ping_status":"open","sticky":false,"template":"","format":"standard","meta":{"footnotes":""},"categories":[289],"tags":[451,536,589],"class_list":["post-5089","post","type-post","status-publish","format-standard","has-post-thumbnail","hentry","category-economia-negocios","tag-boticario","tag-guabiruba","tag-loja"],"_links":{"self":[{"href":"https:\/\/cidadenoar.com\/global\/wp-json\/wp\/v2\/posts\/5089","targetHints":{"allow":["GET"]}}],"collection":[{"href":"https:\/\/cidadenoar.com\/global\/wp-json\/wp\/v2\/posts"}],"about":[{"href":"https:\/\/cidadenoar.com\/global\/wp-json\/wp\/v2\/types\/post"}],"author":[{"embeddable":true,"href":"https:\/\/cidadenoar.com\/global\/wp-json\/wp\/v2\/users\/23"}],"replies":[{"embeddable":true,"href":"https:\/\/cidadenoar.com\/global\/wp-json\/wp\/v2\/comments?post=5089"}],"version-history":[{"count":2,"href":"https:\/\/cidadenoar.com\/global\/wp-json\/wp\/v2\/posts\/5089\/revisions"}],"predecessor-version":[{"id":5092,"href":"https:\/\/cidadenoar.com\/global\/wp-json\/wp\/v2\/posts\/5089\/revisions\/5092"}],"wp:featuredmedia":[{"embeddable":true,"href":"https:\/\/cidadenoar.com\/global\/wp-json\/wp\/v2\/media\/5090"}],"wp:attachment":[{"href":"https:\/\/cidadenoar.com\/global\/wp-json\/wp\/v2\/media?parent=5089"}],"wp:term":[{"taxonomy":"category","embeddable":true,"href":"https:\/\/cidadenoar.com\/global\/wp-json\/wp\/v2\/categories?post=5089"},{"taxonomy":"post_tag","embeddable":true,"href":"https:\/\/cidadenoar.com\/global\/wp-json\/wp\/v2\/tags?post=5089"}],"curies":[{"name":"wp","href":"https:\/\/api.w.org\/{rel}","templated":true}]}}