{"id":5099,"date":"2025-08-25T09:38:51","date_gmt":"2025-08-25T12:38:51","guid":{"rendered":"https:\/\/cidadenoar.com\/?p=5099"},"modified":"2025-08-29T23:14:41","modified_gmt":"2025-08-30T02:14:41","slug":"febratex-summit-movimenta-setor-textil-com-mais-de-90-expositores-em-blumenau","status":"publish","type":"post","link":"https:\/\/cidadenoar.com\/global\/economia-negocios\/febratex-summit-movimenta-setor-textil-com-mais-de-90-expositores-em-blumenau\/","title":{"rendered":"Febratex Summit movimenta setor t\u00eaxtil com mais de 90 expositores em Blumenau"},"content":{"rendered":"\n<p>A ind\u00fastria da moda viveu tr\u00eas dias de imers\u00e3o em sustentabilidade, tecnologia e neg\u00f3cios durante o\u00a0<strong>Febratex Summit<\/strong>\u00a02025, realizado de 19 a 21 de agosto, no Parque Vila Germ\u00e2nica, em <a href=\"https:\/\/cidadenoar.com.br\" target=\"_blank\" rel=\"noreferrer noopener\">Blumenau<\/a> (SC). O evento reuniu mais de 90 expositores e atraiu sete mil visitantes interessados em solu\u00e7\u00f5es que est\u00e3o transformando o mercado t<strong>\u00eaxtil<\/strong>\u00a0e consolidando a feira como um dos principais encontros do setor no Brasil.\u00a0<\/p>\n\n\n\n<p>A programa\u00e7\u00e3o contou com pain\u00e9is de especialistas nacionais e internacionais, espa\u00e7os de\u00a0<strong>networking<\/strong>\u00a0e tr\u00eas desfiles. Um deles valorizou cria\u00e7\u00f5es autorais brasileiras com potencial de visibilidade internacional; outro apresentou tend\u00eancias in\u00e9ditas vindas diretamente da Europa; e, o terceiro, destacou a criatividade dos estudantes da Universidade <a href=\"https:\/\/cidadenoar.com\" target=\"_blank\" rel=\"noreferrer noopener\">Regional <\/a>de Blumenau (Furb).\u00a0<\/p>\n\n\n\n<p>Para a diretora-executiva do Febratex Group, Giordana Madeira, a diversidade de conte\u00fado \u00e9 o que garante o impacto do encontro. \u201cO Febratex Summit \u00e9 um espa\u00e7o em que criatividade e neg\u00f3cios caminham juntos. Cada expositor e&nbsp;parceiro traz uma perspectiva \u00fanica, que enriquece o ecossistema da moda, impulsiona oportunidades comerciais e ajuda a desenhar os pr\u00f3ximos passos do mercado\u201d, afirma.&nbsp;<\/p>\n\n\n\n<p>Um exemplo dessa proposta foi o Sebrae, presente como expositor com o projeto Sebrae Moda. A institui\u00e7\u00e3o apresentou trabalhos de seus programas voltados \u00e0 educa\u00e7\u00e3o e ao empreendedorismo e proporcionou uma experi\u00eancia interativa com a Lis, assistente de intelig\u00eancia artificial, que ofereceu insights estrat\u00e9gicos diretamente aos empreendedores.&nbsp;<\/p>\n\n\n\n<p>\u201cRecebemos um p\u00fablico diverso, que teve a oportunidade de entender nosso direcionamento dentro do ecossistema t\u00eaxtil. Foi gratificante abordar sustentabilidade e apresentar nossos resultados. Tamb\u00e9m participamos ativamente da programa\u00e7\u00e3o, debatendo a moda que se reinventa e se transforma, um tema de grande relev\u00e2ncia para o futuro do setor\u201d, conta Sabrina Rosa, analista t\u00e9cnica de projetos do Sebrae.&nbsp;<\/p>\n\n\n\n<p>Ao colocar lado a lado tecnologia de ponta, cases de sucesso e estrat\u00e9gias de mercado, o Febratex Summit 2025 refor\u00e7ou sua posi\u00e7\u00e3o como um hub de transforma\u00e7\u00e3o e inspira\u00e7\u00e3o para a moda brasileira, conectando ind\u00fastria, varejo e profissionais em torno de um mesmo objetivo: construir um futuro mais inovador e sustent\u00e1vel para o setor t\u00eaxtil.&nbsp;&nbsp;<\/p>\n\n\n\n<p><a href=\"https:\/\/www.febratexsummit.com.br\/\" target=\"_blank\" rel=\"noreferrer noopener\"><strong>Febratex Summit<\/strong><\/a>&nbsp;&nbsp;<\/p>\n","protected":false},"excerpt":{"rendered":"<p>Feira reuniu sete mil visitantes e destacou a inova\u00e7\u00e3o, a sustentabilidade e a criatividade na ind\u00fastria da moda<\/p>\n","protected":false},"author":1,"featured_media":5100,"comment_status":"open","ping_status":"open","sticky":false,"template":"","format":"standard","meta":{"footnotes":""},"categories":[289],"tags":[36,52,54,590],"class_list":["post-5099","post","type-post","status-publish","format-standard","has-post-thumbnail","hentry","category-economia-negocios","tag-economia","tag-empreendedorismo","tag-eventos-e-shows","tag-feiras"],"_links":{"self":[{"href":"https:\/\/cidadenoar.com\/global\/wp-json\/wp\/v2\/posts\/5099","targetHints":{"allow":["GET"]}}],"collection":[{"href":"https:\/\/cidadenoar.com\/global\/wp-json\/wp\/v2\/posts"}],"about":[{"href":"https:\/\/cidadenoar.com\/global\/wp-json\/wp\/v2\/types\/post"}],"author":[{"embeddable":true,"href":"https:\/\/cidadenoar.com\/global\/wp-json\/wp\/v2\/users\/1"}],"replies":[{"embeddable":true,"href":"https:\/\/cidadenoar.com\/global\/wp-json\/wp\/v2\/comments?post=5099"}],"version-history":[{"count":1,"href":"https:\/\/cidadenoar.com\/global\/wp-json\/wp\/v2\/posts\/5099\/revisions"}],"predecessor-version":[{"id":5102,"href":"https:\/\/cidadenoar.com\/global\/wp-json\/wp\/v2\/posts\/5099\/revisions\/5102"}],"wp:featuredmedia":[{"embeddable":true,"href":"https:\/\/cidadenoar.com\/global\/wp-json\/wp\/v2\/media\/5100"}],"wp:attachment":[{"href":"https:\/\/cidadenoar.com\/global\/wp-json\/wp\/v2\/media?parent=5099"}],"wp:term":[{"taxonomy":"category","embeddable":true,"href":"https:\/\/cidadenoar.com\/global\/wp-json\/wp\/v2\/categories?post=5099"},{"taxonomy":"post_tag","embeddable":true,"href":"https:\/\/cidadenoar.com\/global\/wp-json\/wp\/v2\/tags?post=5099"}],"curies":[{"name":"wp","href":"https:\/\/api.w.org\/{rel}","templated":true}]}}