{"id":5107,"date":"2025-08-25T10:18:45","date_gmt":"2025-08-25T13:18:45","guid":{"rendered":"https:\/\/cidadenoar.com\/?p=5107"},"modified":"2025-08-25T10:18:49","modified_gmt":"2025-08-25T13:18:49","slug":"fort-atacadista-promove-feirao-de-empregos-com-70-vagas-em-florianopolis","status":"publish","type":"post","link":"https:\/\/cidadenoar.com\/global\/geral\/fort-atacadista-promove-feirao-de-empregos-com-70-vagas-em-florianopolis\/","title":{"rendered":"Fort Atacadista promove feir\u00e3o de empregos com 70 vagas em Florian\u00f3polis"},"content":{"rendered":"\n<p>O Fort Atacadista, rede de atacarejo do Grupo Pereira, realiza na pr\u00f3xima quarta-feira (27) um feir\u00e3o de empregos em Florian\u00f3polis. A a\u00e7\u00e3o ocorre das 9h \u00e0s 16h e oferece 70 vagas para atua\u00e7\u00e3o nas lojas de Canasvieiras e Santo Ant\u00f4nio de Lisboa, no Norte da Ilha.<\/p>\n\n\n\n<p>As oportunidades s\u00e3o para o cargo de&nbsp;<strong>operador de loja<\/strong>&nbsp;e n\u00e3o exigem experi\u00eancia pr\u00e9via, o que amplia as chances de inser\u00e7\u00e3o para quem busca o primeiro emprego ou uma oportunidade para retornar ao mercado de trabalho em uma fun\u00e7\u00e3o diferente da que j\u00e1 tenha atuado profissionalmente. Para participar da sele\u00e7\u00e3o, \u00e9 necess\u00e1rio ter mais de 18 anos, ensino fundamental completo e apresentar documento de identidade (RG).<\/p>\n\n\n\n<p><strong>Benef\u00edcios aos contratados<\/strong><\/p>\n\n\n\n<p>Os profissionais selecionados ter\u00e3o acesso a um pacote de benef\u00edcios que inclui vale-transporte, alimenta\u00e7\u00e3o no local, suporte social (assist\u00eancia jur\u00eddica, previdenci\u00e1ria, financeira e acompanhamento nutricional), plano odontol\u00f3gico, desconto nas compras, acesso \u00e0 Universidade Corporativa do Grupo Pereira e plano de carreira.<\/p>\n\n\n\n<p><strong><u>Servi\u00e7o<\/u><\/strong><\/p>\n\n\n\n<p><strong>O qu\u00ea:<\/strong>&nbsp;Feir\u00e3o de empregos do Fort Atacadista<br><strong>Data:<\/strong>&nbsp;27 de agosto (quarta-feira)<br><strong>Hor\u00e1rio:<\/strong>&nbsp;das 9h \u00e0s 16h<br><strong>Local:<\/strong>&nbsp;Lojas Fort Atacadista de Canasvieiras e Santo Ant\u00f4nio de Lisboa, Florian\u00f3polis (SC)<br><strong>Vagas:<\/strong>&nbsp;70 vagas para o cargo de Operador de loja<br><strong>Requisitos:<\/strong>&nbsp;Ser maior de 18 anos, ter ensino fundamental completo e levar RG.<\/p>\n","protected":false},"excerpt":{"rendered":"<p>Feir\u00e3o ocorre exclusivamente nesta quarta-feira, dia 27 de agosto, e oferece 70 vagas para operador de loja nas unidades de Canasvieiras e Santo Ant\u00f4nio de Lisboa<\/p>\n","protected":false},"author":23,"featured_media":5108,"comment_status":"open","ping_status":"open","sticky":false,"template":"","format":"standard","meta":{"footnotes":""},"categories":[1],"tags":[364,246,112],"class_list":["post-5107","post","type-post","status-publish","format-standard","has-post-thumbnail","hentry","category-geral","tag-feirao-de-empregos","tag-florianopolis-2","tag-fort-atacadista"],"_links":{"self":[{"href":"https:\/\/cidadenoar.com\/global\/wp-json\/wp\/v2\/posts\/5107","targetHints":{"allow":["GET"]}}],"collection":[{"href":"https:\/\/cidadenoar.com\/global\/wp-json\/wp\/v2\/posts"}],"about":[{"href":"https:\/\/cidadenoar.com\/global\/wp-json\/wp\/v2\/types\/post"}],"author":[{"embeddable":true,"href":"https:\/\/cidadenoar.com\/global\/wp-json\/wp\/v2\/users\/23"}],"replies":[{"embeddable":true,"href":"https:\/\/cidadenoar.com\/global\/wp-json\/wp\/v2\/comments?post=5107"}],"version-history":[{"count":2,"href":"https:\/\/cidadenoar.com\/global\/wp-json\/wp\/v2\/posts\/5107\/revisions"}],"predecessor-version":[{"id":5111,"href":"https:\/\/cidadenoar.com\/global\/wp-json\/wp\/v2\/posts\/5107\/revisions\/5111"}],"wp:featuredmedia":[{"embeddable":true,"href":"https:\/\/cidadenoar.com\/global\/wp-json\/wp\/v2\/media\/5108"}],"wp:attachment":[{"href":"https:\/\/cidadenoar.com\/global\/wp-json\/wp\/v2\/media?parent=5107"}],"wp:term":[{"taxonomy":"category","embeddable":true,"href":"https:\/\/cidadenoar.com\/global\/wp-json\/wp\/v2\/categories?post=5107"},{"taxonomy":"post_tag","embeddable":true,"href":"https:\/\/cidadenoar.com\/global\/wp-json\/wp\/v2\/tags?post=5107"}],"curies":[{"name":"wp","href":"https:\/\/api.w.org\/{rel}","templated":true}]}}