{"id":5115,"date":"2025-08-25T10:57:37","date_gmt":"2025-08-25T13:57:37","guid":{"rendered":"https:\/\/cidadenoar.com\/?p=5115"},"modified":"2025-08-29T23:14:23","modified_gmt":"2025-08-30T02:14:23","slug":"o-negocio-da-moda-celebra-10-anos-em-balneario-camboriu","status":"publish","type":"post","link":"https:\/\/cidadenoar.com\/global\/economia-negocios\/o-negocio-da-moda-celebra-10-anos-em-balneario-camboriu\/","title":{"rendered":"\u201cO Neg\u00f3cio da Moda\u201d celebra 10 anos em Balne\u00e1rio Cambori\u00fa"},"content":{"rendered":"\n<p>Balne\u00e1rio Cambori\u00fa (SC) se prepara para receber, nos dias&nbsp;<strong>7, 8 e 9 de outubro<\/strong>, a \u00faltima e mais aguardada edi\u00e7\u00e3o do ano d\u2019<strong>O Neg\u00f3cio da Moda (ONDM)<\/strong>&nbsp;\u2013 uma das maiores feiras de insumos e neg\u00f3cios para confeccionistas do Brasil. O evento, que est\u00e1 completando 10 anos em 2025,<strong>&nbsp;<\/strong>promete encerrar o calend\u00e1rio com chave de ouro, reunindo milhares de profissionais do setor, grandes marcas e conte\u00fado de alto n\u00edvel no&nbsp;<strong>Expocentro Balne\u00e1rio Cambori\u00fa<\/strong>.<\/p>\n\n\n\n<p>Ao longo de 2025, o ONDM j\u00e1 passou por Caruaru (PE), em julho, levando tend\u00eancias e oportunidades ao agreste pernambucano, e por Goi\u00e2nia (GO<strong>)<\/strong>, em maio, aproximando ainda mais a feira dos confeccionistas do Centro-Oeste.<\/p>\n\n\n\n<p>Seguindo seu prop\u00f3sito original de&nbsp;<strong>impulsionar neg\u00f3cios, fomentar conex\u00f5es e apresentar inova\u00e7\u00f5es para a ind\u00fastria da moda e da confec\u00e7\u00e3o<\/strong>, o ONDM transformou-se, ao longo da d\u00e9cada, em um ponto de encontro indispens\u00e1vel para empreendedores, estilistas, fornecedores e especialistas do setor.<\/p>\n\n\n\n<p>A expectativa para a edi\u00e7\u00e3o de outubro \u00e9 grande, especialmente depois do sucesso de 2024, quando a feira em Balne\u00e1rio Cambori\u00fa registrou&nbsp;<strong>recorde de p\u00fablico<\/strong>. Na ocasi\u00e3o, a&nbsp;<strong>trilha de palestras<\/strong>&nbsp;reuniu nomes de peso, como a jornalista M\u00f4nica Salgado, o empres\u00e1rio e fundador da MCF Consultoria, Carlos Ferreirinha, Carla Assump\u00e7\u00e3o (CEO Swarovski), Romeo Bonadio (CEO Hugo Boss), Joy Alano (Provador Fashion), os irm\u00e3os Hugo (La Moda), Bruna (Lan\u00e7a Perfume) e Bianca Olivo (My Favorite Things), al\u00e9m de Richard Stad, CEO da Aramis Inc, entre outros.<\/p>\n\n\n\n<p>Os primeiros expositores j\u00e1 confirmados est\u00e3o dispon\u00edveis no&nbsp;<a href=\"https:\/\/ondm.com.br\/\" target=\"_blank\" rel=\"noreferrer noopener\">site oficial<\/a>&nbsp;e&nbsp;<a href=\"https:\/\/www.instagram.com\/onegociodamoda\/\" target=\"_blank\" rel=\"noreferrer noopener\">m\u00eddias sociais<\/a>&nbsp;do evento. Em breve, os primeiros nomes da programa\u00e7\u00e3o de palestras e talks ser\u00e3o anunciados.<\/p>\n\n\n\n<p>SERVI\u00c7O<strong>:<\/strong><\/p>\n\n\n\n<p>O Neg\u00f3cio da Moda (ONDM) \u2013 Edi\u00e7\u00e3o Balne\u00e1rio Cambori\u00fa 2025<br>Quando: 7, 8 e 9 de outubro de 2025<br>Onde: Expocentro Balne\u00e1rio Cambori\u00fa \u2013 Av. Marginal Oeste, Nova Esperan\u00e7a \u2013 Balne\u00e1rio Cambori\u00fa (SC)<br>Mais informa\u00e7\u00f5es:&nbsp;<a href=\"http:\/\/www.ondm.com.br\/\" target=\"_blank\" rel=\"noreferrer noopener\">www.ondm.com.br<\/a><\/p>\n\n\n\n<figure class=\"wp-block-image size-large\"><img decoding=\"async\" src=\"https:\/\/visornoticias.com.br\/wp-content\/uploads\/2024\/10\/Feira-de-Negocios-no-ONDM-_-DKZ-Fotografia-1024x683.jpeg\" alt=\"\" class=\"wp-image-212373\" title=\"\"><figcaption class=\"wp-element-caption\">Mais de 17 mil pessoas passaram pelo ONDM Brasil 2024, durante os tr\u00eas dias de evento &#8211; Foto: DKZ Fotografia<\/figcaption><\/figure>\n\n\n\n<figure class=\"wp-block-image size-large\"><img decoding=\"async\" src=\"https:\/\/visornoticias.com.br\/wp-content\/uploads\/2024\/10\/Feira-de-Negocios-no-ONDM-1024x683.jpeg\" alt=\"\" class=\"wp-image-212369\" title=\"\"><figcaption class=\"wp-element-caption\">Ao todo, nos 3 dias, mais de 17 mil pessoas passaram pelo evento.<\/figcaption><\/figure>\n\n\n\n<figure class=\"wp-block-image size-large\"><img decoding=\"async\" src=\"https:\/\/visornoticias.com.br\/wp-content\/uploads\/2024\/10\/Demonstracao-de-produtos-de-uma-das-marcas-expositoras-na-Feira-de-Negocios-no-ONDM-1024x682.jpeg\" alt=\"\" class=\"wp-image-211571\" title=\"\"><figcaption class=\"wp-element-caption\">Demonstra\u00e7\u00e3o de produtos de uma das marcas expositoras na Feira de Neg\u00f3cios no ONDM &#8211; Foto: DKZ Fotografia<\/figcaption><\/figure>\n\n\n\n<figure class=\"wp-block-image size-large\"><img decoding=\"async\" src=\"https:\/\/visornoticias.com.br\/wp-content\/uploads\/2024\/10\/Ivan-Jasper-e-Antonio-Carlos-de-Souza-Lima-Neto-do-SEBRAE-GO-1024x683.jpg\" alt=\"\" class=\"wp-image-211070\" title=\"\"><figcaption class=\"wp-element-caption\">Evento &#8220;O Neg\u00f3cio da Moda &#8211; ONDM Brasil 2024&#8221;  &#8211; Foto: Divulga\u00e7\u00e3o<\/figcaption><\/figure>\n\n\n\n<figure class=\"wp-block-image size-large\"><img decoding=\"async\" src=\"https:\/\/visornoticias.com.br\/wp-content\/uploads\/2025\/08\/A-jornalista-e-influenciadora-Monica-Salgado-foi-um-dos-nomes-mais-aguardados-na-programacao-do-ONDM-Agreste-2025-1024x683.jpg\" alt=\"\" class=\"wp-image-270921\" title=\"\"><figcaption class=\"wp-element-caption\">Jornalista Monica Salgado em palestra no evento<\/figcaption><\/figure>\n\n\n\n<figure class=\"wp-block-image size-large\"><img decoding=\"async\" src=\"https:\/\/visornoticias.com.br\/wp-content\/uploads\/2025\/08\/ONDM-Caruaru-2025-1024x683.jpg\" alt=\"\" class=\"wp-image-270922\" title=\"\"><figcaption class=\"wp-element-caption\">ONDM Caruaru 2025<\/figcaption><\/figure>\n","protected":false},"excerpt":{"rendered":"<p>ONDM encerra calend\u00e1rio 2025 com expectativa de superar recorde de p\u00fablico e neg\u00f3cios; feira ser\u00e1 realizada nos dias 7, 8 e 9 de outubro no Expocentro Balne\u00e1rio Cambori\u00fa<\/p>\n","protected":false},"author":23,"featured_media":5116,"comment_status":"open","ping_status":"open","sticky":false,"template":"","format":"standard","meta":{"footnotes":""},"categories":[289],"tags":[230,453,176,292],"class_list":["post-5115","post","type-post","status-publish","format-standard","has-post-thumbnail","hentry","category-economia-negocios","tag-balneario-camboriu","tag-eventos","tag-o-negocio-da-moda","tag-ondm"],"_links":{"self":[{"href":"https:\/\/cidadenoar.com\/global\/wp-json\/wp\/v2\/posts\/5115","targetHints":{"allow":["GET"]}}],"collection":[{"href":"https:\/\/cidadenoar.com\/global\/wp-json\/wp\/v2\/posts"}],"about":[{"href":"https:\/\/cidadenoar.com\/global\/wp-json\/wp\/v2\/types\/post"}],"author":[{"embeddable":true,"href":"https:\/\/cidadenoar.com\/global\/wp-json\/wp\/v2\/users\/23"}],"replies":[{"embeddable":true,"href":"https:\/\/cidadenoar.com\/global\/wp-json\/wp\/v2\/comments?post=5115"}],"version-history":[{"count":3,"href":"https:\/\/cidadenoar.com\/global\/wp-json\/wp\/v2\/posts\/5115\/revisions"}],"predecessor-version":[{"id":5222,"href":"https:\/\/cidadenoar.com\/global\/wp-json\/wp\/v2\/posts\/5115\/revisions\/5222"}],"wp:featuredmedia":[{"embeddable":true,"href":"https:\/\/cidadenoar.com\/global\/wp-json\/wp\/v2\/media\/5116"}],"wp:attachment":[{"href":"https:\/\/cidadenoar.com\/global\/wp-json\/wp\/v2\/media?parent=5115"}],"wp:term":[{"taxonomy":"category","embeddable":true,"href":"https:\/\/cidadenoar.com\/global\/wp-json\/wp\/v2\/categories?post=5115"},{"taxonomy":"post_tag","embeddable":true,"href":"https:\/\/cidadenoar.com\/global\/wp-json\/wp\/v2\/tags?post=5115"}],"curies":[{"name":"wp","href":"https:\/\/api.w.org\/{rel}","templated":true}]}}