{"id":5153,"date":"2025-08-26T20:36:44","date_gmt":"2025-08-26T23:36:44","guid":{"rendered":"https:\/\/cidadenoar.com\/?p=5153"},"modified":"2025-08-26T20:36:47","modified_gmt":"2025-08-26T23:36:47","slug":"nova-edicao-da-semana-do-cinema-tem-filmes-a-r-10-em-florianopolis","status":"publish","type":"post","link":"https:\/\/cidadenoar.com\/global\/cultura-lazer\/nova-edicao-da-semana-do-cinema-tem-filmes-a-r-10-em-florianopolis\/","title":{"rendered":"Nova edi\u00e7\u00e3o da Semana do Cinema tem filmes a R$ 10 em Florian\u00f3polis"},"content":{"rendered":"\n<p>Em um momento em que o mercado exibidor apresenta desempenho acima da m\u00e9dia, com o melhor primeiro semestre registrado desde 2019, \u00e9 dada a largada para mais uma Semana do Cinema. A campanha, que j\u00e1 se consolidou em todo o territ\u00f3rio nacional, cria um pre\u00e7o \u00fanico promocional durante sete dias para os ingressos de cinema em todo o pa\u00eds.&nbsp;<\/p>\n\n\n\n<p>Em Florian\u00f3polis, a a\u00e7\u00e3o ocorre de 28 de agosto a 3 de setembro na rede Cinesystem do Villa Romana Shopping, trazendo ingressos por apenas R$ 10 e R$ 12 para Cin\u00e9pic, al\u00e9m de combo de pipoca e refrigerante com pre\u00e7o reduzido. A expectativa dos exibidores \u00e9 alta, considerando que a \u00faltima edi\u00e7\u00e3o, em fevereiro, bateu recordes com mais de 4,2 milh\u00f5es de ingressos vendidos, o equivalente a 53 Maracan\u00e3s lotados.&nbsp;<\/p>\n\n\n\n<p>A campanha \u00e9 idealizada pela FENEEC (Federa\u00e7\u00e3o Nacional das Empresas Exibidoras Cinematogr\u00e1ficas), com apoio da ABRAPLEX (Associa\u00e7\u00e3o Brasileira das Empresas Exibidoras Cinematogr\u00e1ficas Operadoras de Multiplex), Ingresso.com e Grupo Consci\u00eancia. \u201cJ\u00e1 levamos cerca de 20 milh\u00f5es de pessoas para as salas ao longo das seis primeiras edi\u00e7\u00f5es, o que demonstra n\u00e3o s\u00f3 o apelo que a campanha tem junto ao p\u00fablico, como tamb\u00e9m a for\u00e7a do parque exibidor e como a uni\u00e3o entre todos os agentes envolvidos nessa cadeia tem potencial de fortalecer a ind\u00fastria do audiovisual, movimentar a economia e proporcionar entretenimento para a popula\u00e7\u00e3o\u201d, comenta L\u00facio Otoni, presidente da FENEEC.&nbsp;<\/p>\n\n\n\n<p>A promo\u00e7\u00e3o \u00e9 v\u00e1lida para todas as sess\u00f5es convencionais, em todos os hor\u00e1rios, incluindo finais de semana &#8211; exceto pr\u00e9-estreias e salas especiais. Com programa\u00e7\u00e3o variada, abrangendo t\u00edtulos nacionais e internacionais para todos os gostos e idades, a segunda Semana do Cinema de 2025 pretende superar a marca hist\u00f3rica de 4,2 milh\u00f5es de espectadores registrada na \u00faltima edi\u00e7\u00e3o.&nbsp;<\/p>\n\n\n\n<p>Na Cinesystem os cin\u00e9filos poder\u00e3o assistir sucessos de bilheteria como o Quarteto Fant\u00e1stico \u2013 Primeiros Passos, Amores Materialistas e Superman, enquanto quem prefere dar boas risadas encontra t\u00edtulos como Corra Que a Pol\u00edcia Vem A\u00ed!, Uma Sexta-feira Mais Louca Ainda!, Amores \u00e0 Parte e a produ\u00e7\u00e3o nacional Uma Mulher Sem Filtro.&nbsp;<\/p>\n\n\n\n<p><strong>Servi\u00e7o<\/strong><\/p>\n\n\n\n<p><strong>\u201cSemana do Cinema\u201d<\/strong><\/p>\n\n\n\n<p>Onde: Cinesystem, 2\u00ba andar, Villa Romana Shopping &#8211; Florian\u00f3polis\/SC<\/p>\n\n\n\n<p>Data: de 28 de agosto a 03 de setembro<\/p>\n\n\n\n<p>Pre\u00e7o dos ingressos: R$ 10,00<\/p>\n","protected":false},"excerpt":{"rendered":"<p>A segunda edi\u00e7\u00e3o de 2025 da campanha promete atrair milh\u00f5es de pessoas aos cinemas com ingressos a pre\u00e7os reduzidos durante uma semana<\/p>\n","protected":false},"author":23,"featured_media":5154,"comment_status":"open","ping_status":"open","sticky":false,"template":"","format":"standard","meta":{"footnotes":""},"categories":[360],"tags":[26,285,350],"class_list":["post-5153","post","type-post","status-publish","format-standard","has-post-thumbnail","hentry","category-cultura-lazer","tag-cinema","tag-floripa","tag-villa-romana"],"_links":{"self":[{"href":"https:\/\/cidadenoar.com\/global\/wp-json\/wp\/v2\/posts\/5153","targetHints":{"allow":["GET"]}}],"collection":[{"href":"https:\/\/cidadenoar.com\/global\/wp-json\/wp\/v2\/posts"}],"about":[{"href":"https:\/\/cidadenoar.com\/global\/wp-json\/wp\/v2\/types\/post"}],"author":[{"embeddable":true,"href":"https:\/\/cidadenoar.com\/global\/wp-json\/wp\/v2\/users\/23"}],"replies":[{"embeddable":true,"href":"https:\/\/cidadenoar.com\/global\/wp-json\/wp\/v2\/comments?post=5153"}],"version-history":[{"count":3,"href":"https:\/\/cidadenoar.com\/global\/wp-json\/wp\/v2\/posts\/5153\/revisions"}],"predecessor-version":[{"id":5256,"href":"https:\/\/cidadenoar.com\/global\/wp-json\/wp\/v2\/posts\/5153\/revisions\/5256"}],"wp:featuredmedia":[{"embeddable":true,"href":"https:\/\/cidadenoar.com\/global\/wp-json\/wp\/v2\/media\/5154"}],"wp:attachment":[{"href":"https:\/\/cidadenoar.com\/global\/wp-json\/wp\/v2\/media?parent=5153"}],"wp:term":[{"taxonomy":"category","embeddable":true,"href":"https:\/\/cidadenoar.com\/global\/wp-json\/wp\/v2\/categories?post=5153"},{"taxonomy":"post_tag","embeddable":true,"href":"https:\/\/cidadenoar.com\/global\/wp-json\/wp\/v2\/tags?post=5153"}],"curies":[{"name":"wp","href":"https:\/\/api.w.org\/{rel}","templated":true}]}}