{"id":5157,"date":"2025-08-26T21:50:49","date_gmt":"2025-08-27T00:50:49","guid":{"rendered":"https:\/\/cidadenoar.com\/?p=5157"},"modified":"2025-08-29T23:13:18","modified_gmt":"2025-08-30T02:13:18","slug":"catarinense-em-congresso-internacional-sobre-inovacoes-em-medicina-capilar","status":"publish","type":"post","link":"https:\/\/cidadenoar.com\/global\/saude-bem%e2%80%91estar\/catarinense-em-congresso-internacional-sobre-inovacoes-em-medicina-capilar\/","title":{"rendered":"Catarinense em congresso internacional sobre inova\u00e7\u00f5es em Medicina Capilar"},"content":{"rendered":"\n<p>A catarinense&nbsp;<strong><a href=\"https:\/\/instagram.com\/dra.deboracadore\" target=\"_blank\" rel=\"noreferrer noopener\">D\u00e9bora Cadore<\/a><\/strong>&nbsp;(foto), m\u00e9dica dermatologista especialista em Medicina Capilar, Terapias Regenerativas e Gerenciamento do Envelhecimento, que est\u00e1 em constante busca por atualiza\u00e7\u00e3o e aprimoramento no Brasil e mundo afora dentro do universo da dermatologia, em especial no que diz respeito \u00e0 sa\u00fade capilar, participou do Hair Health Summit, congresso realizado na \u00faltima semana em Chicago, nos EUA.&nbsp;<br>Segundo a Dra D\u00e9bora, de Florian\u00f3polis, entre os destaques na programa\u00e7\u00e3o estavam grandes m\u00e9dicos dermatologistas como&nbsp;<strong>Jerry Shapiro<\/strong>,&nbsp;<\/p>\n\n\n\n<p>da Universidade de Nova Iorque, refer\u00eancia mundial em doen\u00e7as do cabelo e o escolhido de celebridades como Kim Kardashian;&nbsp;<strong>Maryanne Senna<\/strong>&nbsp;(Harvard Medical School), que apresentou inova\u00e7\u00f5es que prometem revolucionar o tratamento de alopecias cicatriciais (as mais graves, com queda de cabelo irrevers\u00edvel); e&nbsp;<strong>Lindsey Bordone<\/strong>, m\u00e9dica integrante da dire\u00e7\u00e3o cient\u00edfica do congresso, que trouxe um&nbsp;novo olhar sobre os tratamentos \u00e0 base das famosas &#8220;canetas&#8221; emagrecedoras; com uma abordagem in\u00e9dita, a m\u00e9dica&nbsp;mostrou casos em que essas&nbsp;medica\u00e7\u00f5es causaram o&nbsp;recrescimento&nbsp;capilar, porque, com a perda de peso e diminui\u00e7\u00e3o do quadro inflamat\u00f3rio, houve uma expressiva melhora da&nbsp;circula\u00e7\u00e3o local no couro cabeludo e tamb\u00e9m uma melhora no estresse oxidativo.<\/p>\n","protected":false},"excerpt":{"rendered":"<p>Dra. D\u00e9bora Cadore, de Florian\u00f3polis, estava entre as participantes do Hair Health Summit, em Chicago<\/p>\n","protected":false},"author":23,"featured_media":5158,"comment_status":"open","ping_status":"open","sticky":false,"template":"","format":"standard","meta":{"footnotes":""},"categories":[19],"tags":[262,594,109],"class_list":["post-5157","post","type-post","status-publish","format-standard","has-post-thumbnail","hentry","category-saude-bemestar","tag-debora-cadore","tag-medica","tag-medicina"],"_links":{"self":[{"href":"https:\/\/cidadenoar.com\/global\/wp-json\/wp\/v2\/posts\/5157","targetHints":{"allow":["GET"]}}],"collection":[{"href":"https:\/\/cidadenoar.com\/global\/wp-json\/wp\/v2\/posts"}],"about":[{"href":"https:\/\/cidadenoar.com\/global\/wp-json\/wp\/v2\/types\/post"}],"author":[{"embeddable":true,"href":"https:\/\/cidadenoar.com\/global\/wp-json\/wp\/v2\/users\/23"}],"replies":[{"embeddable":true,"href":"https:\/\/cidadenoar.com\/global\/wp-json\/wp\/v2\/comments?post=5157"}],"version-history":[{"count":2,"href":"https:\/\/cidadenoar.com\/global\/wp-json\/wp\/v2\/posts\/5157\/revisions"}],"predecessor-version":[{"id":5160,"href":"https:\/\/cidadenoar.com\/global\/wp-json\/wp\/v2\/posts\/5157\/revisions\/5160"}],"wp:featuredmedia":[{"embeddable":true,"href":"https:\/\/cidadenoar.com\/global\/wp-json\/wp\/v2\/media\/5158"}],"wp:attachment":[{"href":"https:\/\/cidadenoar.com\/global\/wp-json\/wp\/v2\/media?parent=5157"}],"wp:term":[{"taxonomy":"category","embeddable":true,"href":"https:\/\/cidadenoar.com\/global\/wp-json\/wp\/v2\/categories?post=5157"},{"taxonomy":"post_tag","embeddable":true,"href":"https:\/\/cidadenoar.com\/global\/wp-json\/wp\/v2\/tags?post=5157"}],"curies":[{"name":"wp","href":"https:\/\/api.w.org\/{rel}","templated":true}]}}