{"id":5182,"date":"2025-08-27T20:07:29","date_gmt":"2025-08-27T23:07:29","guid":{"rendered":"https:\/\/cidadenoar.com\/?p=5182"},"modified":"2025-08-27T20:07:32","modified_gmt":"2025-08-27T23:07:32","slug":"lide-sc-garante-presenca-no-festival-conecta-com-painel-sobre-venture-capital","status":"publish","type":"post","link":"https:\/\/cidadenoar.com\/global\/economia-negocios\/lide-sc-garante-presenca-no-festival-conecta-com-painel-sobre-venture-capital\/","title":{"rendered":"LIDE SC garante presen\u00e7a no Festival Conecta+ com painel sobre Venture Capital"},"content":{"rendered":"\n<p>Nos dias 12 e 13 de setembro, o munic\u00edpio de S\u00e3o Jos\u00e9 (SC) ser\u00e1 palco da terceira edi\u00e7\u00e3o do Festival Conecta+, um dos maiores eventos de cultura, inova\u00e7\u00e3o e economia criativa de Santa Catarina. Entre as atra\u00e7\u00f5es de destaque da plen\u00e1ria principal, no Teatro Hermelinda Merize Izabel, est\u00e1 o painel promovido pelo LIDE SC, que abordar\u00e1 um dos temas mais relevantes para o ecossistema de inova\u00e7\u00e3o: \u201cComo o Venture Capital pode impulsionar novas ideias\u201d.<\/p>\n\n\n\n<p>O debate contar\u00e1 com a participa\u00e7\u00e3o de nomes de peso do setor: Rubens Mendrone, CEO da Linda Health Tech; Wagner Lopes, Country Manager do South Summit Brazil; e Claiton Pacheco Galdino, diretor da Feba Capital. A media\u00e7\u00e3o ser\u00e1 conduzida por Lucas Miguel Gnigler, reconhecido por sua atua\u00e7\u00e3o no fomento ao empreendedorismo e \u00e0 inova\u00e7\u00e3o.<\/p>\n\n\n\n<p>Mas o que \u00e9 Venture Capital? Venture Capital (ou capital de risco) \u00e9 uma modalidade de investimento voltada para empresas em est\u00e1gio inicial ou com r\u00e1pido potencial de crescimento, geralmente com foco em inova\u00e7\u00e3o. Diferente dos financiamentos tradicionais, o capital de risco envolve o aporte de recursos financeiros em startups e neg\u00f3cios promissores em troca de participa\u00e7\u00e3o societ\u00e1ria. O objetivo \u00e9 impulsionar essas empresas at\u00e9 que alcancem maturidade e valoriza\u00e7\u00e3o no mercado, gerando retorno para os investidores. Trata-se de uma ferramenta estrat\u00e9gica para transformar boas ideias em grandes neg\u00f3cios.<\/p>\n\n\n\n<p>A presen\u00e7a do LIDE SC no Festival Conecta+ refor\u00e7a o compromisso do evento em conectar pessoas, ideias e oportunidades. E a edi\u00e7\u00e3o de 2025 promete ser a maior j\u00e1 realizada, com mais de 25 palestrantes, 40 estandes de neg\u00f3cios e um p\u00fablico estimado em 15 mil pessoas ao longo dos dois dias.<\/p>\n\n\n\n<p>Al\u00e9m da programa\u00e7\u00e3o da plen\u00e1ria principal, o Festival oferece uma ampla agenda gratuita na \u00e1rea externa, anexa ao teatro. O p\u00fablico poder\u00e1 conferir apresenta\u00e7\u00f5es culturais, grupos musicais, o tradicional Boi de Mam\u00e3o, feira gastron\u00f4mica, atividades infantis e a Feira da Freguesia, valorizando a economia criativa local.<\/p>\n\n\n\n<p>\u201c<em>O Festival foi concebido para oferecer atividades tanto para adultos quanto para crian\u00e7as. \u00c9 um evento para toda a fam\u00edlia. Enquanto os adultos absorvem conhecimento nas plen\u00e1rias, as crian\u00e7as t\u00eam acesso a uma programa\u00e7\u00e3o cultural riqu\u00edssima<\/em>\u201d, destaca Marina Souza, CEO e fundadora do Movimento Conecta+, que j\u00e1 realizou 10 encontros preparat\u00f3rios desde o in\u00edcio do ano, consolidando a iniciativa como um verdadeiro hub de transforma\u00e7\u00e3o social, cultural e econ\u00f4mica.<\/p>\n\n\n\n<p>A participa\u00e7\u00e3o nas atividades externas \u00e9 gratuita, mediante cadastro na plataforma Sympla. J\u00e1 os ingressos para a plen\u00e1ria principal, onde acontece o painel do LIDE SC, tamb\u00e9m est\u00e3o dispon\u00edveis na plataforma, com 30% de desconto at\u00e9 31 de agosto, durante o per\u00edodo de pr\u00e9-venda.<\/p>\n\n\n\n<p><strong>Sobre o Festival Conecta+<\/strong><\/p>\n\n\n\n<p>Com incentivo do PIC \u2013 Programa de Incentivo \u00e0 Cultura, da Funda\u00e7\u00e3o Catarinense de Cultura e do Governo do Estado de Santa Catarina, o Festival conta com o apoio de Havan, Compensados Fernandes, Prefeitura de S\u00e3o Jos\u00e9, Sebrae\/SC, Aemflo e CDL de S\u00e3o Jos\u00e9.<\/p>\n\n\n\n<p><strong><u>FESTIVAL CONECTA+ 2025<\/u><\/strong><\/p>\n\n\n\n<p><strong>Data:<\/strong>&nbsp;12 e 13 de setembro de 2025<\/p>\n\n\n\n<p><strong>Hor\u00e1rio:<\/strong>&nbsp;a partir das 8h<\/p>\n\n\n\n<p><strong>Local:<\/strong>&nbsp;Teatro Hermelinda Merize Izabel e \u00e1rea externa anexa ao Centro Multiuso de S\u00e3o Jos\u00e9 (Av. Acioni Souza Filho, S\/N, S\u00e3o Jos\u00e9)<\/p>\n\n\n\n<p><strong>Ingressos \u00e1rea externa:<\/strong>&nbsp;gratuitos mediante retirada na plataforma Sympla<\/p>\n\n\n\n<p><strong>Ingressos plen\u00e1ria principal:<\/strong>&nbsp;30% de desconto at\u00e9 dia 31 de agosto. Compra na plataforma Sympla<\/p>\n\n\n\n<p><strong>Informa\u00e7\u00f5es:<\/strong>\u00a0<a href=\"http:\/\/www.festivalconectamais.com.br\/\" target=\"_blank\" rel=\"noreferrer noopener\">www.festivalconectamais.com.br<\/a><\/p>\n","protected":false},"excerpt":{"rendered":"<p>Grandes nomes do setor discutem como o capital de risco pode impulsionar novas ideias<\/p>\n","protected":false},"author":23,"featured_media":5183,"comment_status":"open","ping_status":"open","sticky":false,"template":"","format":"standard","meta":{"footnotes":""},"categories":[289],"tags":[399,243,597],"class_list":["post-5182","post","type-post","status-publish","format-standard","has-post-thumbnail","hentry","category-economia-negocios","tag-conecta","tag-festival","tag-sao-jose"],"_links":{"self":[{"href":"https:\/\/cidadenoar.com\/global\/wp-json\/wp\/v2\/posts\/5182","targetHints":{"allow":["GET"]}}],"collection":[{"href":"https:\/\/cidadenoar.com\/global\/wp-json\/wp\/v2\/posts"}],"about":[{"href":"https:\/\/cidadenoar.com\/global\/wp-json\/wp\/v2\/types\/post"}],"author":[{"embeddable":true,"href":"https:\/\/cidadenoar.com\/global\/wp-json\/wp\/v2\/users\/23"}],"replies":[{"embeddable":true,"href":"https:\/\/cidadenoar.com\/global\/wp-json\/wp\/v2\/comments?post=5182"}],"version-history":[{"count":2,"href":"https:\/\/cidadenoar.com\/global\/wp-json\/wp\/v2\/posts\/5182\/revisions"}],"predecessor-version":[{"id":5187,"href":"https:\/\/cidadenoar.com\/global\/wp-json\/wp\/v2\/posts\/5182\/revisions\/5187"}],"wp:featuredmedia":[{"embeddable":true,"href":"https:\/\/cidadenoar.com\/global\/wp-json\/wp\/v2\/media\/5183"}],"wp:attachment":[{"href":"https:\/\/cidadenoar.com\/global\/wp-json\/wp\/v2\/media?parent=5182"}],"wp:term":[{"taxonomy":"category","embeddable":true,"href":"https:\/\/cidadenoar.com\/global\/wp-json\/wp\/v2\/categories?post=5182"},{"taxonomy":"post_tag","embeddable":true,"href":"https:\/\/cidadenoar.com\/global\/wp-json\/wp\/v2\/tags?post=5182"}],"curies":[{"name":"wp","href":"https:\/\/api.w.org\/{rel}","templated":true}]}}