{"id":5188,"date":"2025-08-27T20:38:22","date_gmt":"2025-08-27T23:38:22","guid":{"rendered":"https:\/\/cidadenoar.com\/?p=5188"},"modified":"2025-08-29T23:13:05","modified_gmt":"2025-08-30T02:13:05","slug":"interior-de-sc-atrai-investidores-com-valorizacao-imobiliaria-de-ate-20-ao-ano","status":"publish","type":"post","link":"https:\/\/cidadenoar.com\/global\/economia-negocios\/interior-de-sc-atrai-investidores-com-valorizacao-imobiliaria-de-ate-20-ao-ano\/","title":{"rendered":"Interior de SC atrai investidores com valoriza\u00e7\u00e3o imobili\u00e1ria de at\u00e9 20% ao ano"},"content":{"rendered":"\n<p>Com os pre\u00e7os do metro quadrado atingindo patamares elevados no litoral catarinense, especialmente em cidades como Balne\u00e1rio Cambori\u00fa, Itapema e Itaja\u00ed, investidores e compradores t\u00eam voltado os olhos para o interior do estado. Nesse movimento, Brusque tem ganhado protagonismo ao registrar uma valoriza\u00e7\u00e3o m\u00e9dia anual de 20% em empreendimentos residenciais de alto padr\u00e3o.<\/p>\n\n\n\n<p>Localizada a cerca de 40km da costa, a cidade, tradicionalmente associada \u00e0 ind\u00fastria t\u00eaxtil e metal\u00fargica, vive um novo ciclo de expans\u00e3o urbana e requalifica\u00e7\u00e3o imobili\u00e1ria. A CRF Construtora, com sede no munic\u00edpio, tem liderado esse processo com projetos que combinam efici\u00eancia construtiva, solu\u00e7\u00f5es arquitet\u00f4nicas diferenciadas e uma estrat\u00e9gia voltada para p\u00fablicos exigentes.<\/p>\n\n\n\n<p>Entre os empreendimentos mais valorizados est\u00e3o o Residencial Douro e o Alameda Residence. Lan\u00e7ado em 2019, o Douro teve suas primeiras unidades vendidas por R$ 520 mil, valor que hoje supera R$ 1,05 milh\u00e3o. J\u00e1 o Alameda, lan\u00e7ado em 2018 com valores a partir de R$ 1 milh\u00e3o, alcan\u00e7a cota\u00e7\u00f5es superiores a R$ 2 milh\u00f5es no mercado atual.<\/p>\n\n\n\n<figure class=\"wp-block-image size-full\"><img decoding=\"async\" src=\"https:\/\/jornaltribuna.com.br\/wp-content\/uploads\/2025\/08\/Edificio-Alameda-Residence.Foto-Divulgacao_Growth-Global.webp\" alt=\"\" class=\"wp-image-156729\" title=\"\"><figcaption class=\"wp-element-caption\">Edifi\u0301cio Alameda Residence.Foto Divulgac\u0327a\u0303o_Growth Global<\/figcaption><\/figure>\n\n\n\n<p>\u201cO comprador est\u00e1 mais atento ao desempenho t\u00e9cnico do im\u00f3vel e aos diferenciais que sustentam a valoriza\u00e7\u00e3o no m\u00e9dio e longo prazo, como ventila\u00e7\u00e3o cruzada, integra\u00e7\u00e3o dos ambientes e durabilidade dos materiais\u201d, explica Rafael Fr\u00f3is, gerente comercial da CRF Construtora.<\/p>\n\n\n\n<p>No Residencial Douro, o projeto adota linhas arquitet\u00f4nicas minimalistas, com fachadas verticais e entrada com p\u00e9-direito duplo. J\u00e1 o Alameda rompe com o modelo tradicional de edif\u00edcios verticais ao integrar passarelas ajardinadas, acessos amplos e \u00e1reas comuns entregues mobiliadas, criando uma experi\u00eancia de moradia mais pr\u00f3xima do conceito de casa urbana.<\/p>\n\n\n\n<figure class=\"wp-block-image size-large\"><img decoding=\"async\" src=\"https:\/\/jornaltribuna.com.br\/wp-content\/uploads\/2025\/08\/Edificio-Douro.Foto-Divulgacao_Growth-Global-768x1024.jpg\" alt=\"\" class=\"wp-image-156730\" title=\"\"><figcaption class=\"wp-element-caption\">Edifi\u0301cio Douro.Foto Divulgac\u0327a\u0303o_Growth Global<\/figcaption><\/figure>\n\n\n\n<p>Ambos os edif\u00edcios fazem parte de um trabalho da construtora em transformar a paisagem urbana com projetos que priorizam qualidade est\u00e9tica, funcionalidade e desempenho t\u00e9cnico. Segundo a empresa, a valoriza\u00e7\u00e3o constante dos ativos \u00e9 resultado direto do posicionamento estrat\u00e9gico e do foco em diferencia\u00e7\u00e3o arquitet\u00f4nica.<\/p>\n\n\n\n<p>Com cerca de 140 mil habitantes, Brusque vem se consolidando como uma alternativa de investimento no setor imobili\u00e1rio de m\u00e9dio e alto padr\u00e3o. A infraestrutura da cidade, aliada \u00e0 proximidade com polos industriais e litor\u00e2neos, impulsiona um movimento de adensamento urbano mais qualificado, com potencial de longo prazo para valoriza\u00e7\u00e3o.<\/p>\n\n\n\n<figure class=\"wp-block-image size-large\"><img decoding=\"async\" src=\"https:\/\/jornaltribuna.com.br\/wp-content\/uploads\/2025\/08\/Equipe-CRF.Foto-Divulgacao_Growth-Global-1024x683.jpg\" alt=\"\" class=\"wp-image-156731\" title=\"\"><figcaption class=\"wp-element-caption\">Equipe CRF.Foto Divulgac\u0327a\u0303o_Growth Global<\/figcaption><\/figure>\n","protected":false},"excerpt":{"rendered":"<p>Projetos da CRF Construtora destacam arquitetura de alto padr\u00e3o e transformam o cen\u00e1rio urbano de Brusque<\/p>\n","protected":false},"author":23,"featured_media":5189,"comment_status":"open","ping_status":"open","sticky":false,"template":"","format":"standard","meta":{"footnotes":""},"categories":[289],"tags":[178,200,598],"class_list":["post-5188","post","type-post","status-publish","format-standard","has-post-thumbnail","hentry","category-economia-negocios","tag-arquitetura","tag-brusque","tag-crf-construtora"],"_links":{"self":[{"href":"https:\/\/cidadenoar.com\/global\/wp-json\/wp\/v2\/posts\/5188","targetHints":{"allow":["GET"]}}],"collection":[{"href":"https:\/\/cidadenoar.com\/global\/wp-json\/wp\/v2\/posts"}],"about":[{"href":"https:\/\/cidadenoar.com\/global\/wp-json\/wp\/v2\/types\/post"}],"author":[{"embeddable":true,"href":"https:\/\/cidadenoar.com\/global\/wp-json\/wp\/v2\/users\/23"}],"replies":[{"embeddable":true,"href":"https:\/\/cidadenoar.com\/global\/wp-json\/wp\/v2\/comments?post=5188"}],"version-history":[{"count":2,"href":"https:\/\/cidadenoar.com\/global\/wp-json\/wp\/v2\/posts\/5188\/revisions"}],"predecessor-version":[{"id":5191,"href":"https:\/\/cidadenoar.com\/global\/wp-json\/wp\/v2\/posts\/5188\/revisions\/5191"}],"wp:featuredmedia":[{"embeddable":true,"href":"https:\/\/cidadenoar.com\/global\/wp-json\/wp\/v2\/media\/5189"}],"wp:attachment":[{"href":"https:\/\/cidadenoar.com\/global\/wp-json\/wp\/v2\/media?parent=5188"}],"wp:term":[{"taxonomy":"category","embeddable":true,"href":"https:\/\/cidadenoar.com\/global\/wp-json\/wp\/v2\/categories?post=5188"},{"taxonomy":"post_tag","embeddable":true,"href":"https:\/\/cidadenoar.com\/global\/wp-json\/wp\/v2\/tags?post=5188"}],"curies":[{"name":"wp","href":"https:\/\/api.w.org\/{rel}","templated":true}]}}