{"id":5192,"date":"2025-08-27T21:04:42","date_gmt":"2025-08-28T00:04:42","guid":{"rendered":"https:\/\/cidadenoar.com\/?p=5192"},"modified":"2025-08-29T23:12:01","modified_gmt":"2025-08-30T02:12:01","slug":"noha-shoes-promove-evento-beneficente-no-balneario-shopping","status":"publish","type":"post","link":"https:\/\/cidadenoar.com\/global\/geral\/noha-shoes-promove-evento-beneficente-no-balneario-shopping\/","title":{"rendered":"Noha Shoes promove evento beneficente no Balne\u00e1rio Shopping"},"content":{"rendered":"\n<p>Na \u00faltima semana a Noha Shoes, marca de cal\u00e7ados e acess\u00f3rios masculinos, que hoje conta com mais de 20 lojas espalhadas pelo Brasil, promoveu em sua loja do Balne\u00e1rio Shopping, em Balne\u00e1rio Cambori\u00fa, um evento exclusivo para convidados e com cunho&nbsp;beneficente.&nbsp;Na a\u00e7\u00e3o, 10 casais foram convidados para viver uma experi\u00eancia exclusiva, onde o mundo dos vinhos, a moda, a arte e a solidariedade se&nbsp;encontraram. Quem selecionou os casais foi o RP&nbsp;e jornalista&nbsp;Alex Ferrer.<\/p>\n\n\n\n<p><br>A marca recebeu os convidados para uma degusta\u00e7\u00e3o de vinhos da Terrazas de Los Andes, vin\u00edcola que faz parte do conglomerado de luxo do grupo LVMH (Louis Vuitton Mo\u00ebt Hennessy), divis\u00e3o que inclui marcas de renome mundial como Mo\u00ebt &amp; Chandon, Krug,&nbsp;Veuve&nbsp;Clicquot. E o melhor de tudo: o encontro teve uma causa nobre, com parte da renda das vendas de cal\u00e7ados destinada para a institui\u00e7\u00e3o Bezalel, onde crian\u00e7as carentes de escolas p\u00fablicas de Itaja\u00ed recebem aulas de arte.&nbsp;<\/p>\n\n\n\n<p>Diego dos Santos, artista que comanda a institui\u00e7\u00e3o, ainda pintou ta\u00e7as que foram distribu\u00eddas aos casais presentes.&nbsp;Alex Ferrer parabenizou a Noha pela iniciativa em fazer o bem. \u201cFico feliz em usar minha profiss\u00e3o para ajudar o pr\u00f3ximo, e ainda mais ao ver marcas de renome do varejo tamb\u00e9m se disponibilizarem ao mesmo\u201d, pontuou o RP.&nbsp;Para Simon Carrazzone, s\u00f3cio-fundador&nbsp;da&nbsp;marca, que veio especialmente para o evento, o encontro foi um dos melhores que a marca j\u00e1 promoveu no pa\u00eds.<\/p>\n\n\n\n<figure class=\"wp-block-image size-large\"><img decoding=\"async\" src=\"https:\/\/clicsc.com.br\/wp-content\/uploads\/2025\/08\/Alex-Ferrer-e-Tatjana-Ceratti-768x1024.jpg\" alt=\"\" class=\"wp-image-122024\" title=\"\"><figcaption class=\"wp-element-caption\">Alex Ferrer e Tatjana Ceratti<\/figcaption><\/figure>\n\n\n\n<figure class=\"wp-block-image size-large\"><img decoding=\"async\" src=\"https:\/\/clicsc.com.br\/wp-content\/uploads\/2025\/08\/Julia-Mattos-e-Claudio-Medina-768x1024.jpg\" alt=\"\" class=\"wp-image-122026\" title=\"\"><figcaption class=\"wp-element-caption\">Julia Mattos e Cl\u00e1udio Medina<\/figcaption><\/figure>\n\n\n\n<figure class=\"wp-block-image size-large\"><img decoding=\"async\" src=\"https:\/\/clicsc.com.br\/wp-content\/uploads\/2025\/08\/Andre-Gustavo-Schelela-Simon-Carrazzone-Gisele-Rodrigues-768x1024.jpg\" alt=\"\" class=\"wp-image-122025\" title=\"\"><figcaption class=\"wp-element-caption\">Andr\u00e9 Gustavo Schelela , Simon Carrazzone, Gisele Rodrigues<\/figcaption><\/figure>\n\n\n\n<figure class=\"wp-block-image size-large\"><img decoding=\"async\" src=\"https:\/\/clicsc.com.br\/wp-content\/uploads\/2025\/08\/Simon-Carrazzone-Fabricio-Farias-e-Aline-Dornelles-768x1024.jpg\" alt=\"\" class=\"wp-image-122027\" title=\"\"><figcaption class=\"wp-element-caption\">Simon Carrazzone, Fabr\u00edcio Farias e Aline Dornelles<\/figcaption><\/figure>\n","protected":false},"excerpt":{"rendered":"<p>Evento re\u00fane moda, arte, vinhos e solidariedade em experi\u00eancia exclusiva no litoral catarinense<\/p>\n","protected":false},"author":23,"featured_media":5193,"comment_status":"open","ping_status":"open","sticky":false,"template":"","format":"standard","meta":{"footnotes":""},"categories":[1,19],"tags":[230,409,156],"class_list":["post-5192","post","type-post","status-publish","format-standard","has-post-thumbnail","hentry","category-geral","category-saude-bemestar","tag-balneario-camboriu","tag-bc","tag-evento"],"_links":{"self":[{"href":"https:\/\/cidadenoar.com\/global\/wp-json\/wp\/v2\/posts\/5192","targetHints":{"allow":["GET"]}}],"collection":[{"href":"https:\/\/cidadenoar.com\/global\/wp-json\/wp\/v2\/posts"}],"about":[{"href":"https:\/\/cidadenoar.com\/global\/wp-json\/wp\/v2\/types\/post"}],"author":[{"embeddable":true,"href":"https:\/\/cidadenoar.com\/global\/wp-json\/wp\/v2\/users\/23"}],"replies":[{"embeddable":true,"href":"https:\/\/cidadenoar.com\/global\/wp-json\/wp\/v2\/comments?post=5192"}],"version-history":[{"count":1,"href":"https:\/\/cidadenoar.com\/global\/wp-json\/wp\/v2\/posts\/5192\/revisions"}],"predecessor-version":[{"id":5194,"href":"https:\/\/cidadenoar.com\/global\/wp-json\/wp\/v2\/posts\/5192\/revisions\/5194"}],"wp:featuredmedia":[{"embeddable":true,"href":"https:\/\/cidadenoar.com\/global\/wp-json\/wp\/v2\/media\/5193"}],"wp:attachment":[{"href":"https:\/\/cidadenoar.com\/global\/wp-json\/wp\/v2\/media?parent=5192"}],"wp:term":[{"taxonomy":"category","embeddable":true,"href":"https:\/\/cidadenoar.com\/global\/wp-json\/wp\/v2\/categories?post=5192"},{"taxonomy":"post_tag","embeddable":true,"href":"https:\/\/cidadenoar.com\/global\/wp-json\/wp\/v2\/tags?post=5192"}],"curies":[{"name":"wp","href":"https:\/\/api.w.org\/{rel}","templated":true}]}}