{"id":5196,"date":"2025-08-27T22:43:56","date_gmt":"2025-08-28T01:43:56","guid":{"rendered":"https:\/\/cidadenoar.com\/?p=5196"},"modified":"2025-08-27T22:43:59","modified_gmt":"2025-08-28T01:43:59","slug":"feira-construir-ai-2025-tera-rodada-de-negocios-para-compradores-do-setor-da-construcao-civil","status":"publish","type":"post","link":"https:\/\/cidadenoar.com\/global\/economia-negocios\/feira-construir-ai-2025-tera-rodada-de-negocios-para-compradores-do-setor-da-construcao-civil\/","title":{"rendered":"Feira Construir A\u00ed 2025 ter\u00e1 Rodada de Neg\u00f3cios para compradores do setor da constru\u00e7\u00e3o civil"},"content":{"rendered":"\n<p>A <strong>Feira Construir A\u00ed 2025<\/strong>, marcada para os dias <strong>17, 18 e 19 de setembro<\/strong> no Expocentro de Balne\u00e1rio Cambori\u00fa, vai contar com uma <strong>Rodada de Neg\u00f3cios exclusiva para compradores da cadeia produtiva da constru\u00e7\u00e3o civil<\/strong>. A a\u00e7\u00e3o, organizada pela empresa <strong><a href=\"https:\/\/cidadenoar.com\/economia-negocios\/rodada-de-negocios-logistique-2025-abre-inscricoes-para-fornecedores-e-reune-setor-logistico-em-balneario-camboriu\/\" target=\"_blank\" data-type=\"post\" data-id=\"4678\" rel=\"noreferrer noopener\">Amato <\/a>\u2013 Desenvolvendo Neg\u00f3cios<\/strong>, ser\u00e1 realizada em paralelo \u00e0 feira e tem como objetivo aproximar fornecedores e compradores em um ambiente estrat\u00e9gico de negocia\u00e7\u00f5es.<\/p>\n\n\n\n<p>Ser\u00e3o tr\u00eas dias de encontros planejados para transformar conex\u00f5es em contratos. De acordo com a organiza\u00e7\u00e3o, a metodologia prev\u00ea reuni\u00f5es individuais de 10 minutos entre fornecedores e compradores, permitindo apresenta\u00e7\u00f5es objetivas, identifica\u00e7\u00e3o de novos parceiros e a possibilidade de fechar neg\u00f3cios de forma \u00e1gil.<\/p>\n\n\n\n<p>Al\u00e9m disso, os compradores participantes ter\u00e3o acesso gratuito \u00e0 feira e, ao final de cada dia, ser\u00e3o convidados para um almo\u00e7o especial como forma de agradecimento pela presen\u00e7a.<\/p>\n\n\n\n<p>A <strong><a href=\"https:\/\/cidadenoar.com\/economia-negocios\/feira-construir-ai-reunira-mais-de-200-expositores-em-15-mil-m%c2%b2-de-area\/\" target=\"_blank\" data-type=\"post\" data-id=\"3828\" rel=\"noreferrer noopener\">Construir A\u00ed 2025<\/a><\/strong> ser\u00e1 uma vitrine para as inova\u00e7\u00f5es e tend\u00eancias do setor da constru\u00e7\u00e3o civil, reunindo empresas de materiais, equipamentos, servi\u00e7os e tecnologia. A rodada de neg\u00f3cios \u00e9 apontada como uma oportunidade para quem deseja fortalecer rela\u00e7\u00f5es comerciais, ampliar contatos e gerar novas parcerias.<\/p>\n\n\n\n<p>As inscri\u00e7\u00f5es s\u00e3o gratuitas e devem ser feitas separadamente para cada dia do evento:<\/p>\n\n\n\n<ul class=\"wp-block-list\">\n<li><a href=\"https:\/\/amato.agendarodadas.com.br\/comprador\/c\/rodada-de-negocios-da-cadeia-produtiva-da-construcao-civil-construir-ai-17-09-2025?utm_source=chatgpt.com\" target=\"_blank\" rel=\"noopener\">Formul\u00e1rio de 17\/09<\/a><\/li>\n\n\n\n<li><a href=\"https:\/\/amato.agendarodadas.com.br\/comprador\/c\/rodada-de-negocios-da-cadeia-produtiva-da-construcao-civil-construir-ai-18-09-2025?utm_source=chatgpt.com\" target=\"_blank\" rel=\"noopener\">Formul\u00e1rio de 18\/09<\/a><\/li>\n\n\n\n<li><a href=\"https:\/\/amato.agendarodadas.com.br\/comprador\/c\/rodada-de-negocios-da-cadeia-produtiva-da-construcao-civil-construir-ai-19-09-2025?utm_source=chatgpt.com\" target=\"_blank\" rel=\"noopener\">Formul\u00e1rio de 19\/09<\/a><\/li>\n<\/ul>\n\n\n\n<p>Mais informa\u00e7\u00f5es podem ser obtidas diretamente com os organizadores:<\/p>\n\n\n\n<ul class=\"wp-block-list\">\n<li><strong>Rita Amato<\/strong> \u2013 (47) 99958-1397 (WhatsApp)<\/li>\n\n\n\n<li><strong>Fabricio Wazilewski<\/strong> \u2013 (47) 99229-1105 (WhatsApp)<\/li>\n<\/ul>\n\n\n\n<h3 class=\"wp-block-heading\">Hist\u00f3rico de resultados positivos<\/h3>\n\n\n\n<p>A Rodada de Neg\u00f3cios da Construir A\u00ed 2025 d\u00e1 sequ\u00eancia a uma s\u00e9rie de encontros empresariais realizados recentemente em Santa Catarina, tamb\u00e9m sob a coordena\u00e7\u00e3o de <strong>Rita Amato<\/strong>.<\/p>\n\n\n\n<p>Segundo a organiza\u00e7\u00e3o e participantes, as rodadas da cadeia produtiva da constru\u00e7\u00e3o civil realizadas em <strong><a href=\"https:\/\/cidadenoar.com\/economia-negocios\/rodada-de-negocios-da-construcao-civil-movimenta-setor-em-itapema-e-anuncia-novas-edicoes-em-outras-cidades\/\" data-type=\"post\" data-id=\"3137\" target=\"_blank\" rel=\"noreferrer noopener\">Itapema<\/a> <\/strong>e em <strong><a href=\"https:\/\/cidadenoar.com\/economia-negocios\/joinville-sedia-rodada-de-negocios-da-construcao-civil-e-conecta-fornecedores-a-25-grandes-construtoras\/\" data-type=\"post\" data-id=\"3952\" target=\"_blank\" rel=\"noreferrer noopener\">Joinville<\/a> <\/strong>mostraram-se bem-sucedidas: em Itapema as vagas para fornecedores se esgotaram rapidamente e o formato de reuni\u00f5es cronometradas, com apoio integral da equipe, permitiu que empresas \u00e2ncoras encontrassem solu\u00e7\u00f5es e abrissem portas para negocia\u00e7\u00f5es; em Joinville a mesma din\u00e2mica aproximou fornecedores locais e compradores, gerando contatos estrat\u00e9gicos e feedback positivo dos presentes, refor\u00e7ando a confian\u00e7a no modelo de rodadas como ferramenta eficiente de prospec\u00e7\u00e3o e fechamento de neg\u00f3cios.<\/p>\n\n\n\n<p>Outro destaque foi a <strong><a href=\"https:\/\/cidadenoar.com\/economia-negocios\/rodada-de-negocios-logistique-2025-reune-cadeia-logistica-em-balneario-camboriu-e-e-apontada-como-sucesso-por-participantes\/\" target=\"_blank\" data-type=\"post\" data-id=\"5021\" rel=\"noreferrer noopener\">Rodada de Neg\u00f3cios Logistique 2025<\/a><\/strong>, em Balne\u00e1rio Cambori\u00fa, que reuniu fornecedores e compradores da cadeia log\u00edstica em paralelo \u00e0 feira do setor. A iniciativa consolidou-se como um ponto de encontro para negocia\u00e7\u00f5es estrat\u00e9gicas e a forma\u00e7\u00e3o de parcerias duradouras.<\/p>\n\n\n\n<p>Com essa experi\u00eancia acumulada, a expectativa \u00e9 de que a <strong>Rodada de Neg\u00f3cios da Construir A\u00ed 2025<\/strong> amplifique ainda mais os resultados, fortalecendo a rede de contatos dos participantes e contribuindo para o crescimento do setor da constru\u00e7\u00e3o civil no pa\u00eds.<\/p>\n","protected":false},"excerpt":{"rendered":"<p>A Feira Construir A\u00ed 2025, marcada para os dias 17, 18 e 19 de setembro no Expocentro de Balne\u00e1rio Cambori\u00fa, vai contar com uma Rodada de Neg\u00f3cios exclusiva para compradores da cadeia produtiva da constru\u00e7\u00e3o civil. A a\u00e7\u00e3o, organizada pela empresa Amato \u2013 Desenvolvendo Neg\u00f3cios, ser\u00e1 realizada em paralelo \u00e0 feira e tem como objetivo&#8230;<\/p>\n","protected":false},"author":1,"featured_media":5197,"comment_status":"open","ping_status":"open","sticky":false,"template":"","format":"standard","meta":{"footnotes":""},"categories":[289],"tags":[529,36,52,590,599],"class_list":["post-5196","post","type-post","status-publish","format-standard","has-post-thumbnail","hentry","category-economia-negocios","tag-construcao-civil","tag-economia","tag-empreendedorismo","tag-feiras","tag-negocios-2"],"_links":{"self":[{"href":"https:\/\/cidadenoar.com\/global\/wp-json\/wp\/v2\/posts\/5196","targetHints":{"allow":["GET"]}}],"collection":[{"href":"https:\/\/cidadenoar.com\/global\/wp-json\/wp\/v2\/posts"}],"about":[{"href":"https:\/\/cidadenoar.com\/global\/wp-json\/wp\/v2\/types\/post"}],"author":[{"embeddable":true,"href":"https:\/\/cidadenoar.com\/global\/wp-json\/wp\/v2\/users\/1"}],"replies":[{"embeddable":true,"href":"https:\/\/cidadenoar.com\/global\/wp-json\/wp\/v2\/comments?post=5196"}],"version-history":[{"count":2,"href":"https:\/\/cidadenoar.com\/global\/wp-json\/wp\/v2\/posts\/5196\/revisions"}],"predecessor-version":[{"id":5199,"href":"https:\/\/cidadenoar.com\/global\/wp-json\/wp\/v2\/posts\/5196\/revisions\/5199"}],"wp:featuredmedia":[{"embeddable":true,"href":"https:\/\/cidadenoar.com\/global\/wp-json\/wp\/v2\/media\/5197"}],"wp:attachment":[{"href":"https:\/\/cidadenoar.com\/global\/wp-json\/wp\/v2\/media?parent=5196"}],"wp:term":[{"taxonomy":"category","embeddable":true,"href":"https:\/\/cidadenoar.com\/global\/wp-json\/wp\/v2\/categories?post=5196"},{"taxonomy":"post_tag","embeddable":true,"href":"https:\/\/cidadenoar.com\/global\/wp-json\/wp\/v2\/tags?post=5196"}],"curies":[{"name":"wp","href":"https:\/\/api.w.org\/{rel}","templated":true}]}}