{"id":5212,"date":"2025-08-28T18:14:13","date_gmt":"2025-08-28T21:14:13","guid":{"rendered":"https:\/\/cidadenoar.com\/?p=5212"},"modified":"2025-08-28T18:14:16","modified_gmt":"2025-08-28T21:14:16","slug":"fort-atacadista-anuncia-ativacoes-especiais-para-a-maratona-internacional-de-floripa-fibra-2025","status":"publish","type":"post","link":"https:\/\/cidadenoar.com\/global\/saude-bem%e2%80%91estar\/fort-atacadista-anuncia-ativacoes-especiais-para-a-maratona-internacional-de-floripa-fibra-2025\/","title":{"rendered":"Fort Atacadista anuncia ativa\u00e7\u00f5es especiais para a Maratona Internacional de Floripa Fibra 2025"},"content":{"rendered":"\n<p>Florian\u00f3polis sedia neste fim de semana, nos dias 30 e 31 de agosto, a&nbsp;Maratona Internacional de Floripa Fibra 2025, que reunir\u00e1&nbsp;<strong>19.230 atletas de 21 pa\u00edses<\/strong>&nbsp;em provas de 42 km, 21 km e 5 km, al\u00e9m da tradicional Maratoninha para crian\u00e7as. O ponto de largada e chegada ser\u00e1 o&nbsp;Trapiche da Beira-Mar Norte.<\/p>\n\n\n\n<p>Apresentador oficial do evento, o&nbsp;Fort Atacadista, rede de atacarejo do Grupo Pereira, promover\u00e1 uma s\u00e9rie de&nbsp;atividades e experi\u00eancias gratuitas&nbsp;voltadas ao p\u00fablico durante os dias de prova e tamb\u00e9m na&nbsp;Expo Maratona, que ocorre de 28 a 30 de agosto no Villa Romana Shopping.<\/p>\n\n\n\n<p><strong>Experi\u00eancias na Expo<\/strong><\/p>\n\n\n\n<p>Durante a entrega dos kits e visita\u00e7\u00e3o \u00e0 feira, os corredores e visitantes poder\u00e3o aproveitar:<\/p>\n\n\n\n<ul class=\"wp-block-list\">\n<li>Servi\u00e7o de tran\u00e7as para clientes Vuon Card;<\/li>\n\n\n\n<li>Degusta\u00e7\u00f5es gratuitas de marcas como Dikoko e Vita Supra.<\/li>\n<\/ul>\n\n\n\n<p>A Expo re\u00fane mais de 30 expositores do setor de running e funcionar\u00e1 na quinta (28) e sexta-feira (29), das 10h \u00e0s 21h, e no s\u00e1bado (30), das 10h \u00e0s 20h, no Villa Romana Shopping, no bairro Santa M\u00f4nica.<\/p>\n\n\n\n<p><strong>Ativa\u00e7\u00f5es durante as corridas<\/strong><\/p>\n\n\n\n<p>J\u00e1 na arena montada no Trapiche da Beira-Mar Norte, entre os dias 30 e 31 de agosto, o Fort promover\u00e1:<\/p>\n\n\n\n<ul class=\"wp-block-list\">\n<li>T\u00fanel de hidrata\u00e7\u00e3o, com bebidas e frutas;<\/li>\n\n\n\n<li>Degusta\u00e7\u00f5es das marcas parceiras Vita Supra, Dikoko, 3 Cora\u00e7\u00f5es e Pureza;<\/li>\n\n\n\n<li>Espa\u00e7o Farm\u00e1cia SempreFort, com massagens para recupera\u00e7\u00e3o dos atletas;<\/li>\n\n\n\n<li>Lounge de descanso com puffs;<\/li>\n\n\n\n<li>Transmiss\u00e3o em tempo real da prova no lounge montado na Beira-Mar Norte.<\/li>\n<\/ul>\n\n\n\n<p>De acordo com a organiza\u00e7\u00e3o, as ativa\u00e7\u00f5es come\u00e7am \u00e0s&nbsp;<strong>5h da manh\u00e3<\/strong>, acompanhando os hor\u00e1rios das provas, e permanecem abertas durante todo o evento.<\/p>\n\n\n\n<p><strong>Programa\u00e7\u00e3o esportiva<\/strong>A programa\u00e7\u00e3o oficial tem in\u00edcio no dia 28, com a abertura da Expo. No s\u00e1bado (30), ser\u00e1 realizada a&nbsp;<strong>meia maratona (21 km)<\/strong>, seguida da&nbsp;<strong>Maratoninha<\/strong>, voltada a crian\u00e7as de 3 a 13 anos. No domingo (31), ocorrer\u00e3o a&nbsp;<strong>prova principal da maratona (42 km)<\/strong>&nbsp;e a corrida de&nbsp;<strong>5 km<\/strong>, que percorre da arena at\u00e9 a altura do Koxixos e retorna ao Trapiche.<\/p>\n\n\n\n<figure class=\"wp-block-image size-full\"><img fetchpriority=\"high\" decoding=\"async\" width=\"826\" height=\"448\" src=\"https:\/\/cidadenoar.com\/wp-content\/uploads\/sites\/22\/2025\/08\/projeto-3D-Fort-Atacadista-na-Maratona-Internacional-de-Floripa.png\" alt=\"\" class=\"wp-image-5214\" title=\"\" srcset=\"https:\/\/cidadenoar.com\/global\/wp-content\/uploads\/sites\/22\/2025\/08\/projeto-3D-Fort-Atacadista-na-Maratona-Internacional-de-Floripa.png 826w, https:\/\/cidadenoar.com\/global\/wp-content\/uploads\/sites\/22\/2025\/08\/projeto-3D-Fort-Atacadista-na-Maratona-Internacional-de-Floripa-300x163.png 300w, https:\/\/cidadenoar.com\/global\/wp-content\/uploads\/sites\/22\/2025\/08\/projeto-3D-Fort-Atacadista-na-Maratona-Internacional-de-Floripa-768x417.png 768w\" sizes=\"(max-width: 826px) 100vw, 826px\" \/><\/figure>\n","protected":false},"excerpt":{"rendered":"<p>Com apoio de marcas como 3 Cora\u00e7\u00f5es, Dikoko, Vita Supra, Pureza, Vuon Card e Farm\u00e1cia SempreFort, rede do Grupo Pereira oferecer\u00e1 experi\u00eancias de bem-estar e degusta\u00e7\u00f5es gratuitas durante a Expo e os dias de corrida<\/p>\n","protected":false},"author":23,"featured_media":5213,"comment_status":"open","ping_status":"open","sticky":false,"template":"","format":"standard","meta":{"footnotes":""},"categories":[19],"tags":[144,112,601],"class_list":["post-5212","post","type-post","status-publish","format-standard","has-post-thumbnail","hentry","category-saude-bemestar","tag-corrida","tag-fort-atacadista","tag-maratona-de-floripa"],"_links":{"self":[{"href":"https:\/\/cidadenoar.com\/global\/wp-json\/wp\/v2\/posts\/5212","targetHints":{"allow":["GET"]}}],"collection":[{"href":"https:\/\/cidadenoar.com\/global\/wp-json\/wp\/v2\/posts"}],"about":[{"href":"https:\/\/cidadenoar.com\/global\/wp-json\/wp\/v2\/types\/post"}],"author":[{"embeddable":true,"href":"https:\/\/cidadenoar.com\/global\/wp-json\/wp\/v2\/users\/23"}],"replies":[{"embeddable":true,"href":"https:\/\/cidadenoar.com\/global\/wp-json\/wp\/v2\/comments?post=5212"}],"version-history":[{"count":2,"href":"https:\/\/cidadenoar.com\/global\/wp-json\/wp\/v2\/posts\/5212\/revisions"}],"predecessor-version":[{"id":5216,"href":"https:\/\/cidadenoar.com\/global\/wp-json\/wp\/v2\/posts\/5212\/revisions\/5216"}],"wp:featuredmedia":[{"embeddable":true,"href":"https:\/\/cidadenoar.com\/global\/wp-json\/wp\/v2\/media\/5213"}],"wp:attachment":[{"href":"https:\/\/cidadenoar.com\/global\/wp-json\/wp\/v2\/media?parent=5212"}],"wp:term":[{"taxonomy":"category","embeddable":true,"href":"https:\/\/cidadenoar.com\/global\/wp-json\/wp\/v2\/categories?post=5212"},{"taxonomy":"post_tag","embeddable":true,"href":"https:\/\/cidadenoar.com\/global\/wp-json\/wp\/v2\/tags?post=5212"}],"curies":[{"name":"wp","href":"https:\/\/api.w.org\/{rel}","templated":true}]}}