{"id":5287,"date":"2025-08-30T11:53:26","date_gmt":"2025-08-30T14:53:26","guid":{"rendered":"https:\/\/cidadenoar.com\/?p=5287"},"modified":"2025-08-30T11:53:29","modified_gmt":"2025-08-30T14:53:29","slug":"salao-internacional-do-automovel-2025-inicia-venda-de-ingressos","status":"publish","type":"post","link":"https:\/\/cidadenoar.com\/global\/economia-negocios\/salao-internacional-do-automovel-2025-inicia-venda-de-ingressos\/","title":{"rendered":"Sal\u00e3o Internacional do Autom\u00f3vel 2025 Inicia Venda de Ingressos"},"content":{"rendered":"\n<p>A espera do p\u00fablico acabou: a venda antecipada de ingressos para o 31\u00ba Sal\u00e3o Internacional do Autom\u00f3vel de S\u00e3o Paulo come\u00e7a na pr\u00f3xima segunda-feira, 1\u00ba de setembro. O evento acontecer\u00e1 de 22 a 30 de novembro no Distrito Anhembi, na capital paulista. Mais de 700 mil pessoas s\u00e3o esperadas durante os nove dias de programa\u00e7\u00e3o.<\/p>\n\n\n\n<p>A edi\u00e7\u00e3o de 2025 promete ser a mais interativa de sua hist\u00f3ria, com mais de 300 modelos em exposi\u00e7\u00e3o,&nbsp;<em>test drives<\/em>&nbsp;e diversas experi\u00eancias distribu\u00eddas pelos cinco pavilh\u00f5es. J\u00e1 est\u00e3o confirmadas as marcas BYD, Caoa, Caoa Chery, Citro\u00ebn, Denza, Fiat, GAC, Geely, GWM, Honda, Hyundai, Jeep, Kia, Leapmotor, Lecar, Lexus, MG Motors, Mitsubishi, Omoda &amp; Jaecoo, Peugeot, RAM, Renault, Suzuki Motos, Toyota e Vespa.<\/p>\n\n\n\n<p>Tamb\u00e9m estar\u00e3o reunidas superm\u00e1quinas como Corvette Z06, Ford GT Carbon Series, Ford Mustang GT, Ford Mustang Shelby, McLaren Senna, Porsche 992.2 GT3 PTS e Ultima GTR, ao lado de modelos das italianas Ferrari e Lamborghini. E mais: outros carros absolutamente ic\u00f4nicos como Bugatti EB110 GT 1994 (\u00fanico no Brasil), Lamborghini Miura P400 S 1969, Plymouth Superbird 1970, Lamborghini Diablo 1991 e o nacional Hofstetter Turbo 1986.<\/p>\n\n\n\n<p>O primeiro lote de ingressos estar\u00e1 dispon\u00edvel para venda exclusivamente no site\u00a0<strong><a href=\"http:\/\/www.salaodoautomovel.com.br\/\" target=\"_blank\" rel=\"noreferrer noopener\">www.salaodoautomovel.com.br<\/a>,<\/strong>\u00a0com valor promocional de\u00a0R$ 116 (inteira para dias de semana), R$ 145 (inteira para finais de semana), R$ 58 (meia entrada para dias de semana) e R$ 72,50 (meia entrada para finais de semana).<\/p>\n\n\n\n<p>Outra novidade \u00e9 a op\u00e7\u00e3o de ingresso VIP, que garante acesso ao\u00a0<strong>Dream Lounge<\/strong>\u00a0\u2014 espa\u00e7o premium com servi\u00e7os personalizados em parceria com a Motorgrid Brasil, maior grupo de propriet\u00e1rios de\u00a0<em>hypercars<\/em>\u00a0da Am\u00e9rica Latina. Ali haver\u00e1 ainda uma exposi\u00e7\u00e3o especial da SID Special Paint, reunindo capacetes hist\u00f3ricos utilizados por pilotos como Ayrton Senna, Emerson Fittipaldi, Nelson Piquet, Rubens Barrichello e Ingo Hoffmann, al\u00e9m de documentos e fotografias exclusivas. O valor do ingresso VIP ser\u00e1 de\u00a0R$ 440 para os dias de semana\u00a0e R$ 530 para os finais de semana.<\/p>\n\n\n\n<p>Al\u00e9m disso na edi\u00e7\u00e3o 2025&nbsp;a RX, empresa respons\u00e1vel pela organiza\u00e7\u00e3o do Sal\u00e3o Internacional do Autom\u00f3vel, tamb\u00e9m colocar\u00e1 \u00e0 disposi\u00e7\u00e3o do p\u00fablico, pela primeira vez, uma cota limitada de ingressos para a Avant Premi\u00e8re, noite exclusiva destinada a VIPs, patrocinadores e convidados. Marcada para 21 de novembro, a partir das 19 horas, a Avant Premi\u00e8re&nbsp;contar\u00e1 com programa\u00e7\u00e3o \u00fanica e especial, incluindo atra\u00e7\u00f5es musicais \u2013 que ser\u00e3o divulgadas em breve. O valor do ingresso ser\u00e1 de R$ 1.000.<\/p>\n\n\n\n<p>\u201cAdquirir o ingresso antecipado \u00e9 a melhor forma de aproveitar toda a experi\u00eancia que o Sal\u00e3o Internacional do Autom\u00f3vel ter\u00e1 para oferecer. A edi\u00e7\u00e3o de 2025 ser\u00e1 hist\u00f3rica, n\u00e3o s\u00f3 pelo retorno do evento em si ap\u00f3s sete longos anos, mas pelas muitas surpresas que estamos preparando para os visitantes\u201d, salienta Thiago Braga Ferreira, gerente executivo do Sal\u00e3o Internacional do Autom\u00f3vel.<\/p>\n\n\n\n<p><strong>Destaques do Sal\u00e3o do Autom\u00f3vel de 2025<\/strong><\/p>\n\n\n\n<p>Entre as <a href=\"https:\/\/cidadenoar.com\" target=\"_blank\" rel=\"noreferrer noopener\">novidades <\/a>mais aguardadas estar\u00e1 o\u00a0<strong>Drive Experience<\/strong>, pista indoor exclusiva para\u00a0<em>test drives<\/em>\u00a0on e off road. Com 14 mil metros quadrados, o circuito permitir\u00e1 que os participantes dirijam ve\u00edculos de marcas como Caoa Chery, Citro\u00ebn, Fiat, Geely, GWM, Honda, Jeep, Leapmotor, Peugeot, RAM e Renault, passando por modelos a combust\u00e3o, h\u00edbridos, el\u00e9tricos e de tra\u00e7\u00e3o 4&#215;4. A pista ter\u00e1 reta de 160 metros de extens\u00e3o, al\u00e9m de \u00e1reas para diversos testes que simular\u00e3o situa\u00e7\u00f5es reais de dire\u00e7\u00e3o.<\/p>\n\n\n\n<p>Os carros cl\u00e1ssicos e especiais tamb\u00e9m ter\u00e3o grande destaque, com n\u00e3o apenas um, mas dois espa\u00e7os dedicados. O do&nbsp;<strong>CARDE Arte Design Museu<\/strong>&nbsp;ter\u00e1 linha do tempo interativa, percorrendo v\u00e1rias d\u00e9cadas de desenvolvimento automotivo com a exibi\u00e7\u00e3o de modelos que encantaram em edi\u00e7\u00f5es anteriores do Sal\u00e3o Internacional do Autom\u00f3vel, demonstrando, assim, diversas fases do design, da inova\u00e7\u00e3o e da rela\u00e7\u00e3o da sociedade com o autom\u00f3vel. J\u00e1 o&nbsp;<strong>Mem\u00f3ria sobre Rodas<\/strong>, com curadoria do&nbsp;<strong>Dream Car Museum<\/strong>, reunir\u00e1 dez modelos extremamente raros e emblem\u00e1ticos.<\/p>\n\n\n\n<p>Os visitantes poder\u00e3o conhecer ainda a\u00a0<strong>Racing Game Zone by Jo\u00e3o Barion,<\/strong>\u00a0que trar\u00e1 toda emo\u00e7\u00e3o do universo dos games automotivos, com simuladores de \u00faltima gera\u00e7\u00e3o. E mais: a\u00a0<strong>Arena de Customiza\u00e7\u00e3o by Batistinha,<\/strong>\u00a0desenvolvida em <a href=\"https:\/\/cidadenoar.com.br\" target=\"_blank\" rel=\"noreferrer noopener\">parceria <\/a>com\u00a0Fernando Baptista, exibir\u00e1 fant\u00e1sticos carros personalizados e modificados.<\/p>\n\n\n\n<p>\u201cE n\u00e3o vamos parar por a\u00ed. Em breve anunciaremos novas a\u00e7\u00f5es e parcerias que deixar\u00e3o o Sal\u00e3o Internacional do Autom\u00f3vel ainda mais inesquec\u00edvel para os visitantes. Por isso aconselho todos a garantirem seus ingressos de forma antecipada, para que assegurem sua presen\u00e7a no maior evento do g\u00eanero da Am\u00e9rica Latina\u201d, completa Thiago Braga Ferreira.<\/p>\n\n\n\n<p><strong>31\u00ba Sal\u00e3o Internacional do Autom\u00f3vel de S\u00e3o\u202fPaulo<\/strong><\/p>\n\n\n\n<p>De 22 a 30 de novembro de 2025 \u2013 Distrito Anhembi \u2013 S\u00e3o\u202fPaulo\/SP.\u2028<\/p>\n\n\n\n<p>Rua Olavo Fontoura, 1209<\/p>\n\n\n\n<p>Ingressos:&nbsp;<a href=\"http:\/\/www.salaodoautomovel.com.br\/\" target=\"_blank\" rel=\"noreferrer noopener\"><strong>www.salaodoautomovel.com.br<\/strong><\/a><\/p>\n","protected":false},"excerpt":{"rendered":"<p>Entradas poder\u00e3o ser adquiridas de forma antecipada a partir de 1\u00ba de setembro<\/p>\n","protected":false},"author":1,"featured_media":5288,"comment_status":"open","ping_status":"open","sticky":false,"template":"","format":"standard","meta":{"footnotes":""},"categories":[289],"tags":[612,22,613,52],"class_list":["post-5287","post","type-post","status-publish","format-standard","has-post-thumbnail","hentry","category-economia-negocios","tag-auto","tag-brasil","tag-carros","tag-empreendedorismo"],"_links":{"self":[{"href":"https:\/\/cidadenoar.com\/global\/wp-json\/wp\/v2\/posts\/5287","targetHints":{"allow":["GET"]}}],"collection":[{"href":"https:\/\/cidadenoar.com\/global\/wp-json\/wp\/v2\/posts"}],"about":[{"href":"https:\/\/cidadenoar.com\/global\/wp-json\/wp\/v2\/types\/post"}],"author":[{"embeddable":true,"href":"https:\/\/cidadenoar.com\/global\/wp-json\/wp\/v2\/users\/1"}],"replies":[{"embeddable":true,"href":"https:\/\/cidadenoar.com\/global\/wp-json\/wp\/v2\/comments?post=5287"}],"version-history":[{"count":2,"href":"https:\/\/cidadenoar.com\/global\/wp-json\/wp\/v2\/posts\/5287\/revisions"}],"predecessor-version":[{"id":5290,"href":"https:\/\/cidadenoar.com\/global\/wp-json\/wp\/v2\/posts\/5287\/revisions\/5290"}],"wp:featuredmedia":[{"embeddable":true,"href":"https:\/\/cidadenoar.com\/global\/wp-json\/wp\/v2\/media\/5288"}],"wp:attachment":[{"href":"https:\/\/cidadenoar.com\/global\/wp-json\/wp\/v2\/media?parent=5287"}],"wp:term":[{"taxonomy":"category","embeddable":true,"href":"https:\/\/cidadenoar.com\/global\/wp-json\/wp\/v2\/categories?post=5287"},{"taxonomy":"post_tag","embeddable":true,"href":"https:\/\/cidadenoar.com\/global\/wp-json\/wp\/v2\/tags?post=5287"}],"curies":[{"name":"wp","href":"https:\/\/api.w.org\/{rel}","templated":true}]}}