{"id":5291,"date":"2025-08-30T12:03:14","date_gmt":"2025-08-30T15:03:14","guid":{"rendered":"https:\/\/cidadenoar.com\/?p=5291"},"modified":"2025-08-30T12:03:17","modified_gmt":"2025-08-30T15:03:17","slug":"multiplica-pp-promove-aula-aberta-sobre-avancos-em-alergia-e-imunologia-pediatrica","status":"publish","type":"post","link":"https:\/\/cidadenoar.com\/global\/saude-bem%e2%80%91estar\/multiplica-pp-promove-aula-aberta-sobre-avancos-em-alergia-e-imunologia-pediatrica\/","title":{"rendered":"Multiplica PP promove aula aberta sobre avan\u00e7os em Alergia e Imunologia Pedi\u00e1trica"},"content":{"rendered":"\n<p>O programa de educa\u00e7\u00e3o continuada&nbsp;<strong>Multiplica PP<\/strong>, do Hospital Pequeno Pr\u00edncipe, realiza no dia&nbsp;<strong>4 de setembro<\/strong>, \u00e0s&nbsp;<strong>20h<\/strong>, a aula aberta&nbsp;<strong>\u201cO que voc\u00ea vai aprender no Curso de Atualiza\u00e7\u00e3o em Alergia e Imunologia?\u201d<\/strong>. Gratuito e on-line, o encontro contar\u00e1 com especialistas renomados e oferecer\u00e1 certificado aos participantes e voltado para pediatras, alergistas, residentes e acad\u00eamicos de Medicina.<\/p>\n\n\n\n<p>Com o crescimento da preval\u00eancia de doen\u00e7as al\u00e9rgicas na inf\u00e2ncia e os avan\u00e7os recentes em diagn\u00f3stico e terapias, a aula aberta pretende discutir temas atuais e pr\u00e1ticos da especialidade. O <a href=\"https:\/\/cidadenoar.com\" target=\"_blank\" rel=\"noreferrer noopener\">p\u00fablico <\/a>ter\u00e1 acesso a uma degusta\u00e7\u00e3o do conte\u00fado do curso, abordando desde o\u00a0<strong>reconhecimento precoce das doen\u00e7as<\/strong>\u00a0at\u00e9 a\u00a0<strong>abordagem no consult\u00f3rio<\/strong>, al\u00e9m das tend\u00eancias em tratamento que prometem melhorar o progn\u00f3stico de crian\u00e7as e adolescentes.<\/p>\n\n\n\n<p><strong>Corpo docente<\/strong><\/p>\n\n\n\n<p>O encontro ter\u00e1 a modera\u00e7\u00e3o de<strong>&nbsp;Carolina Prando<\/strong>, m\u00e9dica respons\u00e1vel pelo Servi\u00e7o de Imunologia Cl\u00ednica do Hospital Pequeno Pr\u00edncipe, e contar\u00e1 com a participa\u00e7\u00e3o de especialistas que atuam em diferentes \u00e1reas da alergia e imunologia pedi\u00e1trica:<\/p>\n\n\n\n<ul class=\"wp-block-list\">\n<li><strong>Gisele Kuntze:&nbsp;<\/strong>m\u00e9dica imunologista do Hospital Pequeno Pr\u00edncipe<\/li>\n\n\n\n<li><strong>Ana Paula Iwamura:<\/strong>&nbsp;m\u00e9dica alergista e&nbsp;imunologista do Hospital Pequeno Pr\u00edncipe<\/li>\n\n\n\n<li><strong>Tsukiyo Obu Kamoi:<\/strong>&nbsp;m\u00e9dica alergista do Hospital Pequeno Pr\u00edncipe<\/li>\n\n\n\n<li><strong>Mariana Malucelli:<\/strong>&nbsp;m\u00e9dica alergista do Hospital Pequeno Pr\u00edncipe e professora da PUC-PR<\/li>\n\n\n\n<li><strong>Rosaly Vieira dos Santos:&nbsp;<\/strong>m\u00e9dica alergista do Hospital Pequeno Pr\u00edncipe<\/li>\n\n\n\n<li><strong>Cristine Secco Ros\u00e1rio<\/strong>:&nbsp;m\u00e9dica alergista do Hospital Pequeno Pr\u00edncipe e professora de Pediatria da UFPR<\/li>\n<\/ul>\n\n\n\n<p><strong>Alergia e Imunologia no Pequeno Pr\u00edncipe<\/strong><\/p>\n\n\n\n<p>O Servi\u00e7o de Alergia e Imunologia do Hospital Pequeno Pr\u00edncipe iniciou suas atividades em 2012, inicialmente com foco em erros inatos da imunidade. Em 2022, expandiu sua atua\u00e7\u00e3o tamb\u00e9m para alergias. Apenas em 2023, foram&nbsp;<strong>541 consultas, 41 teleconsultas e 282 internamentos<\/strong>&nbsp;realizados pelo setor.<\/p>\n\n\n\n<p>Reconhecido pelo quarto ano consecutivo como o\u00a0<strong>melhor hospital exclusivamente pedi\u00e1trico da Am\u00e9rica Latina<\/strong>\u00a0pela revista norte-americana\u00a0<em>Newsweek<\/em>, o Pequeno Pr\u00edncipe \u00e9 refer\u00eancia em assist\u00eancia, ensino e pesquisa, atendendo crian\u00e7as e adolescentes de todo o <a href=\"https:\/\/cidadenoar.com.br\" target=\"_blank\" rel=\"noreferrer noopener\">Brasil<\/a>.<\/p>\n\n\n\n<p><strong>Servi\u00e7o<\/strong><\/p>\n\n\n\n<p><em><strong>Aula aberta Multiplica PP \u2013 \u201cO que voc\u00ea vai aprender no Curso de Atualiza\u00e7\u00e3o em Alergia e Imunologia?\u201d<\/strong><\/em><br><strong>Data:<\/strong>&nbsp;4 de setembro de 2025 (quinta-feira)<\/p>\n\n\n\n<ul class=\"wp-block-list\">\n<li><strong>Hor\u00e1rio:&nbsp;<\/strong>20h<\/li>\n\n\n\n<li><strong>Modalidade:<\/strong>\u00a0on-line, ao vivo<\/li>\n\n\n\n<li><strong>Gratuito, com certificado<\/strong><\/li>\n<\/ul>\n\n\n\n<p><strong>Sobre o Pequeno Pr\u00edncipe<\/strong><\/p>\n\n\n\n<p>Com sede em Curitiba (PR), o Hospital Pequeno Pr\u00edncipe \u00e9 o maior e mais completo hospital pedi\u00e1trico do Brasil. H\u00e1 mais de cem anos, a institui\u00e7\u00e3o filantr\u00f3pica e sem fins lucrativos oferece assist\u00eancia hospitalar humanizada e de alta qualidade a crian\u00e7as e adolescentes de todo o pa\u00eds. Refer\u00eancia nacional em tratamentos de m\u00e9dia e alta complexidade, realiza transplantes de rim, f\u00edgado, cora\u00e7\u00e3o, ossos e medula \u00f3ssea, al\u00e9m de atuar em 47 especialidades e \u00e1reas de assist\u00eancia em pediatria, com equipes multiprofissionais.<\/p>\n\n\n\n<p>Com 369 leitos, sendo 76 de UTI, o Hospital promove 74% dos atendimentos via Sistema \u00danico de Sa\u00fade (SUS). Em 2024, realizou 259 mil atendimentos ambulatoriais, 20 mil procedimentos cir\u00fargicos e 293 transplantes. Reconhecido como hospital de ensino desde a d\u00e9cada de 1970, j\u00e1 formou mais de dois mil especialistas em diferentes \u00e1reas da pediatria.<\/p>\n\n\n\n<p>Desde 2019, o Pequeno Pr\u00edncipe \u00e9 participante do Pacto Global&nbsp;e contribui para os Objetivos de Desenvolvimento Sustent\u00e1vel (ODS), iniciativa proposta pela Organiza\u00e7\u00e3o das Na\u00e7\u00f5es Unidas.&nbsp;A atua\u00e7\u00e3o em assist\u00eancia, ensino e pesquisa \u2014&nbsp;conforme o conceito Children\u2019s Hospital, adotado por grandes centros pedi\u00e1tricos do mundo \u2014&nbsp;tem transformado milhares de vidas anualmente, garantindo-lhe reconhecimento internacional.<\/p>\n\n\n\n<p>Em 2024, o Pequeno Pr\u00edncipe foi listado como um dos 80 melhores hospitais do mundo no ranking elaborado pela revista norte-americana&nbsp;<em>Newsweek, o que o colocou, pelo quarto ano consecutivo, como&nbsp;<\/em>o melhor hospital exclusivamente pedi\u00e1trico da Am\u00e9rica Latina. Neste ano, foi reconhecido como Hospital de Excel\u00eancia pelo Minist\u00e9rio da Sa\u00fade por meio de certifica\u00e7\u00e3o concedida a institui\u00e7\u00f5es que cumprem crit\u00e9rios t\u00e9cnicos rigorosos.<\/p>\n\n\n\n<p><\/p>\n","protected":false},"excerpt":{"rendered":"<p>Encontro on-line e gratuito apresenta destaques do Curso de Atualiza\u00e7\u00e3o em Alergia e Imunologia, com corpo docente do Hospital Pequeno Pr\u00edncipe<\/p>\n","protected":false},"author":1,"featured_media":5292,"comment_status":"open","ping_status":"open","sticky":false,"template":"","format":"standard","meta":{"footnotes":""},"categories":[19],"tags":[616,615,23],"class_list":["post-5291","post","type-post","status-publish","format-standard","has-post-thumbnail","hentry","category-saude-bemestar","tag-alergia","tag-online","tag-saude"],"_links":{"self":[{"href":"https:\/\/cidadenoar.com\/global\/wp-json\/wp\/v2\/posts\/5291","targetHints":{"allow":["GET"]}}],"collection":[{"href":"https:\/\/cidadenoar.com\/global\/wp-json\/wp\/v2\/posts"}],"about":[{"href":"https:\/\/cidadenoar.com\/global\/wp-json\/wp\/v2\/types\/post"}],"author":[{"embeddable":true,"href":"https:\/\/cidadenoar.com\/global\/wp-json\/wp\/v2\/users\/1"}],"replies":[{"embeddable":true,"href":"https:\/\/cidadenoar.com\/global\/wp-json\/wp\/v2\/comments?post=5291"}],"version-history":[{"count":2,"href":"https:\/\/cidadenoar.com\/global\/wp-json\/wp\/v2\/posts\/5291\/revisions"}],"predecessor-version":[{"id":5294,"href":"https:\/\/cidadenoar.com\/global\/wp-json\/wp\/v2\/posts\/5291\/revisions\/5294"}],"wp:featuredmedia":[{"embeddable":true,"href":"https:\/\/cidadenoar.com\/global\/wp-json\/wp\/v2\/media\/5292"}],"wp:attachment":[{"href":"https:\/\/cidadenoar.com\/global\/wp-json\/wp\/v2\/media?parent=5291"}],"wp:term":[{"taxonomy":"category","embeddable":true,"href":"https:\/\/cidadenoar.com\/global\/wp-json\/wp\/v2\/categories?post=5291"},{"taxonomy":"post_tag","embeddable":true,"href":"https:\/\/cidadenoar.com\/global\/wp-json\/wp\/v2\/tags?post=5291"}],"curies":[{"name":"wp","href":"https:\/\/api.w.org\/{rel}","templated":true}]}}