{"id":5307,"date":"2025-08-30T14:19:39","date_gmt":"2025-08-30T17:19:39","guid":{"rendered":"https:\/\/cidadenoar.com\/?p=5307"},"modified":"2025-08-30T14:19:42","modified_gmt":"2025-08-30T17:19:42","slug":"falta-menos-de-um-mes-para-o-portos-costas-brasil-2025-um-dos-eventos-tecnicos-setorizados-mais-importantes-do-pais","status":"publish","type":"post","link":"https:\/\/cidadenoar.com\/global\/economia-negocios\/falta-menos-de-um-mes-para-o-portos-costas-brasil-2025-um-dos-eventos-tecnicos-setorizados-mais-importantes-do-pais\/","title":{"rendered":"Falta menos de um m\u00eas para o Portos &#038; Costas Brasil 2025, um dos eventos t\u00e9cnicos setorizados mais importantes do pa\u00eds"},"content":{"rendered":"\n<p>A cidade de <a href=\"https:\/\/cidadenoar.com.br\" target=\"_blank\" rel=\"noreferrer noopener\">Itaja\u00ed <\/a>receber\u00e1, nos dias 22 e 23 de setembro, a 3\u00aa edi\u00e7\u00e3o do evento Portos &amp; Costas Brasil, um dos mais importantes congressos t\u00e9cnicos sobre infraestrutura portu\u00e1ria e costeira do pa\u00eds. O encontro reunir\u00e1 especialistas de renome nacional para debater temas estrat\u00e9gicos como infraestrutura portu\u00e1ria, dragagem, navega\u00e7\u00e3o e hidrovias, engenharia e processos costeiros, meio ambiente e desenvolvimento sustent\u00e1vel, al\u00e9m de marinas e cruzeiros. O palco do evento ser\u00e1 o Riviera Convention Center, na Praia Brava, em dois dias de intensa programa\u00e7\u00e3o.<\/p>\n\n\n\n<p>Al\u00e9m dos pain\u00e9is e debates t\u00e9cnicos, a edi\u00e7\u00e3o deste ano proporcionar\u00e1 aos participantes uma oportunidade diferenciada de troca de conhecimentos, <a href=\"https:\/\/cidadenoar.com\" target=\"_blank\" rel=\"noreferrer noopener\">networking <\/a>e gera\u00e7\u00e3o de neg\u00f3cios. O congresso, de car\u00e1ter bienal, j\u00e1 se consolidou como refer\u00eancia nacional.<\/p>\n\n\n\n<p>Mauricio Torronteguy, s\u00f3cio-diretor da MTCN e idealizador do Portos &amp; Costas Brasil, ressalta a import\u00e2ncia do encontro: \u201co evento ganhou relev\u00e2ncia nas suas duas primeiras edi\u00e7\u00f5es e, neste ano, vamos buscar repetir essa performance com nomes de primeira grandeza\u201d, afirma.<\/p>\n\n\n\n<p>Outro ponto destacado por ele \u00e9 a presen\u00e7a de patrocinadores e apoiadores que fortalecem a credibilidade da iniciativa. Em 2025, o evento conta com o patroc\u00ednio da TiL Group, um dos maiores operadores portu\u00e1rios do mundo, presente em 70 terminais distribu\u00eddos em 31 pa\u00edses nos cinco continentes. Tamb\u00e9m patrocinam a edi\u00e7\u00e3o a SK Ambiental, a HidroMares, as l\u00edderes mundiais do setor de dragagem Jan de Nul e Van Oord, a empreiteira brasileira Carioca Engenharia, al\u00e9m da Royal IHC, Graf Consulting e Wosniak Engenharia.&nbsp;<\/p>\n\n\n\n<p>O evento tamb\u00e9m recebe suporte institucional do Minist\u00e9rio de Portos e Aeroportos, da Ag\u00eancia Nacional de Transportes Aquavi\u00e1rios (Antaq), da Associa\u00e7\u00e3o Mundial para Infraestrutura do Transporte Aquavi\u00e1rio (PIANC), Associa\u00e7\u00e3o dos Terminais Portu\u00e1rios Privados (ATP), da Associa\u00e7\u00e3o Brasileira das Entidades Portu\u00e1rias e Hidrovi\u00e1rias (ABEPH), da Associa\u00e7\u00e3o Brasileira de Terminais e Recintos Alfandegados (Abtra), da Associa\u00e7\u00e3o N\u00e1utica Brasileira (Acatmar), do CREA-SC, da AOCEANO, da Federa\u00e7\u00e3o das Ind\u00fastrias de Santa Catarina (FIESC), do Governo do Estado de SC, da Secretaria de Turismo e Eventos de Itaja\u00ed, dentre outras importantes institui\u00e7\u00f5es, revelando a abrang\u00eancia e apoio da iniciativa.<\/p>\n\n\n\n<p><strong>Tem\u00e1ticas de destaque<\/strong><\/p>\n\n\n\n<p>A efici\u00eancia dos portos \u00e9 determinante para a competitividade no com\u00e9rcio exterior. No entanto, essa efici\u00eancia est\u00e1 atrelada a infraestrutura portu\u00e1ria. Portos bem estruturados garantem agilidade, seguran\u00e7a e redu\u00e7\u00e3o de custos operacionais.<\/p>\n\n\n\n<p>Entre os palestrantes do painel sobre infraestrutura portu\u00e1ria est\u00e3o Julio Cesar de Sousa Dias, da Secretaria Nacional de Portos; Fabio Wosniak, da Wosniak Engenharia; Gustavo Maschietto, da Carioca Engenharia; e Osmari de Castilho Ribas, superintendente da Portonave S\/A.<\/p>\n\n\n\n<p>Moderado por Eduardo Aoun Tannuri, o painel Navega\u00e7\u00e3o e Hidrovias discutir\u00e1 uma metodologia padronizada para recomenda\u00e7\u00e3o de comboios e empurradores nas hidrovias brasileiras. Al\u00e9m disso, a sess\u00e3o contar\u00e1 ainda com a participa\u00e7\u00e3o de Rodrigo Paiva, que questionar\u00e1 a viabilidade de solu\u00e7\u00f5es para o setor; Jamille Consulin, que apresentar\u00e1 a nova realidade da Ag\u00eancia de Transporte do Estado de S\u00e3o Paulo e a PPP de travessias; e Ricardo Delfim, que trar\u00e1 uma vis\u00e3o t\u00e9cnica sobre desafios e potencialidades da infraestrutura hidrovi\u00e1ria.<\/p>\n\n\n\n<p>O painel Meio Ambiente e Sustentabilidade, moderado por Marcelo Travassos, ter\u00e1 a participa\u00e7\u00e3o da diretora Larissa Carolina Amorim dos Santos, do Minist\u00e9rio de Portos e Aeroportos, que falar\u00e1 sobre a import\u00e2ncia da sustentabilidade no setor. Carlos Eduardo Costa e Andr\u00e9 Vieira, da SK Ambiental, abordar\u00e3o os impactos de sedimentos contaminados em dragagens. Adriano Truffi Lima, da Vast Infraestrutura, discutir\u00e1 estrat\u00e9gias para descarboniza\u00e7\u00e3o da log\u00edstica de exporta\u00e7\u00e3o de petr\u00f3leo. J\u00e1 Sergio Estima, do NEMA, apresentar\u00e1 o Programa de Monitoramento e Conserva\u00e7\u00e3o dos Pin\u00edpedes no Porto de Rio Grande (RS).<\/p>\n\n\n\n<p>Projetar e executar obras de engenharia costeira exige compreens\u00e3o aprofundada dos fen\u00f4menos litor\u00e2neos. Para Mauricio Torronteguy, o tema Engenharia e Processos Costeiros, que integra o conte\u00fado do f\u00f3rum t\u00e9cnico, conecta ci\u00eancia, tecnologia e planejamento.<\/p>\n\n\n\n<p>O painel ter\u00e1 como moderador o professor e doutor Antonio H. F. Klein e contar\u00e1 com a presen\u00e7a do professor da UFSC Pedro Pereira. Gabriel Paschoal, da Hidromares, discutir\u00e1 sustentabilidade aliada \u00e0 efici\u00eancia operacional. Mariana Grandezzi, da Arcelor Mittal, abordar\u00e1 o uso de estacas pranchas met\u00e1licas em obras costeiras, e Guilherme Medeiros, do Porto de S\u00e3o Francisco do Sul, apresentar\u00e1 a experi\u00eancia da Ba\u00eda da Babitonga na execu\u00e7\u00e3o de dragagens com aproveitamento do material dragado.&nbsp;<\/p>\n\n\n\n<p>J\u00e1 a dragagem, fundamental para garantir a navegabilidade e a efici\u00eancia log\u00edstica, ser\u00e1 um dos eixos centrais do congresso. O painel ter\u00e1 modera\u00e7\u00e3o de Michele de Lorena e contar\u00e1 com Willian Fronza, da Van Oord; John Verly, da Royal IHC, que discutir\u00e1 tecnologia e sustentabilidade na evolu\u00e7\u00e3o da dragagem no Brasil; Calebe Sangi Silva, da VLI, que falar\u00e1 sobre a gest\u00e3o de profundidades em acessos aquavi\u00e1rios; al\u00e9m de Mauricio Bernardo Gaspar Filho e Matheus Trocoli Novaes, ambos da Autoridade Portu\u00e1ria de Santos, que apresentar\u00e3o a experi\u00eancia da gest\u00e3o de obras de dragagem no maior porto da Am\u00e9rica Latina.<\/p>\n\n\n\n<p>As inscri\u00e7\u00f5es s\u00e3o limitadas a 280 participantes e est\u00e3o abertas pelo link:&nbsp;<a href=\"https:\/\/portosecostas.com.br\/inscricoes\/\" rel=\"noreferrer noopener\" target=\"_blank\">portosecostas.com.br\/inscricoes<\/a>. Informa\u00e7\u00f5es adicionais e a programa\u00e7\u00e3o completa est\u00e3o dispon\u00edveis no portal oficial do evento:&nbsp;<a href=\"https:\/\/portosecostas.com.br\/\" rel=\"noreferrer noopener\" target=\"_blank\">portosecostas.com.br<\/a><\/p>\n","protected":false},"excerpt":{"rendered":"<p>Entre os destaques na 3\u00aa edi\u00e7\u00e3o do Portos &#038; Costas Brasil est\u00e3o as tem\u00e1ticas infraestrutura portu\u00e1ria, dragagem, navega\u00e7\u00e3o e hidrovias, engenharia e processos costeiros, meio ambiente e desenvolvimento sustent\u00e1vel<\/p>\n","protected":false},"author":1,"featured_media":5308,"comment_status":"open","ping_status":"open","sticky":false,"template":"","format":"standard","meta":{"footnotes":""},"categories":[289],"tags":[52,156,56,620],"class_list":["post-5307","post","type-post","status-publish","format-standard","has-post-thumbnail","hentry","category-economia-negocios","tag-empreendedorismo","tag-evento","tag-itajai-sc","tag-porto"],"_links":{"self":[{"href":"https:\/\/cidadenoar.com\/global\/wp-json\/wp\/v2\/posts\/5307","targetHints":{"allow":["GET"]}}],"collection":[{"href":"https:\/\/cidadenoar.com\/global\/wp-json\/wp\/v2\/posts"}],"about":[{"href":"https:\/\/cidadenoar.com\/global\/wp-json\/wp\/v2\/types\/post"}],"author":[{"embeddable":true,"href":"https:\/\/cidadenoar.com\/global\/wp-json\/wp\/v2\/users\/1"}],"replies":[{"embeddable":true,"href":"https:\/\/cidadenoar.com\/global\/wp-json\/wp\/v2\/comments?post=5307"}],"version-history":[{"count":1,"href":"https:\/\/cidadenoar.com\/global\/wp-json\/wp\/v2\/posts\/5307\/revisions"}],"predecessor-version":[{"id":5309,"href":"https:\/\/cidadenoar.com\/global\/wp-json\/wp\/v2\/posts\/5307\/revisions\/5309"}],"wp:featuredmedia":[{"embeddable":true,"href":"https:\/\/cidadenoar.com\/global\/wp-json\/wp\/v2\/media\/5308"}],"wp:attachment":[{"href":"https:\/\/cidadenoar.com\/global\/wp-json\/wp\/v2\/media?parent=5307"}],"wp:term":[{"taxonomy":"category","embeddable":true,"href":"https:\/\/cidadenoar.com\/global\/wp-json\/wp\/v2\/categories?post=5307"},{"taxonomy":"post_tag","embeddable":true,"href":"https:\/\/cidadenoar.com\/global\/wp-json\/wp\/v2\/tags?post=5307"}],"curies":[{"name":"wp","href":"https:\/\/api.w.org\/{rel}","templated":true}]}}