{"id":5347,"date":"2025-09-02T08:48:00","date_gmt":"2025-09-02T11:48:00","guid":{"rendered":"https:\/\/cidadenoar.com\/?p=5347"},"modified":"2025-09-03T15:29:49","modified_gmt":"2025-09-03T18:29:49","slug":"grupo-pereira-expande-negocios-e-inaugura-seis-lojas-dos-supermercados-comper-em-sc","status":"publish","type":"post","link":"https:\/\/cidadenoar.com\/global\/economia-negocios\/grupo-pereira-expande-negocios-e-inaugura-seis-lojas-dos-supermercados-comper-em-sc\/","title":{"rendered":"Grupo Pereira expande neg\u00f3cios e inaugura seis lojas dos supermercados Comper em SC\u00a0"},"content":{"rendered":"\n<p>O Grupo Pereira, s\u00e9timo maior supermercadista do Brasil e propriet\u00e1rio do Fort Atacadista, agora avan\u00e7a na expans\u00e3o da bandeira Supermercados Comper em Santa Catarina. Ao longo do semestre, ser\u00e3o seis novas unidades no Litoral Norte &#8211; sendo as cinco primeiras j\u00e1 no m\u00eas de setembro. As primeiras j\u00e1 abrem nesta quarta-feira, 3 de setembro, em Itapema e em Bombinhas (Morrinhos) \u2014 ambas em pontos onde funcionavam lojas da rede Schmit, adquirida pelo grupo em janeiro de 2025.<\/p>\n\n\n\n<p>Segundo a Diretora Nacional de Opera\u00e7\u00f5es do Comper, F\u00e1tima Camilo, a expans\u00e3o em Santa Catarina consolida a presen\u00e7a da marca em sua terra de origem e converte estruturas para um padr\u00e3o de atendimento com foco em compras do dia a dia: padaria e a\u00e7ougue de qualidade, hortifruti (FLV) forte, praticidade e pre\u00e7os acess\u00edveis.<\/p>\n\n\n\n<p>\u201cAmpliar a presen\u00e7a do Comper em Santa Catarina, especialmente na regi\u00e3o onde a marca nasceu, \u00e9 motivo de muito orgulho para n\u00f3s. Nosso objetivo \u00e9 oferecer aos consumidores uma experi\u00eancia de compra pr\u00e1tica e completa, com padaria e a\u00e7ougue de qualidade, al\u00e9m de um hortifruti sempre fresco. Queremos estar presentes no dia a dia das fam\u00edlias, com pre\u00e7os acess\u00edveis e a confian\u00e7a que o Grupo Pereira construiu ao longo de mais de 60 anos de hist\u00f3ria\u201d, destaca a executiva.&nbsp;<\/p>\n\n\n\n<p>Com estas inaugura\u00e7\u00f5es do Comper em SC, s\u00e3o incorporados cerca de<strong>&nbsp;500 novos colaboradores ao Grupo Pereira<\/strong>, que j\u00e1 soma mais de 22 mil funcion\u00e1rios nos estados em que est\u00e1 presente: SC, RS, MT, MS, GO, SP e no DF.<\/p>\n\n\n\n<p><strong>O que abre agora<\/strong><strong>:<\/strong><\/p>\n\n\n\n<p><strong>Bombinhas \u2014 Morrinhos<\/strong><\/p>\n\n\n\n<ul class=\"wp-block-list\">\n<li><strong>Endere\u00e7o:<\/strong> Av. Girassol, 1.209<\/li>\n\n\n\n<li><strong>Estrutura:<\/strong> 1.650 m\u00b2 de \u00e1rea de vendas e 122 vagas de estacionamento<\/li>\n\n\n\n<li><strong>Hor\u00e1rio:<\/strong> 7h\u201321h (seg.\u2013s\u00e1b.) e 7h\u201320h (dom. e feriados)<\/li>\n<\/ul>\n\n\n\n<p><strong>Itapema \u2014 Tabuleiro dos Oliveiras<\/strong><\/p>\n\n\n\n<ul class=\"wp-block-list\">\n<li><strong>Endere\u00e7o:<\/strong> Av. Marginal Oeste, 1.620<\/li>\n\n\n\n<li><strong>Hor\u00e1rio:<\/strong> 7h\u201322h (seg.\u2013s\u00e1b.) e 7h\u201320h (dom. e feriados)<\/li>\n<\/ul>\n\n\n\n<p><strong>Pr\u00f3ximas inaugura\u00e7\u00f5es<\/strong><\/p>\n\n\n\n<p>Na semana seguinte, a rede confirma mais tr\u00eas aberturas:<\/p>\n\n\n\n<ul class=\"wp-block-list\">\n<li><strong>Ter\u00e7a, 9 de setembro:<\/strong> duas lojas em Bombinhas, nos bairros Falc\u00e3o e Bombas;<\/li>\n\n\n\n<li><strong>Quarta, 10 de setembro:<\/strong> uma loja em Itaja\u00ed (Cordeiros).<\/li>\n<\/ul>\n\n\n\n<p>Ainda h\u00e1 uma outra unidade do Comper a ser inaugurada em Bombinhas ainda este ano, no bairro Centro, mas ainda sem data confirmada. Com estas 6 inaugura\u00e7\u00f5es, somada \u00e0 loja Comper j\u00e1 existente em Itaja\u00ed &#8211; primeiro endere\u00e7o comercial do Grupo Pereira, quando iniciaram suas opera\u00e7\u00f5es na d\u00e9cada de 60, ser\u00e3o 7 lojas da bandeira Supermercados Comper em Santa Catarina.&nbsp;<\/p>\n\n\n\n<p>Atualmente, s\u00e3o 31 lojas Comper j\u00e1 em funcionamento, sendo a grande maioria no Centro-Oeste do Brasil em estados como Mato Grosso e Mato Grosso do Sul e tamb\u00e9m no Distrito Federal; com estas novas opera\u00e7\u00f5es em Santa Catarina, o Comper ir\u00e1 atingir a marca de 38 lojas.<\/p>\n\n\n\n<p><strong><u>Sobre o Grupo Pereira<\/u>:<\/strong><\/p>\n\n\n\n<p>Fundado em 1962, na cidade de Itaja\u00ed, em Santa Catarina, o Grupo Pereira completa 63 anos de hist\u00f3ria em 2025. Atualmente, conta com 22 mil funcion\u00e1rios nos estados de Mato Grosso, Mato Grosso do Sul, Goi\u00e1s, Santa Catarina, S\u00e3o Paulo, Rio Grande do Sul e no Distrito Federal.<\/p>\n\n\n\n<p>O Grupo Pereira tem&nbsp;<strong>174 unidades de neg\u00f3cio<\/strong>, incluindo 31 lojas da rede de supermercados Comper, 69 lojas do Fort Atacadista (atacarejo), 7 lojas Schmit, 18 unidades do restaurante Trudy\u2019s e uma steakhouse, 3 filiais do Atacado Bate Forte (atacadista de distribui\u00e7\u00e3o), 27 lojas SempreFort (varejo farmac\u00eautico), um Broker \u2013 distribuidor oficial da Nestl\u00e9 -, 5 ag\u00eancias de viagens, 2 postos de combust\u00edvel e um Centro de Distribui\u00e7\u00e3o. Al\u00e9m disso, o Grupo Pereira completa seu ecossistema de solu\u00e7\u00f5es ao incluir o bra\u00e7o log\u00edstico Perlog e os servi\u00e7os financeiros do Vuon, que inclui o private label Vuon Card, com mais de 1,5 milh\u00e3o de cart\u00f5es emitidos, al\u00e9m de gift cards, seguros e assist\u00eancia odontol\u00f3gica.<\/p>\n\n\n\n<p>O Grupo Pereira \u00e9 o primeiro varejista brasileiro a ser contemplado com o selo CAFE (Certified Age Friendly Employer), concedido pelo norte-americano Age Friendly Institute a empresas que promovem a contrata\u00e7\u00e3o e reten\u00e7\u00e3o de funcion\u00e1rios 50+.<\/p>\n\n\n\n<figure class=\"wp-block-image size-large\"><img decoding=\"async\" src=\"https:\/\/visornoticias.com.br\/wp-content\/uploads\/2025\/09\/Hortifruti-Supermercados-Comper-1024x576.jpg\" alt=\"\" class=\"wp-image-273018\" title=\"\"><figcaption class=\"wp-element-caption\"><em>Hortifr\u00fati Supermercados Comper<\/em><\/figcaption><\/figure>\n\n\n\n<figure class=\"wp-block-image size-large\"><img decoding=\"async\" src=\"https:\/\/visornoticias.com.br\/wp-content\/uploads\/2025\/09\/Produtos-selecionados-e-muita-qualidade-no-hortifruti-Supermercados-Comper-1024x577.jpg\" alt=\"\" class=\"wp-image-273020\" title=\"\"><figcaption class=\"wp-element-caption\"><em>Produtos selecionados e muita qualidade no hortifr\u00fati Supermercados Comper<\/em><\/figcaption><\/figure>\n\n\n\n<figure class=\"wp-block-image size-large\"><img decoding=\"async\" src=\"https:\/\/visornoticias.com.br\/wp-content\/uploads\/2025\/09\/Convite-inauguracoes-nesta-quarta-feira-dia-3-595x1024.jpeg\" alt=\"\" class=\"wp-image-273034\" title=\"\"><\/figure>\n\n\n\n<p><\/p>\n","protected":false},"excerpt":{"rendered":"<p>Primeiras lojas abrem nesta quarta-feira (3) em Itapema e Bombinhas; unidades ocupar\u00e3o endere\u00e7os dos antigos Schmit &#8211; rede adquirida pelo Grupo Pereira no in\u00edcio do ano &#8211; e refor\u00e7am proposta de compras do dia a dia com praticidade, qualidade e pre\u00e7os acess\u00edveis<\/p>\n","protected":false},"author":23,"featured_media":5348,"comment_status":"open","ping_status":"open","sticky":false,"template":"","format":"standard","meta":{"footnotes":""},"categories":[289],"tags":[624,211,206],"class_list":["post-5347","post","type-post","status-publish","format-standard","has-post-thumbnail","hentry","category-economia-negocios","tag-comper","tag-grupo-pereira","tag-inauguracao"],"_links":{"self":[{"href":"https:\/\/cidadenoar.com\/global\/wp-json\/wp\/v2\/posts\/5347","targetHints":{"allow":["GET"]}}],"collection":[{"href":"https:\/\/cidadenoar.com\/global\/wp-json\/wp\/v2\/posts"}],"about":[{"href":"https:\/\/cidadenoar.com\/global\/wp-json\/wp\/v2\/types\/post"}],"author":[{"embeddable":true,"href":"https:\/\/cidadenoar.com\/global\/wp-json\/wp\/v2\/users\/23"}],"replies":[{"embeddable":true,"href":"https:\/\/cidadenoar.com\/global\/wp-json\/wp\/v2\/comments?post=5347"}],"version-history":[{"count":2,"href":"https:\/\/cidadenoar.com\/global\/wp-json\/wp\/v2\/posts\/5347\/revisions"}],"predecessor-version":[{"id":5350,"href":"https:\/\/cidadenoar.com\/global\/wp-json\/wp\/v2\/posts\/5347\/revisions\/5350"}],"wp:featuredmedia":[{"embeddable":true,"href":"https:\/\/cidadenoar.com\/global\/wp-json\/wp\/v2\/media\/5348"}],"wp:attachment":[{"href":"https:\/\/cidadenoar.com\/global\/wp-json\/wp\/v2\/media?parent=5347"}],"wp:term":[{"taxonomy":"category","embeddable":true,"href":"https:\/\/cidadenoar.com\/global\/wp-json\/wp\/v2\/categories?post=5347"},{"taxonomy":"post_tag","embeddable":true,"href":"https:\/\/cidadenoar.com\/global\/wp-json\/wp\/v2\/tags?post=5347"}],"curies":[{"name":"wp","href":"https:\/\/api.w.org\/{rel}","templated":true}]}}