{"id":5369,"date":"2025-09-04T19:43:30","date_gmt":"2025-09-04T22:43:30","guid":{"rendered":"https:\/\/cidadenoar.com\/?p=5369"},"modified":"2025-09-04T19:43:33","modified_gmt":"2025-09-04T22:43:33","slug":"raquel-rosa-participa-do-conecta-para-compartilhar-sua-trajetoria-na-formulacao-de-politicas-publicas-de-empreendedorismo-inovacao-e-impacto-social","status":"publish","type":"post","link":"https:\/\/cidadenoar.com\/global\/economia-negocios\/raquel-rosa-participa-do-conecta-para-compartilhar-sua-trajetoria-na-formulacao-de-politicas-publicas-de-empreendedorismo-inovacao-e-impacto-social\/","title":{"rendered":"Raquel Rosa participa do Conecta+ para compartilhar sua trajet\u00f3ria na formula\u00e7\u00e3o de pol\u00edticas p\u00fablicas de empreendedorismo, inova\u00e7\u00e3o e impacto social"},"content":{"rendered":"\n<p>Com ampla trajet\u00f3ria na formula\u00e7\u00e3o e execu\u00e7\u00e3o de pol\u00edticas p\u00fablicas voltadas ao desenvolvimento sustent\u00e1vel, empreendedorismo e inova\u00e7\u00e3o, Raquel Rosa de Oliveira Alves \u00e9 presen\u00e7a confirmada na terceira edi\u00e7\u00e3o do Conecta+, na sexta-feira (12), na plen\u00e1ria externa.&nbsp;<\/p>\n\n\n\n<p>Formada em Rela\u00e7\u00f5es Internacionais pela Universidade de Bras\u00edlia (UnB), com p\u00f3s-gradua\u00e7\u00e3o em Gest\u00e3o de Pol\u00edticas P\u00fablicas e MBA em Gest\u00e3o de Projetos pela Funda\u00e7\u00e3o Get\u00falio Vargas (FGV), Raquel \u00e9 servidora p\u00fablica federal desde 2010. Atualmente, coordena a \u00e1rea de Pol\u00edticas de Apoio ao Empreendedorismo no Minist\u00e9rio do Empreendedorismo, da Microempresa e da Empresa de Pequeno Porte.&nbsp;<\/p>\n\n\n\n<p>Entre seus principais projetos est\u00e1 o Programa P\u00e9 no Futuro, que capacita jovens em situa\u00e7\u00e3o de vulnerabilidade para as novas demandas do mercado de trabalho. Tamb\u00e9m integrou a equipe respons\u00e1vel pela Estrat\u00e9gia Nacional de Empreendedorismo Feminino e por pol\u00edticas de incentivo \u00e0 inova\u00e7\u00e3o.&nbsp;&#8220;Minha miss\u00e3o \u00e9 impactar a vida das pessoas por meio do desenvolvimento pessoal e da gera\u00e7\u00e3o de renda&#8221;, afirma.<\/p>\n\n\n\n<p>O Festival Conecta+ acontece nos dias 12 e 13 de setembro, no Teatro Hermelinda Izabel Merize, anexo ao Centro Multiuso de S\u00e3o Jos\u00e9. Informa\u00e7\u00f5es em&nbsp;www.festivalconectamais.com.br.<\/p>\n\n\n\n<p><\/p>\n","protected":false},"excerpt":{"rendered":"<p>Gestora do Minist\u00e9rio do Empreendedorismo traz ao festival sua trajet\u00f3ria na cria\u00e7\u00e3o de programas de impacto social e econ\u00f4mico<\/p>\n","protected":false},"author":23,"featured_media":5370,"comment_status":"open","ping_status":"open","sticky":false,"template":"","format":"standard","meta":{"footnotes":""},"categories":[289],"tags":[399,52,625],"class_list":["post-5369","post","type-post","status-publish","format-standard","has-post-thumbnail","hentry","category-economia-negocios","tag-conecta","tag-empreendedorismo","tag-raquel-rosa"],"_links":{"self":[{"href":"https:\/\/cidadenoar.com\/global\/wp-json\/wp\/v2\/posts\/5369","targetHints":{"allow":["GET"]}}],"collection":[{"href":"https:\/\/cidadenoar.com\/global\/wp-json\/wp\/v2\/posts"}],"about":[{"href":"https:\/\/cidadenoar.com\/global\/wp-json\/wp\/v2\/types\/post"}],"author":[{"embeddable":true,"href":"https:\/\/cidadenoar.com\/global\/wp-json\/wp\/v2\/users\/23"}],"replies":[{"embeddable":true,"href":"https:\/\/cidadenoar.com\/global\/wp-json\/wp\/v2\/comments?post=5369"}],"version-history":[{"count":2,"href":"https:\/\/cidadenoar.com\/global\/wp-json\/wp\/v2\/posts\/5369\/revisions"}],"predecessor-version":[{"id":5372,"href":"https:\/\/cidadenoar.com\/global\/wp-json\/wp\/v2\/posts\/5369\/revisions\/5372"}],"wp:featuredmedia":[{"embeddable":true,"href":"https:\/\/cidadenoar.com\/global\/wp-json\/wp\/v2\/media\/5370"}],"wp:attachment":[{"href":"https:\/\/cidadenoar.com\/global\/wp-json\/wp\/v2\/media?parent=5369"}],"wp:term":[{"taxonomy":"category","embeddable":true,"href":"https:\/\/cidadenoar.com\/global\/wp-json\/wp\/v2\/categories?post=5369"},{"taxonomy":"post_tag","embeddable":true,"href":"https:\/\/cidadenoar.com\/global\/wp-json\/wp\/v2\/tags?post=5369"}],"curies":[{"name":"wp","href":"https:\/\/api.w.org\/{rel}","templated":true}]}}