{"id":5374,"date":"2025-09-04T20:05:10","date_gmt":"2025-09-04T23:05:10","guid":{"rendered":"https:\/\/cidadenoar.com\/?p=5374"},"modified":"2025-09-04T20:05:13","modified_gmt":"2025-09-04T23:05:13","slug":"solucoes-em-vidro-sao-destaque-no-saie-vetro-2025","status":"publish","type":"post","link":"https:\/\/cidadenoar.com\/global\/economia-negocios\/solucoes-em-vidro-sao-destaque-no-saie-vetro-2025\/","title":{"rendered":"Solu\u00e7\u00f5es em vidro s\u00e3o destaque no SAIE VETRO 2025"},"content":{"rendered":"\n<p>O setor da constru\u00e7\u00e3o civil tem no vidro um dos seus principais aliados em seguran\u00e7a, est\u00e9tica e desempenho t\u00e9cnico. Essa\u00a0relev\u00e2ncia ganha ainda mais destaque no\u00a0<strong>SAIE VETRO 2025<\/strong>, que ocorre de\u00a0<strong>10 a 12 de setembro, no CentroSul, em Florian\u00f3polis (SC)<\/strong>. Refer\u00eancia nacional e ponto de encontro do setor, o evento re\u00fane em sua 14\u00aa edi\u00e7\u00e3o\u00a0<strong>150 marcas distribu\u00eddas em 10 mil m\u00b2<\/strong>, com fornecedores de produtos, servi\u00e7os e solu\u00e7\u00f5es para a ind\u00fastria de esquadrias e vidro.<\/p>\n\n\n\n<p>Entre os expositores, empresas especializadas em vidra\u00e7aria apresentam novidades que v\u00e3o desde fachadas de alto desempenho at\u00e9 solu\u00e7\u00f5es minimalistas de design. Confira alguns dos destaques confirmados:<\/p>\n\n\n\n<ul class=\"wp-block-list\">\n<li><strong>Aluparts<\/strong>&nbsp;\u2013 Com mais de 35 anos de atua\u00e7\u00e3o, a empresa \u00e9 refer\u00eancia em&nbsp;<strong>recupera\u00e7\u00e3o e manuten\u00e7\u00e3o de fachadas de alum\u00ednio e vidro<\/strong>, al\u00e9m de oferecer&nbsp;<strong>laudos t\u00e9cnicos e inspe\u00e7\u00f5es em obras<\/strong>&nbsp;que asseguram a durabilidade, a conformidade com normas e a valoriza\u00e7\u00e3o de empreendimentos. \u201cNosso diferencial est\u00e1 na abordagem t\u00e9cnica e personalizada, com foco no diagn\u00f3stico, preven\u00e7\u00e3o e tratamento de falhas\u201d, destaca a arquiteta Audrey Dias, diretora t\u00e9cnica<\/li>\n<\/ul>\n\n\n\n<figure class=\"wp-block-image size-large is-resized\"><img fetchpriority=\"high\" decoding=\"async\" width=\"768\" height=\"1024\" src=\"https:\/\/cidadenoar.com\/wp-content\/uploads\/sites\/22\/2025\/09\/Aluparts-apresentara-solucoes-em-fachadas-de-vidro-e-aluminio-Foto-Aluparts-768x1024.jpg\" alt=\"\" class=\"wp-image-5377\" style=\"width:579px;height:auto\" title=\"\" srcset=\"https:\/\/cidadenoar.com\/global\/wp-content\/uploads\/sites\/22\/2025\/09\/Aluparts-apresentara-solucoes-em-fachadas-de-vidro-e-aluminio-Foto-Aluparts-768x1024.jpg 768w, https:\/\/cidadenoar.com\/global\/wp-content\/uploads\/sites\/22\/2025\/09\/Aluparts-apresentara-solucoes-em-fachadas-de-vidro-e-aluminio-Foto-Aluparts-225x300.jpg 225w, https:\/\/cidadenoar.com\/global\/wp-content\/uploads\/sites\/22\/2025\/09\/Aluparts-apresentara-solucoes-em-fachadas-de-vidro-e-aluminio-Foto-Aluparts.jpg 800w\" sizes=\"(max-width: 768px) 100vw, 768px\" \/><figcaption class=\"wp-element-caption\">Aluparts apresentar\u00e1 solu\u00e7\u00f5es em fachadas de vidro e alum\u00ednio &#8211; Foto Aluparts<\/figcaption><\/figure>\n\n\n\n<ul class=\"wp-block-list\">\n<li><strong>Santa Rita Vidros<\/strong>&nbsp;\u2013 Com 55 anos de hist\u00f3ria, a empresa lan\u00e7a no evento os&nbsp;<strong>temperados laminados superclear<\/strong>, vidros ainda mais transparentes, ideais para fachadas e guarda-corpos. Outro destaque \u00e9 o&nbsp;<strong>guarda-corpo minimalista Glass View<\/strong>, al\u00e9m dos insulados de controle solar&nbsp;<em>low-e<\/em>.<br>&nbsp;<\/li>\n\n\n\n<li><strong>Solu\u00e7\u00e3o Sacada | Blindex<\/strong>&nbsp;\u2013 Em estande coletivo com licenciadas da marca, apresenta sistemas como o&nbsp;<strong>Blindex Skin Vista<\/strong>, pele de vidro com abertura completa que mant\u00e9m uniformidade est\u00e9tica mesmo totalmente aberto ou fechado. Outros lan\u00e7amentos s\u00e3o o&nbsp;<strong>Kit Box Slim<\/strong>, voltado para pequenos espa\u00e7os, e o&nbsp;<strong>Kit Box Chromus<\/strong>, com roldanas aparentes e estrutura robusta. O estande ainda traz a linha de selantes, ferragens e os tradicionais vidros temperados Blindex.<\/li>\n<\/ul>\n\n\n\n<figure class=\"wp-block-image size-large is-resized\"><img decoding=\"async\" width=\"461\" height=\"1024\" src=\"https:\/\/cidadenoar.com\/wp-content\/uploads\/sites\/22\/2025\/09\/Solucao-Sacada-Blindex-461x1024.jpg\" alt=\"\" class=\"wp-image-5378\" style=\"width:527px;height:auto\" title=\"\" srcset=\"https:\/\/cidadenoar.com\/global\/wp-content\/uploads\/sites\/22\/2025\/09\/Solucao-Sacada-Blindex-461x1024.jpg 461w, https:\/\/cidadenoar.com\/global\/wp-content\/uploads\/sites\/22\/2025\/09\/Solucao-Sacada-Blindex-135x300.jpg 135w, https:\/\/cidadenoar.com\/global\/wp-content\/uploads\/sites\/22\/2025\/09\/Solucao-Sacada-Blindex-768x1707.jpg 768w, https:\/\/cidadenoar.com\/global\/wp-content\/uploads\/sites\/22\/2025\/09\/Solucao-Sacada-Blindex-691x1536.jpg 691w, https:\/\/cidadenoar.com\/global\/wp-content\/uploads\/sites\/22\/2025\/09\/Solucao-Sacada-Blindex.jpg 800w\" sizes=\"(max-width: 461px) 100vw, 461px\" \/><figcaption class=\"wp-element-caption\">Solu\u00e7\u00e3o Sacada Blindex<\/figcaption><\/figure>\n\n\n\n<ul class=\"wp-block-list\">\n<li><strong>Sticktape<\/strong>&nbsp;\u2013 Aposta em suas linhas de&nbsp;<strong>fitas homologadas para aplica\u00e7\u00f5es em fachadas unitizadas e stick<\/strong>, desenvolvidas para garantir seguran\u00e7a e resist\u00eancia em diferentes ambientes. Outro destaque \u00e9 o&nbsp;<strong>App Web Estrutural Glazing Sticktape<\/strong>, portal digital que facilita a compra de solu\u00e7\u00f5es de structural glazing. O p\u00fablico poder\u00e1 conferir ainda fitas para ACM, comunica\u00e7\u00e3o visual, ferramentas e uma mesa de pressionamento em parceria com a Vetro Equipamentos.<br>&nbsp;<\/li>\n\n\n\n<li><strong>Vidra\u00e7aria Primos<\/strong>&nbsp;\u2013 Em parceria com a AGC do Brasil, exp\u00f5e cerca de&nbsp;<strong>50 solu\u00e7\u00f5es em vidros especiais<\/strong>, incluindo laminados, multilaminados e insulados de alto desempenho. Entre os diferenciais, a empresa destaca a&nbsp;<strong>Vitro Jet Type Digital Printing<\/strong>, m\u00e1quina que imprime imagens, padr\u00f5es e gr\u00e1ficos diretamente no vidro, com alta resolu\u00e7\u00e3o.<\/li>\n<\/ul>\n\n\n\n<figure class=\"wp-block-image size-full is-resized\"><img decoding=\"async\" width=\"800\" height=\"955\" src=\"https:\/\/cidadenoar.com\/wp-content\/uploads\/sites\/22\/2025\/09\/Maquina-que-imprime-imagens-com-alta-resolucao-estara-em-exibicao-no-estande-da-Vidracaria-Primos.jpg\" alt=\"\" class=\"wp-image-5379\" style=\"width:441px;height:auto\" title=\"\" srcset=\"https:\/\/cidadenoar.com\/global\/wp-content\/uploads\/sites\/22\/2025\/09\/Maquina-que-imprime-imagens-com-alta-resolucao-estara-em-exibicao-no-estande-da-Vidracaria-Primos.jpg 800w, https:\/\/cidadenoar.com\/global\/wp-content\/uploads\/sites\/22\/2025\/09\/Maquina-que-imprime-imagens-com-alta-resolucao-estara-em-exibicao-no-estande-da-Vidracaria-Primos-251x300.jpg 251w, https:\/\/cidadenoar.com\/global\/wp-content\/uploads\/sites\/22\/2025\/09\/Maquina-que-imprime-imagens-com-alta-resolucao-estara-em-exibicao-no-estande-da-Vidracaria-Primos-768x917.jpg 768w\" sizes=\"(max-width: 800px) 100vw, 800px\" \/><figcaption class=\"wp-element-caption\"><em>M\u00e1quina que imprime imagens com alta resolu\u00e7\u00e3o estar\u00e1 em exibi\u00e7\u00e3o no estande da Vidra\u00e7aria Primos<\/em><\/figcaption><\/figure>\n\n\n\n<ul class=\"wp-block-list\">\n<li><strong>Vipel | Alump<\/strong>&nbsp;\u2013 A fabricante catarinense apresenta linhas de esquadrias e fachadas como a&nbsp;<strong>Advance II<\/strong>&nbsp;e cole\u00e7\u00f5es como Requin 275, Squalo 55 Premium 40, Brisa 25 e Magic 32. Tamb\u00e9m estar\u00e3o em evid\u00eancia os&nbsp;<strong>guarda-corpos autoportantes<\/strong>&nbsp;com vidros laminados temperados com&nbsp;<em>sentryglas<\/em>&nbsp;e a linha completa de vidros para m\u00faltiplas aplica\u00e7\u00f5es. \u201cHoje somos a empresa mais completa no Brasil no mercado de vidros e alum\u00ednios, e no SAIE VETRO 2025 temos a oportunidade de mostrar isso ao mercado\u201d, afirma o diretor Rafael Nandi da Motta.<\/li>\n<\/ul>\n\n\n\n<p><strong>Servi\u00e7o<\/strong><\/p>\n\n\n\n<p><strong>SAIE VETRO 2025 \u2013 Sal\u00e3o da Ind\u00fastria de Esquadrias e Vidro<\/strong><br><strong>Data:<\/strong>&nbsp;10 a 12 de setembro de 2025 (quarta a sexta-feira)<br><strong>Hor\u00e1rio:<\/strong>&nbsp;Das 13h \u00e0s 20h<br><strong>Local:<\/strong>&nbsp;CentroSul \u2013 Florian\u00f3polis (SC)<br><strong>Mais informa\u00e7\u00f5es:<\/strong>&nbsp;<a href=\"http:\/\/www.saievetro.com.br\/\" target=\"_blank\" rel=\"noreferrer noopener\">www.saievetro.com.br<\/a><\/p>\n\n\n\n<p><\/p>\n","protected":false},"excerpt":{"rendered":"<p>De 10 a 12 de setembro, Florian\u00f3polis recebe a 14\u00aa edi\u00e7\u00e3o do Sal\u00e3o da Ind\u00fastria de Esquadrias e Vidro, com inova\u00e7\u00f5es em fachadas, guarda-corpos e sistemas de vidro para a constru\u00e7\u00e3o civil<\/p>\n","protected":false},"author":23,"featured_media":5376,"comment_status":"open","ping_status":"open","sticky":false,"template":"","format":"standard","meta":{"footnotes":""},"categories":[289],"tags":[628,626,627],"class_list":["post-5374","post","type-post","status-publish","format-standard","has-post-thumbnail","hentry","category-economia-negocios","tag-esquadrias","tag-exposicao","tag-saie-vetro-2025"],"_links":{"self":[{"href":"https:\/\/cidadenoar.com\/global\/wp-json\/wp\/v2\/posts\/5374","targetHints":{"allow":["GET"]}}],"collection":[{"href":"https:\/\/cidadenoar.com\/global\/wp-json\/wp\/v2\/posts"}],"about":[{"href":"https:\/\/cidadenoar.com\/global\/wp-json\/wp\/v2\/types\/post"}],"author":[{"embeddable":true,"href":"https:\/\/cidadenoar.com\/global\/wp-json\/wp\/v2\/users\/23"}],"replies":[{"embeddable":true,"href":"https:\/\/cidadenoar.com\/global\/wp-json\/wp\/v2\/comments?post=5374"}],"version-history":[{"count":2,"href":"https:\/\/cidadenoar.com\/global\/wp-json\/wp\/v2\/posts\/5374\/revisions"}],"predecessor-version":[{"id":5381,"href":"https:\/\/cidadenoar.com\/global\/wp-json\/wp\/v2\/posts\/5374\/revisions\/5381"}],"wp:featuredmedia":[{"embeddable":true,"href":"https:\/\/cidadenoar.com\/global\/wp-json\/wp\/v2\/media\/5376"}],"wp:attachment":[{"href":"https:\/\/cidadenoar.com\/global\/wp-json\/wp\/v2\/media?parent=5374"}],"wp:term":[{"taxonomy":"category","embeddable":true,"href":"https:\/\/cidadenoar.com\/global\/wp-json\/wp\/v2\/categories?post=5374"},{"taxonomy":"post_tag","embeddable":true,"href":"https:\/\/cidadenoar.com\/global\/wp-json\/wp\/v2\/tags?post=5374"}],"curies":[{"name":"wp","href":"https:\/\/api.w.org\/{rel}","templated":true}]}}