{"id":5388,"date":"2025-09-05T12:51:00","date_gmt":"2025-09-05T15:51:00","guid":{"rendered":"https:\/\/cidadenoar.com\/?p=5388"},"modified":"2025-09-05T12:51:02","modified_gmt":"2025-09-05T15:51:02","slug":"cadore-clinica-dermatologica-estreia-nova-fase-com-a-inauguracao-do-seu-novo-endereco-na-cidade-milano-com-tecnologias-inovadoras-e-tratamentos-de-ponta","status":"publish","type":"post","link":"https:\/\/cidadenoar.com\/global\/saude-bem%e2%80%91estar\/cadore-clinica-dermatologica-estreia-nova-fase-com-a-inauguracao-do-seu-novo-endereco-na-cidade-milano-com-tecnologias-inovadoras-e-tratamentos-de-ponta\/","title":{"rendered":"Cadore Cl\u00ednica Dermatol\u00f3gica estreia nova fase com a inaugura\u00e7\u00e3o do seu novo endere\u00e7o, na Cidade Milano, com tecnologias inovadoras e tratamentos de ponta"},"content":{"rendered":"\n<p>A renomada dermatologista Dra. D\u00e9bora Cadore inaugura, no pr\u00f3ximo dia 10 de setembro, sua nova cl\u00ednica no empreendimento Cidade Milano, um espa\u00e7o moderno e exclusivo que integra gastronomia, cultura e neg\u00f3cios em Florian\u00f3polis. O novo endere\u00e7o chega para consolidar a proposta da cl\u00ednica de oferecer&nbsp;<strong>tratamentos dermatol\u00f3gicos e est\u00e9ticos de \u00faltima gera\u00e7\u00e3o<\/strong>&nbsp;com excel\u00eancia, tecnologia e cuidado personalizado. Tudo, sempre, com um olhar ao que de mais atual, sofisticado e com respaldo cient\u00edfico est\u00e1 presente nas melhores cl\u00ednicas dermatol\u00f3gicas do mundo.<\/p>\n\n\n\n<p>Com um portf\u00f3lio completo, a cl\u00ednica oferece&nbsp;<strong>tratamentos capilares, faciais e corporais<\/strong>, al\u00e9m de um&nbsp;<strong>Spa Capilar M\u00e9dico<\/strong>, que combina ci\u00eancia e bem-estar em protocolos exclusivos e inovadores. Todos os procedimentos contam com equipamentos de ponta, incluindo lasers de \u00faltima gera\u00e7\u00e3o, terapias regenerativas com c\u00e9lulas-tronco e an\u00e1lises com intelig\u00eancia artificial, garantindo aos pacientes tratamentos precisos, eficazes e seguros.<\/p>\n\n\n\n<p>D\u00e9bora Cadore destaca que a cria\u00e7\u00e3o do novo espa\u00e7o nasceu do seu desejo de trazer para Florian\u00f3polis, e at\u00e9 mesmo para o Sul do Brasil, solu\u00e7\u00f5es inovadoras que antes s\u00f3 estavam dispon\u00edveis em grandes capitais e nas cidades-refer\u00eancia em dermatologia em outros pa\u00edses, promovendo um atendimento diferenciado e completo. \u201cNossa miss\u00e3o \u00e9 oferecer aos pacientes uma experi\u00eancia \u00fanica, que alia tecnologia, expertise m\u00e9dica e cuidado humanizado. Cada detalhe da cl\u00ednica foi pensado para garantir conforto, bem-estar e resultados reais\u201d, afirma a m\u00e9dica, com mais de 20 anos de experi\u00eancia e com pacientes de diferentes regi\u00f5es do Brasil e do mundo.<\/p>\n\n\n\n<p>Entre os diferenciais da cl\u00ednica, est\u00e3o a&nbsp;<strong>estrutura f\u00edsica sofisticada, a tecnologia de ponta e o Spa Capilar M\u00e9dico<\/strong>, considerado um dos mais modernos do pa\u00eds. Al\u00e9m disso, a Dra. D\u00e9bora participa regularmente dos principais congressos e encontros m\u00e9dicos pelo mundo, mantendo a cl\u00ednica sempre atualizada com as tend\u00eancias e avan\u00e7os da dermatologia.<\/p>\n\n\n\n<p>Localizada dentro da Cidade Milano, a cl\u00ednica se integra a um&nbsp;<strong>ecossistema de lifestyle completo<\/strong>, conectando sa\u00fade, beleza e bem-estar a um ambiente que valoriza qualidade, experi\u00eancia e inova\u00e7\u00e3o em todas as \u00e1reas da vida. \u201cQueremos que cada visita seja mais do que um atendimento m\u00e9dico, seja um momento de cuidado, relaxamento e transforma\u00e7\u00e3o para nossos pacientes\u201d, conclui a Dra. D\u00e9bora.<\/p>\n\n\n\n<p>O evento de inaugura\u00e7\u00e3o ocorrer\u00e1 no dia 10 de setembro e contar\u00e1 com a presen\u00e7a de convidados, parceiros e imprensa, marcando oficialmente a chegada de um novo padr\u00e3o de dermatologia em Florian\u00f3polis.<\/p>\n\n\n\n<p><strong>Sobre D\u00e9bora Cadore&nbsp;<\/strong><\/p>\n\n\n\n<p>D\u00e9bora Cadore \u00e9 m\u00e9dica dermatologista, CEO e diretora t\u00e9cnica da Cadore Cl\u00ednica Dermatol\u00f3gica, em Florian\u00f3polis\/SC. \u00c9 especialista em Medicina Capilar, Terapias Regenerativas e Gerenciamento do Envelhecimento, com forma\u00e7\u00e3o e&nbsp;<em>fellowships<\/em>&nbsp;internacionais na It\u00e1lia e EUA. \u00c9 preceptora da resid\u00eancia em dermatologia no Ambulat\u00f3rio de Cabelos e Unhas da UFSC, \u00e9 membro titular da Sociedade Brasileira de Dermatologia e de sociedades cient\u00edficas internacionais. \u00c9 tamb\u00e9m autora de artigos e cap\u00edtulos de livros e participa como palestrante em congressos m\u00e9dicos nacionais e internacionais.<\/p>\n\n\n\n<p><strong>Servi\u00e7o<\/strong><br><strong>Cadore Cl\u00ednica Dermatol\u00f3gica<\/strong><br><strong>Endere\u00e7o:<\/strong>&nbsp;P\u00e1tio Milano \u2013 Av. Mauro Ramos, 1512 \u2013 Centro, Florian\u00f3polis-SC<br><strong>Para mais informa\u00e7\u00f5es:<\/strong>&nbsp;acesse o&nbsp;<a href=\"https:\/\/cadoreclinicadermatologica.com.br\/\" target=\"_blank\" rel=\"noreferrer noopener\">site oficial da Cadore Cl\u00ednica Dermatol\u00f3gica<\/a>&nbsp;e siga o perfil&nbsp;<a href=\"https:\/\/www.instagram.com\/cadore.clinicadermatologica\/\" target=\"_blank\" rel=\"noreferrer noopener\">@cadore.clinicadermatologica<\/a>&nbsp;e&nbsp;<a href=\"https:\/\/instagram.com\/dra.deboracadore\" target=\"_blank\" rel=\"noreferrer noopener\">@dra.deboracadore<\/a>&nbsp;no Instagram.<\/p>\n\n\n\n<figure class=\"wp-block-image size-large\"><img fetchpriority=\"high\" decoding=\"async\" width=\"1024\" height=\"683\" src=\"https:\/\/cidadenoar.com\/wp-content\/uploads\/sites\/22\/2025\/09\/A-dermatologista-Debora-Cadore-centro-entre-os-medicos-do-corpo-clinico-da-Cadore-Clinica-Dermatologica-_-foto-Luna-Zunino-2-1024x683.jpg\" alt=\"\" class=\"wp-image-5389\" title=\"\" srcset=\"https:\/\/cidadenoar.com\/global\/wp-content\/uploads\/sites\/22\/2025\/09\/A-dermatologista-Debora-Cadore-centro-entre-os-medicos-do-corpo-clinico-da-Cadore-Clinica-Dermatologica-_-foto-Luna-Zunino-2-1024x683.jpg 1024w, https:\/\/cidadenoar.com\/global\/wp-content\/uploads\/sites\/22\/2025\/09\/A-dermatologista-Debora-Cadore-centro-entre-os-medicos-do-corpo-clinico-da-Cadore-Clinica-Dermatologica-_-foto-Luna-Zunino-2-300x200.jpg 300w, https:\/\/cidadenoar.com\/global\/wp-content\/uploads\/sites\/22\/2025\/09\/A-dermatologista-Debora-Cadore-centro-entre-os-medicos-do-corpo-clinico-da-Cadore-Clinica-Dermatologica-_-foto-Luna-Zunino-2-768x512.jpg 768w, https:\/\/cidadenoar.com\/global\/wp-content\/uploads\/sites\/22\/2025\/09\/A-dermatologista-Debora-Cadore-centro-entre-os-medicos-do-corpo-clinico-da-Cadore-Clinica-Dermatologica-_-foto-Luna-Zunino-2-600x400.jpg 600w, https:\/\/cidadenoar.com\/global\/wp-content\/uploads\/sites\/22\/2025\/09\/A-dermatologista-Debora-Cadore-centro-entre-os-medicos-do-corpo-clinico-da-Cadore-Clinica-Dermatologica-_-foto-Luna-Zunino-2.jpg 1348w\" sizes=\"(max-width: 1024px) 100vw, 1024px\" \/><figcaption class=\"wp-element-caption\">Dra D\u00e9bora Cadore (centro) entre os m\u00e9dicos do corpo cl\u00ednico da Cadore Cl\u00ednica Dermatol\u00f3gica _ foto Luna Zunino<\/figcaption><\/figure>\n","protected":false},"excerpt":{"rendered":"<p>Reconhecida nacional e internacionalmente, a Dra. D\u00e9bora Cadore inaugura, junto a um completo corpo cl\u00ednico, no dia 10 de setembro, em Florian\u00f3polis, cl\u00ednica dermatol\u00f3gica com tratamentos inovadores, incluindo Spa Capilar M\u00e9dico<\/p>\n","protected":false},"author":23,"featured_media":5390,"comment_status":"open","ping_status":"open","sticky":false,"template":"","format":"standard","meta":{"footnotes":""},"categories":[19],"tags":[629,525,206],"class_list":["post-5388","post","type-post","status-publish","format-standard","has-post-thumbnail","hentry","category-saude-bemestar","tag-clinica-nova","tag-dermatologista","tag-inauguracao"],"_links":{"self":[{"href":"https:\/\/cidadenoar.com\/global\/wp-json\/wp\/v2\/posts\/5388","targetHints":{"allow":["GET"]}}],"collection":[{"href":"https:\/\/cidadenoar.com\/global\/wp-json\/wp\/v2\/posts"}],"about":[{"href":"https:\/\/cidadenoar.com\/global\/wp-json\/wp\/v2\/types\/post"}],"author":[{"embeddable":true,"href":"https:\/\/cidadenoar.com\/global\/wp-json\/wp\/v2\/users\/23"}],"replies":[{"embeddable":true,"href":"https:\/\/cidadenoar.com\/global\/wp-json\/wp\/v2\/comments?post=5388"}],"version-history":[{"count":2,"href":"https:\/\/cidadenoar.com\/global\/wp-json\/wp\/v2\/posts\/5388\/revisions"}],"predecessor-version":[{"id":5392,"href":"https:\/\/cidadenoar.com\/global\/wp-json\/wp\/v2\/posts\/5388\/revisions\/5392"}],"wp:featuredmedia":[{"embeddable":true,"href":"https:\/\/cidadenoar.com\/global\/wp-json\/wp\/v2\/media\/5390"}],"wp:attachment":[{"href":"https:\/\/cidadenoar.com\/global\/wp-json\/wp\/v2\/media?parent=5388"}],"wp:term":[{"taxonomy":"category","embeddable":true,"href":"https:\/\/cidadenoar.com\/global\/wp-json\/wp\/v2\/categories?post=5388"},{"taxonomy":"post_tag","embeddable":true,"href":"https:\/\/cidadenoar.com\/global\/wp-json\/wp\/v2\/tags?post=5388"}],"curies":[{"name":"wp","href":"https:\/\/api.w.org\/{rel}","templated":true}]}}