{"id":5393,"date":"2025-09-05T19:11:05","date_gmt":"2025-09-05T22:11:05","guid":{"rendered":"https:\/\/cidadenoar.com\/?p=5393"},"modified":"2025-09-05T19:11:10","modified_gmt":"2025-09-05T22:11:10","slug":"sounds-in-da-city-ocupa-cabeceira-da-ponte-hercilio-luz-neste-domingo-7","status":"publish","type":"post","link":"https:\/\/cidadenoar.com\/global\/cultura-lazer\/sounds-in-da-city-ocupa-cabeceira-da-ponte-hercilio-luz-neste-domingo-7\/","title":{"rendered":"Sounds in da City ocupa cabeceira da Ponte Herc\u00edlio Luz neste domingo (7)"},"content":{"rendered":"\n<p>Neste domingo (7), o&nbsp;<a href=\"https:\/\/www.instagram.com\/soundsindacity\/\" target=\"_blank\" rel=\"noreferrer noopener\">Sounds in da City<\/a>&nbsp;ocupa um local in\u00e9dito para o projeto em Florian\u00f3polis: a cabeceira insular da Ponte Herc\u00edlio Luz, perto do Parque da Luz. As apresenta\u00e7\u00f5es iniciam a partir das 14h com os DJs Mary Jane, Afterclapp, Allen Rosa, Ana Cayres e Leo Mafra, que far\u00e3o uma mistura de m\u00fasica brasileira, latina, africana, grooves, disco e house. Esta \u00e9 a segunda edi\u00e7\u00e3o da nova fase do projeto, que agora se dedica inteiramente aos eventos em espa\u00e7os p\u00fablicos, gratuitos e com acesso livre.<\/p>\n\n\n\n<p>\u201cDesde que o Sounds in da City foi contemplado no Programa de Incentivo \u00e0 Cultura, t\u00ednhamos o sonho de realizar uma edi\u00e7\u00e3o na ponte, um local ic\u00f4nico e principal cart\u00e3o-postal da cidade\u2019\u201d, comenta o idealizador Allen Rosa. A primeira edi\u00e7\u00e3o ocorreu em agosto, no Largo da Alf\u00e2ndega. Ao todo, ser\u00e3o oito at\u00e9 maio de 2026, al\u00e9m de um festival, em novembro. Mais informa\u00e7\u00f5es no Instagram:&nbsp;<a href=\"https:\/\/www.instagram.com\/soundsindacity\/\" target=\"_blank\" rel=\"noreferrer noopener\">@soundsindacity<\/a>.<\/p>\n\n\n\n<p>O projeto Sounds In Da City \u00e9 viabilizado pelo PIC (Programa de Incentivo \u00e0 Cultura) do Governo do Estado de Santa Catarina, por meio da Funda\u00e7\u00e3o Catarinense de Cultura (FCC), e conta com incentivo da Corona.<\/p>\n","protected":false},"excerpt":{"rendered":"<p>\u00c9 a primeira vez que o projeto realiza uma edi\u00e7\u00e3o no principal cart\u00e3o-postal da Capital<\/p>\n","protected":false},"author":23,"featured_media":5394,"comment_status":"open","ping_status":"open","sticky":false,"template":"","format":"standard","meta":{"footnotes":""},"categories":[360],"tags":[],"class_list":["post-5393","post","type-post","status-publish","format-standard","has-post-thumbnail","hentry","category-cultura-lazer"],"_links":{"self":[{"href":"https:\/\/cidadenoar.com\/global\/wp-json\/wp\/v2\/posts\/5393","targetHints":{"allow":["GET"]}}],"collection":[{"href":"https:\/\/cidadenoar.com\/global\/wp-json\/wp\/v2\/posts"}],"about":[{"href":"https:\/\/cidadenoar.com\/global\/wp-json\/wp\/v2\/types\/post"}],"author":[{"embeddable":true,"href":"https:\/\/cidadenoar.com\/global\/wp-json\/wp\/v2\/users\/23"}],"replies":[{"embeddable":true,"href":"https:\/\/cidadenoar.com\/global\/wp-json\/wp\/v2\/comments?post=5393"}],"version-history":[{"count":2,"href":"https:\/\/cidadenoar.com\/global\/wp-json\/wp\/v2\/posts\/5393\/revisions"}],"predecessor-version":[{"id":5396,"href":"https:\/\/cidadenoar.com\/global\/wp-json\/wp\/v2\/posts\/5393\/revisions\/5396"}],"wp:featuredmedia":[{"embeddable":true,"href":"https:\/\/cidadenoar.com\/global\/wp-json\/wp\/v2\/media\/5394"}],"wp:attachment":[{"href":"https:\/\/cidadenoar.com\/global\/wp-json\/wp\/v2\/media?parent=5393"}],"wp:term":[{"taxonomy":"category","embeddable":true,"href":"https:\/\/cidadenoar.com\/global\/wp-json\/wp\/v2\/categories?post=5393"},{"taxonomy":"post_tag","embeddable":true,"href":"https:\/\/cidadenoar.com\/global\/wp-json\/wp\/v2\/tags?post=5393"}],"curies":[{"name":"wp","href":"https:\/\/api.w.org\/{rel}","templated":true}]}}