{"id":5402,"date":"2025-09-10T21:27:53","date_gmt":"2025-09-11T00:27:53","guid":{"rendered":"https:\/\/cidadenoar.com\/?p=5402"},"modified":"2025-09-10T21:27:58","modified_gmt":"2025-09-11T00:27:58","slug":"los-kalas-desembarcam-em-itajai-com-espetaculo-tributo-a-abba-e-elvis-presley","status":"publish","type":"post","link":"https:\/\/cidadenoar.com\/global\/geral\/los-kalas-desembarcam-em-itajai-com-espetaculo-tributo-a-abba-e-elvis-presley\/","title":{"rendered":"Los Kalas desembarcam em Itaja\u00ed com espet\u00e1culo tributo a ABBA e Elvis Presley"},"content":{"rendered":"\n<p>A banda argentina Los Kalas retorna ao Brasil com seu aclamado&nbsp;<a href=\"https:\/\/www.blueticket.com.br\/evento\/38448\/espetaculo-abba-elvis-em-itajai-sc\" target=\"_blank\" rel=\"noreferrer noopener\">espet\u00e1culo \u201cElvis &amp; ABBA\u201d<\/a>, confirmado para o dia 17 de outubro, no Teatro Municipal de Itaja\u00ed. Pela primeira vez na cidade, o p\u00fablico poder\u00e1 reviver grandes cl\u00e1ssicos dos anos 50, 60 e 70 em uma noite eletrizante que re\u00fane dois tributos consagrados em uma \u00fanica apresenta\u00e7\u00e3o. O espet\u00e1culo \u00e9 considerado hoje o mais aclamado tributo ao ABBA da Am\u00e9rica Latina.<\/p>\n\n\n\n<p>Sucesso de p\u00fablico por onde passa, o show traz interpreta\u00e7\u00f5es fi\u00e9is aos universos musicais de ABBA e Elvis Presley, carregadas de nostalgia, figurinos impec\u00e1veis e coreografias marcantes. Na primeira parte, o repert\u00f3rio \u00e9 dedicado ao grupo sueco, com arranjos, figurinos e performances que recriam com precis\u00e3o a est\u00e9tica que marcou as paradas de sucesso nos anos 70. Em seguida, o p\u00fablico \u00e9 transportado \u00e0 era dourada do rock\u2019n\u2019roll, com um tributo vibrante ao Rei do Rock, interpretado com trajes ic\u00f4nicos, backing vocals ao vivo e os maiores sucessos da carreira, como \u201cJailhouse Rock\u201d, \u201cCan\u2019t Help Falling in Love\u201d e \u201cSuspicious Minds\u201d.<\/p>\n\n\n\n<p>A turn\u00ea, que j\u00e1 passou por cidades como Florian\u00f3polis, Joinville e Pomerode, sempre com sucesso de p\u00fablico e cr\u00edtica, \u00e9 considerada um dos tributos mais bem produzidos da Am\u00e9rica Latina. Com produ\u00e7\u00e3o da Ponto Uno Produ\u00e7\u00f5es, o espet\u00e1culo combina vocais e instrumentais em perfeita harmonia, visual retr\u00f4, coreografias fi\u00e9is \u00e0s originais e um repert\u00f3rio que emociona tanto os nost\u00e1lgicos quanto as novas gera\u00e7\u00f5es.<\/p>\n\n\n\n<p><strong>Servi\u00e7o<br><\/strong>Evento: \u201cElvis &amp; ABBA\u201d \u2013 Tributo da banda Los Kalas<br>Data: 17 de outubro de 2025 (sexta-feira)<br>Hor\u00e1rio:19h<br>Local: Teatro Municipal de Itaja\u00ed \u2013 Rua Greg\u00f3rio Chaves, 111, Fazenda \u2013 Itaja\u00ed (SC)<br>Ingressos: Blueticket\u00a0<a href=\"https:\/\/www.blueticket.com.br\/evento\/38448\/espetaculo-abba-elvis-em-itajai-sc\" target=\"_blank\" rel=\"noreferrer noopener\">https:\/\/www.blueticket.com.br\/evento\/38448\/espetaculo-abba-elvis-em-itajai-sc<\/a><\/p>\n\n\n\n<figure class=\"wp-block-image size-large\"><img fetchpriority=\"high\" decoding=\"async\" width=\"683\" height=\"1024\" src=\"https:\/\/cidadenoar.com\/wp-content\/uploads\/sites\/22\/2025\/09\/credito-foto-Pedro-Oliveira-3-683x1024.jpeg\" alt=\"\" class=\"wp-image-5404\" title=\"\" srcset=\"https:\/\/cidadenoar.com\/global\/wp-content\/uploads\/sites\/22\/2025\/09\/credito-foto-Pedro-Oliveira-3-683x1024.jpeg 683w, https:\/\/cidadenoar.com\/global\/wp-content\/uploads\/sites\/22\/2025\/09\/credito-foto-Pedro-Oliveira-3-200x300.jpeg 200w, https:\/\/cidadenoar.com\/global\/wp-content\/uploads\/sites\/22\/2025\/09\/credito-foto-Pedro-Oliveira-3-768x1152.jpeg 768w, https:\/\/cidadenoar.com\/global\/wp-content\/uploads\/sites\/22\/2025\/09\/credito-foto-Pedro-Oliveira-3.jpeg 1000w\" sizes=\"(max-width: 683px) 100vw, 683px\" \/><figcaption class=\"wp-element-caption\"><em>Walter Encina interpreta Elvis Presley (foto Pedro Oliveira)<\/em><\/figcaption><\/figure>\n","protected":false},"excerpt":{"rendered":"<p>Apresenta\u00e7\u00e3o da banda argentina Los Kalas, considerado o mais aclamado espet\u00e1culo ABBA da Am\u00e9rica Latina, ocorre no Teatro Municipal no dia 17 de outubro<\/p>\n","protected":false},"author":23,"featured_media":5438,"comment_status":"open","ping_status":"open","sticky":false,"template":"","format":"standard","meta":{"footnotes":""},"categories":[1],"tags":[638,302,368],"class_list":["post-5402","post","type-post","status-publish","format-standard","has-post-thumbnail","hentry","category-geral","tag-banda","tag-itajai","tag-los-kalas"],"_links":{"self":[{"href":"https:\/\/cidadenoar.com\/global\/wp-json\/wp\/v2\/posts\/5402","targetHints":{"allow":["GET"]}}],"collection":[{"href":"https:\/\/cidadenoar.com\/global\/wp-json\/wp\/v2\/posts"}],"about":[{"href":"https:\/\/cidadenoar.com\/global\/wp-json\/wp\/v2\/types\/post"}],"author":[{"embeddable":true,"href":"https:\/\/cidadenoar.com\/global\/wp-json\/wp\/v2\/users\/23"}],"replies":[{"embeddable":true,"href":"https:\/\/cidadenoar.com\/global\/wp-json\/wp\/v2\/comments?post=5402"}],"version-history":[{"count":1,"href":"https:\/\/cidadenoar.com\/global\/wp-json\/wp\/v2\/posts\/5402\/revisions"}],"predecessor-version":[{"id":5439,"href":"https:\/\/cidadenoar.com\/global\/wp-json\/wp\/v2\/posts\/5402\/revisions\/5439"}],"wp:featuredmedia":[{"embeddable":true,"href":"https:\/\/cidadenoar.com\/global\/wp-json\/wp\/v2\/media\/5438"}],"wp:attachment":[{"href":"https:\/\/cidadenoar.com\/global\/wp-json\/wp\/v2\/media?parent=5402"}],"wp:term":[{"taxonomy":"category","embeddable":true,"href":"https:\/\/cidadenoar.com\/global\/wp-json\/wp\/v2\/categories?post=5402"},{"taxonomy":"post_tag","embeddable":true,"href":"https:\/\/cidadenoar.com\/global\/wp-json\/wp\/v2\/tags?post=5402"}],"curies":[{"name":"wp","href":"https:\/\/api.w.org\/{rel}","templated":true}]}}