{"id":5418,"date":"2025-09-08T15:15:38","date_gmt":"2025-09-08T18:15:38","guid":{"rendered":"https:\/\/cidadenoar.com\/?p=5418"},"modified":"2025-09-08T15:15:41","modified_gmt":"2025-09-08T18:15:41","slug":"na-vanguarda-da-climatizacao-sustentavel-smart-air-participa-da-febrava","status":"publish","type":"post","link":"https:\/\/cidadenoar.com\/global\/tecnologia-educacao\/na-vanguarda-da-climatizacao-sustentavel-smart-air-participa-da-febrava\/","title":{"rendered":"Na vanguarda da climatiza\u00e7\u00e3o sustent\u00e1vel, Smart Air participa da Febrava"},"content":{"rendered":"\n<p>A Smart Air Climatizadores confirma presen\u00e7a na 23\u00aa edi\u00e7\u00e3o da Febrava &#8211; Feira Internacional de Refrigera\u00e7\u00e3o, Ar-condicionado, Ventila\u00e7\u00e3o, Aquecimento, Tratamento de Ar e de \u00c1guas -, que ser\u00e1 realizada entre os dias 9 e 12 de setembro, em S\u00e3o Paulo. Consolidada como a principal feira da Am\u00e9rica Latina voltado ao ecossistema AVAC-R (Aquecimento, Ventila\u00e7\u00e3o, Ar-Condicionado e Refrigera\u00e7\u00e3o), o evento se tornou refer\u00eancia global em tecnologia e inova\u00e7\u00e3o para o setor.<\/p>\n\n\n\n<p>Segundo a ABRAVA (Associa\u00e7\u00e3o Brasileira de Refrigera\u00e7\u00e3o, Ar Condicionado, Ventila\u00e7\u00e3o e Aquecimento), o setor deve movimentar mais de R$ 54 bilh\u00f5es em 2025, impulsionado pelas ondas de calor, pela urbaniza\u00e7\u00e3o acelerada e pela crescente exig\u00eancia por efici\u00eancia energ\u00e9tica. S\u00f3 em 2024, houve um aumento de 20% na procura por equipamentos com fluidos de baixo impacto ambiental.<\/p>\n\n\n\n<p>Com foco em solu\u00e7\u00f5es sustent\u00e1veis e acess\u00edveis, a Smart Air apresentar\u00e1 seus principais modelos de climatizadores evaporativos para diferentes perfis de aplica\u00e7\u00e3o, incluindo os port\u00e1teis SA-9000, SA-12000D e SA-23BT, e os industriais SA-1000J, SA-20 e SA-30. Dois novos lan\u00e7amentos ser\u00e3o destaque no estande: o SA-3500, voltado ao p\u00fablico residencial e comercial, e o robusto DA-60000, para ambientes industriais.&nbsp;<\/p>\n\n\n\n<p>\u201cA Febrava n\u00e3o \u00e9 apenas uma vitrine de produtos, mas um ponto de converg\u00eancia entre inova\u00e7\u00e3o, neg\u00f3cios e solu\u00e7\u00f5es clim\u00e1ticas de impacto. Para n\u00f3s, \u00e9 uma oportunidade estrat\u00e9gica de estar em contato direto com os grandes players e com um p\u00fablico t\u00e9cnico altamente qualificado\u201d, afirma Rafael Barbosa, CEO da Smart Air.<\/p>\n\n\n\n<p>Com o tema \u201cNo Clima da Inova\u00e7\u00e3o\u201d, a feira contar\u00e1 com mais de 600 marcas nacionais e internacionais e deve atrair 25 mil visitantes. Os pilares desta edi\u00e7\u00e3o &#8211; efici\u00eancia energ\u00e9tica, descarboniza\u00e7\u00e3o, inova\u00e7\u00e3o e qualifica\u00e7\u00e3o t\u00e9cnica &#8211; refletem os novos rumos de um setor cada vez mais comprometido com metas ESG e com o enfrentamento das mudan\u00e7as clim\u00e1ticas.<\/p>\n\n\n\n<p>Ao participar da Febrava, a Smart Air reafirma seu papel na vanguarda da climatiza\u00e7\u00e3o sustent\u00e1vel. Em meio aos desafios energ\u00e9ticos e ambientais que marcam a nova era da refrigera\u00e7\u00e3o, a empresa se posiciona como protagonista na transforma\u00e7\u00e3o do setor, apresentando solu\u00e7\u00f5es acess\u00edveis, inteligentes e alinhadas \u00e0s exig\u00eancias de um futuro mais eficiente e consciente.<\/p>\n\n\n\n<p><strong>Servi\u00e7o:<\/strong><\/p>\n\n\n\n<p>O qu\u00ea: 23\u00aa edi\u00e7\u00e3o da Febrava&nbsp;<\/p>\n\n\n\n<p>Quando: 9 a 12 de setembro de 2025<\/p>\n\n\n\n<p>Onde: S\u00e3o Paulo Expo (Rodovia dos Imigrantes, 1 &#8211; 5 km &#8211; Vila \u00c1gua Funda, S\u00e3o Paulo &#8211; SP, 04329-900)&nbsp;<\/p>\n\n\n\n<p>Ingressos:&nbsp;<a href=\"https:\/\/www.febrava.com.br\/pt-br\/credenciamento.html\" target=\"_blank\" rel=\"noreferrer noopener\">https:\/\/www.febrava.com.br\/pt-br\/credenciamento.html<\/a>&nbsp;<\/p>\n\n\n\n<p><strong>Sobre a Smart Air Climatizadores<\/strong><\/p>\n\n\n\n<p>Localizada em Barra Velha &#8211; SC, a Smart Air Climatizadores foi fundada em 2013 e desenvolveu uma ampla linha de climatizadores evaporativos que renovam o ar e promovem conforto t\u00e9rmico sem agredir o meio ambiente. Com aparelhos que atendem desde climatiza\u00e7\u00e3o residencial at\u00e9 ind\u00fastrias, a Smart Air se destaca por sua capacidade de oferecer solu\u00e7\u00f5es eficientes e sustent\u00e1veis que abrange todas as necessidades do mercado.<\/p>\n\n\n\n<div class=\"wp-block-columns is-layout-flex wp-container-core-columns-is-layout-9d6595d7 wp-block-columns-is-layout-flex\">\n<div class=\"wp-block-column is-layout-flow wp-block-column-is-layout-flow\" style=\"flex-basis:100%\">\n<figure class=\"wp-block-image is-resized\" id=\"block-26f92bec-e13c-4e28-8fff-73f6103a5786\"><img decoding=\"async\" src=\"https:\/\/scfaz.com.br\/wp-content\/uploads\/2025\/09\/Rafael-Barbosa-CEO-Smart-Air-1-768x1024.jpg\" alt=\"O atributo alt desta imagem est\u00e1 vazio. O nome do arquivo \u00e9 Rafael-Barbosa-CEO-Smart-Air-1-768x1024.jpg\" style=\"width:554px;height:auto\" title=\"\"><figcaption class=\"wp-element-caption\"><em>Rafael Barbosa &#8211; CEO Smart Air<\/em><\/figcaption><\/figure>\n<\/div>\n<\/div>\n","protected":false},"excerpt":{"rendered":"<p>Com portf\u00f3lio ampliado e foco em inova\u00e7\u00e3o, empresa catarinense integra evento que lidera os debates sobre efici\u00eancia energ\u00e9tica e ESG em setor que deve movimentar mais de R$ 54 bilh\u00f5es em 2025<\/p>\n","protected":false},"author":23,"featured_media":5419,"comment_status":"open","ping_status":"open","sticky":false,"template":"","format":"standard","meta":{"footnotes":""},"categories":[21],"tags":[275,212,121],"class_list":["post-5418","post","type-post","status-publish","format-standard","has-post-thumbnail","hentry","category-tecnologia-educacao","tag-energia","tag-smart-air","tag-tecnologia"],"_links":{"self":[{"href":"https:\/\/cidadenoar.com\/global\/wp-json\/wp\/v2\/posts\/5418","targetHints":{"allow":["GET"]}}],"collection":[{"href":"https:\/\/cidadenoar.com\/global\/wp-json\/wp\/v2\/posts"}],"about":[{"href":"https:\/\/cidadenoar.com\/global\/wp-json\/wp\/v2\/types\/post"}],"author":[{"embeddable":true,"href":"https:\/\/cidadenoar.com\/global\/wp-json\/wp\/v2\/users\/23"}],"replies":[{"embeddable":true,"href":"https:\/\/cidadenoar.com\/global\/wp-json\/wp\/v2\/comments?post=5418"}],"version-history":[{"count":2,"href":"https:\/\/cidadenoar.com\/global\/wp-json\/wp\/v2\/posts\/5418\/revisions"}],"predecessor-version":[{"id":5421,"href":"https:\/\/cidadenoar.com\/global\/wp-json\/wp\/v2\/posts\/5418\/revisions\/5421"}],"wp:featuredmedia":[{"embeddable":true,"href":"https:\/\/cidadenoar.com\/global\/wp-json\/wp\/v2\/media\/5419"}],"wp:attachment":[{"href":"https:\/\/cidadenoar.com\/global\/wp-json\/wp\/v2\/media?parent=5418"}],"wp:term":[{"taxonomy":"category","embeddable":true,"href":"https:\/\/cidadenoar.com\/global\/wp-json\/wp\/v2\/categories?post=5418"},{"taxonomy":"post_tag","embeddable":true,"href":"https:\/\/cidadenoar.com\/global\/wp-json\/wp\/v2\/tags?post=5418"}],"curies":[{"name":"wp","href":"https:\/\/api.w.org\/{rel}","templated":true}]}}