{"id":5529,"date":"2025-09-16T17:57:08","date_gmt":"2025-09-16T20:57:08","guid":{"rendered":"https:\/\/cidadenoar.com\/?p=5529"},"modified":"2025-09-16T17:57:12","modified_gmt":"2025-09-16T20:57:12","slug":"saie-vetro-2025-registra-publico-recorde-em-florianopolis-e-projeta-mais-crescimento-para-2027","status":"publish","type":"post","link":"https:\/\/cidadenoar.com\/global\/economia-negocios\/saie-vetro-2025-registra-publico-recorde-em-florianopolis-e-projeta-mais-crescimento-para-2027\/","title":{"rendered":"SAIE VETRO 2025 registra p\u00fablico recorde em Florian\u00f3polis e projeta mais crescimento para 2027"},"content":{"rendered":"\n<p>A 14\u00aa edi\u00e7\u00e3o do&nbsp;<a href=\"http:\/\/instagram.com\/saievetro\" target=\"_blank\" rel=\"noreferrer noopener\"><strong>SAIE VETRO<\/strong><\/a><strong>&nbsp;\u2013 Sal\u00e3o da Ind\u00fastria de Esquadrias e Vidro<\/strong>&nbsp;reuniu&nbsp;<strong>11,4 mil visitantes<\/strong>&nbsp;entre os dias 10 e 12 de setembro, no CentroSul, em Florian\u00f3polis. Organizado pelo Grupo Contramarco, o evento bienal superou as expectativas da organiza\u00e7\u00e3o e do p\u00fablico, tornou-se a maior edi\u00e7\u00e3o da hist\u00f3ria e j\u00e1 garantiu 80% das \u00e1reas de exposi\u00e7\u00e3o comercializadas para 2027.<\/p>\n\n\n\n<p>De acordo com o diretor do Grupo Contramarco, Luis Tavares, a decis\u00e3o de fixar a feira em Florian\u00f3polis, a partir de 2019, foi determinante para esse crescimento. \u201cNas tr\u00eas primeiras edi\u00e7\u00f5es na capital catarinense a feira dobrou de tamanho. Nesta quarta edi\u00e7\u00e3o, o crescimento foi de 30%, limite que cabia no (centro de conven\u00e7\u00f5es) CentroSul. Criamos ra\u00edzes aqui e a for\u00e7a do mercado do Sul contribuiu muito para essa evolu\u00e7\u00e3o\u201d, afirmou.<\/p>\n\n\n\n<p>Al\u00e9m do p\u00fablico recorde, a edi\u00e7\u00e3o de 2025 destacou-se pela qualidade dos estandes e pelas novidades em&nbsp;<strong>automa\u00e7\u00e3o<\/strong>, como o sistema de&nbsp;<em>breeze<\/em>&nbsp;autom\u00e1tico da Hydro, os lan\u00e7amentos da Perfisud e da Esquadrimax e os produtos inovadores da Emteco e da Fise, incluindo uma pel\u00edcula que alterna a transpar\u00eancia do vidro. O maquin\u00e1rio tamb\u00e9m chamou a aten\u00e7\u00e3o dos visitantes.<\/p>\n\n\n\n<p>A programa\u00e7\u00e3o t\u00e9cnica trouxe debates de grande repercuss\u00e3o, entre eles o Encontro de Esquadrias de Alum\u00ednio, que apresentou o projeto do Edif\u00edcio Senna Tower, arranha-c\u00e9u de 500 metros previsto para Balne\u00e1rio Cambori\u00fa, e o Semin\u00e1rio de Ac\u00fastica, com&nbsp;<em>cases<\/em>&nbsp;internacionais, incluindo experi\u00eancias da Isl\u00e2ndia.<\/p>\n\n\n\n<p>Segundo Tavares, a estrat\u00e9gia de divulga\u00e7\u00e3o nacional e a realiza\u00e7\u00e3o de eventos peri\u00f3dicos ao longo dos \u00faltimos dois anos foram decisivas para ampliar a visita\u00e7\u00e3o. \u201cSa\u00edmos de Florian\u00f3polis j\u00e1 projetando 2027, com a certeza de que o SAIE VETRO se consolidou de vez como refer\u00eancia para a ind\u00fastria de esquadrias e vidro no Brasil\u201d, afirmou.<\/p>\n\n\n\n<figure class=\"wp-block-gallery has-nested-images columns-default is-cropped wp-block-gallery-1 is-layout-flex wp-block-gallery-is-layout-flex\">\n<figure class=\"wp-block-image size-large\"><img fetchpriority=\"high\" decoding=\"async\" width=\"1024\" height=\"683\" data-id=\"5530\" src=\"https:\/\/cidadenoar.com\/wp-content\/uploads\/sites\/22\/2025\/09\/SAIE-VETRO-2025-recebeu-mais-de-11-mil-visitantes-em-Florianopolis-1024x683.jpg\" alt=\"\" class=\"wp-image-5530\" title=\"\" srcset=\"https:\/\/cidadenoar.com\/global\/wp-content\/uploads\/sites\/22\/2025\/09\/SAIE-VETRO-2025-recebeu-mais-de-11-mil-visitantes-em-Florianopolis-1024x683.jpg 1024w, https:\/\/cidadenoar.com\/global\/wp-content\/uploads\/sites\/22\/2025\/09\/SAIE-VETRO-2025-recebeu-mais-de-11-mil-visitantes-em-Florianopolis-300x200.jpg 300w, https:\/\/cidadenoar.com\/global\/wp-content\/uploads\/sites\/22\/2025\/09\/SAIE-VETRO-2025-recebeu-mais-de-11-mil-visitantes-em-Florianopolis-768x512.jpg 768w, https:\/\/cidadenoar.com\/global\/wp-content\/uploads\/sites\/22\/2025\/09\/SAIE-VETRO-2025-recebeu-mais-de-11-mil-visitantes-em-Florianopolis-600x400.jpg 600w, https:\/\/cidadenoar.com\/global\/wp-content\/uploads\/sites\/22\/2025\/09\/SAIE-VETRO-2025-recebeu-mais-de-11-mil-visitantes-em-Florianopolis.jpg 1200w\" sizes=\"(max-width: 1024px) 100vw, 1024px\" \/><figcaption class=\"wp-element-caption\">SAIE VETRO 2025 recebeu mais de 11 mil visitantes em Florian\u00f3polis<\/figcaption><\/figure>\n\n\n\n<figure class=\"wp-block-image size-large\"><img decoding=\"async\" width=\"1024\" height=\"683\" data-id=\"5533\" src=\"https:\/\/cidadenoar.com\/wp-content\/uploads\/sites\/22\/2025\/09\/A-programacao-tecnica-trouxe-debates-de-grande-repercussao-1024x683.jpg\" alt=\"\" class=\"wp-image-5533\" title=\"\" srcset=\"https:\/\/cidadenoar.com\/global\/wp-content\/uploads\/sites\/22\/2025\/09\/A-programacao-tecnica-trouxe-debates-de-grande-repercussao-1024x683.jpg 1024w, https:\/\/cidadenoar.com\/global\/wp-content\/uploads\/sites\/22\/2025\/09\/A-programacao-tecnica-trouxe-debates-de-grande-repercussao-300x200.jpg 300w, https:\/\/cidadenoar.com\/global\/wp-content\/uploads\/sites\/22\/2025\/09\/A-programacao-tecnica-trouxe-debates-de-grande-repercussao-768x512.jpg 768w, https:\/\/cidadenoar.com\/global\/wp-content\/uploads\/sites\/22\/2025\/09\/A-programacao-tecnica-trouxe-debates-de-grande-repercussao-600x400.jpg 600w, https:\/\/cidadenoar.com\/global\/wp-content\/uploads\/sites\/22\/2025\/09\/A-programacao-tecnica-trouxe-debates-de-grande-repercussao.jpg 1200w\" sizes=\"(max-width: 1024px) 100vw, 1024px\" \/><figcaption class=\"wp-element-caption\">A programa\u00e7\u00e3o t\u00e9cnica trouxe debates de grande repercuss\u00e3o<\/figcaption><\/figure>\n\n\n\n<figure class=\"wp-block-image size-large\"><img decoding=\"async\" width=\"1024\" height=\"683\" data-id=\"5532\" src=\"https:\/\/cidadenoar.com\/wp-content\/uploads\/sites\/22\/2025\/09\/Alem-do-publico-recorde-a-edicao-de-2025-destacou-se-pela-qualidade-dos-estandes-e-pelas-novidades-em-automacao-1024x683.jpg\" alt=\"\" class=\"wp-image-5532\" title=\"\" srcset=\"https:\/\/cidadenoar.com\/global\/wp-content\/uploads\/sites\/22\/2025\/09\/Alem-do-publico-recorde-a-edicao-de-2025-destacou-se-pela-qualidade-dos-estandes-e-pelas-novidades-em-automacao-1024x683.jpg 1024w, https:\/\/cidadenoar.com\/global\/wp-content\/uploads\/sites\/22\/2025\/09\/Alem-do-publico-recorde-a-edicao-de-2025-destacou-se-pela-qualidade-dos-estandes-e-pelas-novidades-em-automacao-300x200.jpg 300w, https:\/\/cidadenoar.com\/global\/wp-content\/uploads\/sites\/22\/2025\/09\/Alem-do-publico-recorde-a-edicao-de-2025-destacou-se-pela-qualidade-dos-estandes-e-pelas-novidades-em-automacao-768x512.jpg 768w, https:\/\/cidadenoar.com\/global\/wp-content\/uploads\/sites\/22\/2025\/09\/Alem-do-publico-recorde-a-edicao-de-2025-destacou-se-pela-qualidade-dos-estandes-e-pelas-novidades-em-automacao-600x400.jpg 600w, https:\/\/cidadenoar.com\/global\/wp-content\/uploads\/sites\/22\/2025\/09\/Alem-do-publico-recorde-a-edicao-de-2025-destacou-se-pela-qualidade-dos-estandes-e-pelas-novidades-em-automacao.jpg 1200w\" sizes=\"(max-width: 1024px) 100vw, 1024px\" \/><figcaption class=\"wp-element-caption\">Al\u00e9m do p\u00fablico recorde, a edi\u00e7\u00e3o de 2025 destacou-se pela qualidade dos estandes e pelas novidades em automa\u00e7\u00e3o<\/figcaption><\/figure>\n\n\n\n<figure class=\"wp-block-image size-large\"><img loading=\"lazy\" decoding=\"async\" width=\"1024\" height=\"683\" data-id=\"5535\" src=\"https:\/\/cidadenoar.com\/wp-content\/uploads\/sites\/22\/2025\/09\/A-feira-este-ano-foi-30-maior-do-que-na-edicao-anterior-em-2023-1024x683.jpg\" alt=\"\" class=\"wp-image-5535\" title=\"\" srcset=\"https:\/\/cidadenoar.com\/global\/wp-content\/uploads\/sites\/22\/2025\/09\/A-feira-este-ano-foi-30-maior-do-que-na-edicao-anterior-em-2023-1024x683.jpg 1024w, https:\/\/cidadenoar.com\/global\/wp-content\/uploads\/sites\/22\/2025\/09\/A-feira-este-ano-foi-30-maior-do-que-na-edicao-anterior-em-2023-300x200.jpg 300w, https:\/\/cidadenoar.com\/global\/wp-content\/uploads\/sites\/22\/2025\/09\/A-feira-este-ano-foi-30-maior-do-que-na-edicao-anterior-em-2023-768x512.jpg 768w, https:\/\/cidadenoar.com\/global\/wp-content\/uploads\/sites\/22\/2025\/09\/A-feira-este-ano-foi-30-maior-do-que-na-edicao-anterior-em-2023-600x400.jpg 600w, https:\/\/cidadenoar.com\/global\/wp-content\/uploads\/sites\/22\/2025\/09\/A-feira-este-ano-foi-30-maior-do-que-na-edicao-anterior-em-2023.jpg 1200w\" sizes=\"(max-width: 1024px) 100vw, 1024px\" \/><figcaption class=\"wp-element-caption\">A feira este ano foi 30% maior do que na edi\u00e7\u00e3o anterior, em 2023<\/figcaption><\/figure>\n\n\n\n<figure class=\"wp-block-image size-large\"><img loading=\"lazy\" decoding=\"async\" width=\"1024\" height=\"683\" data-id=\"5537\" src=\"https:\/\/cidadenoar.com\/wp-content\/uploads\/sites\/22\/2025\/09\/Alem-do-publico-recorde-a-edicao-de-2025-destacou-se-pela-qualidade-dos-estandes-e-pelas-novidades-em-automacao-2-1024x683.jpg\" alt=\"\" class=\"wp-image-5537\" title=\"\" srcset=\"https:\/\/cidadenoar.com\/global\/wp-content\/uploads\/sites\/22\/2025\/09\/Alem-do-publico-recorde-a-edicao-de-2025-destacou-se-pela-qualidade-dos-estandes-e-pelas-novidades-em-automacao-2-1024x683.jpg 1024w, https:\/\/cidadenoar.com\/global\/wp-content\/uploads\/sites\/22\/2025\/09\/Alem-do-publico-recorde-a-edicao-de-2025-destacou-se-pela-qualidade-dos-estandes-e-pelas-novidades-em-automacao-2-300x200.jpg 300w, https:\/\/cidadenoar.com\/global\/wp-content\/uploads\/sites\/22\/2025\/09\/Alem-do-publico-recorde-a-edicao-de-2025-destacou-se-pela-qualidade-dos-estandes-e-pelas-novidades-em-automacao-2-768x512.jpg 768w, https:\/\/cidadenoar.com\/global\/wp-content\/uploads\/sites\/22\/2025\/09\/Alem-do-publico-recorde-a-edicao-de-2025-destacou-se-pela-qualidade-dos-estandes-e-pelas-novidades-em-automacao-2-600x400.jpg 600w, https:\/\/cidadenoar.com\/global\/wp-content\/uploads\/sites\/22\/2025\/09\/Alem-do-publico-recorde-a-edicao-de-2025-destacou-se-pela-qualidade-dos-estandes-e-pelas-novidades-em-automacao-2.jpg 1200w\" sizes=\"(max-width: 1024px) 100vw, 1024px\" \/><figcaption class=\"wp-element-caption\">Al\u00e9m do p\u00fablico recorde, a edi\u00e7\u00e3o de 2025 destacou-se pela qualidade dos estandes e pelas novidades em automa\u00e7\u00e3o (2)<\/figcaption><\/figure>\n\n\n\n<figure class=\"wp-block-image size-large\"><img loading=\"lazy\" decoding=\"async\" width=\"1024\" height=\"683\" data-id=\"5539\" src=\"https:\/\/cidadenoar.com\/wp-content\/uploads\/sites\/22\/2025\/09\/Evento-da-industria-de-esquadrias-e-vidro-recebeu-mais-de-11-mil-visitantes-1024x683.jpg\" alt=\"\" class=\"wp-image-5539\" title=\"\" srcset=\"https:\/\/cidadenoar.com\/global\/wp-content\/uploads\/sites\/22\/2025\/09\/Evento-da-industria-de-esquadrias-e-vidro-recebeu-mais-de-11-mil-visitantes-1024x683.jpg 1024w, https:\/\/cidadenoar.com\/global\/wp-content\/uploads\/sites\/22\/2025\/09\/Evento-da-industria-de-esquadrias-e-vidro-recebeu-mais-de-11-mil-visitantes-300x200.jpg 300w, https:\/\/cidadenoar.com\/global\/wp-content\/uploads\/sites\/22\/2025\/09\/Evento-da-industria-de-esquadrias-e-vidro-recebeu-mais-de-11-mil-visitantes-768x512.jpg 768w, https:\/\/cidadenoar.com\/global\/wp-content\/uploads\/sites\/22\/2025\/09\/Evento-da-industria-de-esquadrias-e-vidro-recebeu-mais-de-11-mil-visitantes-600x400.jpg 600w, https:\/\/cidadenoar.com\/global\/wp-content\/uploads\/sites\/22\/2025\/09\/Evento-da-industria-de-esquadrias-e-vidro-recebeu-mais-de-11-mil-visitantes.jpg 1200w\" sizes=\"(max-width: 1024px) 100vw, 1024px\" \/><figcaption class=\"wp-element-caption\">Evento da ind\u00fastria de esquadrias e vidro recebeu mais de 11 mil visitantes<\/figcaption><\/figure>\n\n\n\n<figure class=\"wp-block-image size-large\"><img loading=\"lazy\" decoding=\"async\" width=\"1024\" height=\"683\" data-id=\"5538\" src=\"https:\/\/cidadenoar.com\/wp-content\/uploads\/sites\/22\/2025\/09\/O-Salao-da-Industria-de-Esquadrias-e-Vidro-seguira-tendo-a-capital-catarinense-como-sede-do-evento-em-2027-1024x683.jpg\" alt=\"\" class=\"wp-image-5538\" title=\"\" srcset=\"https:\/\/cidadenoar.com\/global\/wp-content\/uploads\/sites\/22\/2025\/09\/O-Salao-da-Industria-de-Esquadrias-e-Vidro-seguira-tendo-a-capital-catarinense-como-sede-do-evento-em-2027-1024x683.jpg 1024w, https:\/\/cidadenoar.com\/global\/wp-content\/uploads\/sites\/22\/2025\/09\/O-Salao-da-Industria-de-Esquadrias-e-Vidro-seguira-tendo-a-capital-catarinense-como-sede-do-evento-em-2027-300x200.jpg 300w, https:\/\/cidadenoar.com\/global\/wp-content\/uploads\/sites\/22\/2025\/09\/O-Salao-da-Industria-de-Esquadrias-e-Vidro-seguira-tendo-a-capital-catarinense-como-sede-do-evento-em-2027-768x512.jpg 768w, https:\/\/cidadenoar.com\/global\/wp-content\/uploads\/sites\/22\/2025\/09\/O-Salao-da-Industria-de-Esquadrias-e-Vidro-seguira-tendo-a-capital-catarinense-como-sede-do-evento-em-2027-600x400.jpg 600w, https:\/\/cidadenoar.com\/global\/wp-content\/uploads\/sites\/22\/2025\/09\/O-Salao-da-Industria-de-Esquadrias-e-Vidro-seguira-tendo-a-capital-catarinense-como-sede-do-evento-em-2027.jpg 1200w\" sizes=\"(max-width: 1024px) 100vw, 1024px\" \/><figcaption class=\"wp-element-caption\">O Sal\u00e3o da Ind\u00fastria de Esquadrias e Vidro seguir\u00e1 tendo a capital catarinense como sede do evento em 2027<\/figcaption><\/figure>\n\n\n\n<figure class=\"wp-block-image size-large\"><img loading=\"lazy\" decoding=\"async\" width=\"1024\" height=\"683\" data-id=\"5536\" src=\"https:\/\/cidadenoar.com\/wp-content\/uploads\/sites\/22\/2025\/09\/Para-a-proxima-edicao-da-SAIE-VETRO-em-2027-80-da-area-da-feira-ja-esta-comercializada-1024x683.jpg\" alt=\"\" class=\"wp-image-5536\" title=\"\" srcset=\"https:\/\/cidadenoar.com\/global\/wp-content\/uploads\/sites\/22\/2025\/09\/Para-a-proxima-edicao-da-SAIE-VETRO-em-2027-80-da-area-da-feira-ja-esta-comercializada-1024x683.jpg 1024w, https:\/\/cidadenoar.com\/global\/wp-content\/uploads\/sites\/22\/2025\/09\/Para-a-proxima-edicao-da-SAIE-VETRO-em-2027-80-da-area-da-feira-ja-esta-comercializada-300x200.jpg 300w, https:\/\/cidadenoar.com\/global\/wp-content\/uploads\/sites\/22\/2025\/09\/Para-a-proxima-edicao-da-SAIE-VETRO-em-2027-80-da-area-da-feira-ja-esta-comercializada-768x512.jpg 768w, https:\/\/cidadenoar.com\/global\/wp-content\/uploads\/sites\/22\/2025\/09\/Para-a-proxima-edicao-da-SAIE-VETRO-em-2027-80-da-area-da-feira-ja-esta-comercializada-600x400.jpg 600w, https:\/\/cidadenoar.com\/global\/wp-content\/uploads\/sites\/22\/2025\/09\/Para-a-proxima-edicao-da-SAIE-VETRO-em-2027-80-da-area-da-feira-ja-esta-comercializada.jpg 1200w\" sizes=\"(max-width: 1024px) 100vw, 1024px\" \/><figcaption class=\"wp-element-caption\">Para a pr\u00f3xima edi\u00e7\u00e3o da SAIE VETRO, em 2027, 80% da \u00e1rea da feira j\u00e1 est\u00e1 comercializada<\/figcaption><\/figure>\n\n\n\n<figure class=\"wp-block-image size-large\"><img loading=\"lazy\" decoding=\"async\" width=\"1024\" height=\"683\" data-id=\"5534\" src=\"https:\/\/cidadenoar.com\/wp-content\/uploads\/sites\/22\/2025\/09\/Para-a-proxima-edicao-da-SAIE-VETRO-em-2027-80-da-area-da-feira-ja-esta-comercializada-2-1024x683.jpg\" alt=\"\" class=\"wp-image-5534\" title=\"\" srcset=\"https:\/\/cidadenoar.com\/global\/wp-content\/uploads\/sites\/22\/2025\/09\/Para-a-proxima-edicao-da-SAIE-VETRO-em-2027-80-da-area-da-feira-ja-esta-comercializada-2-1024x683.jpg 1024w, https:\/\/cidadenoar.com\/global\/wp-content\/uploads\/sites\/22\/2025\/09\/Para-a-proxima-edicao-da-SAIE-VETRO-em-2027-80-da-area-da-feira-ja-esta-comercializada-2-300x200.jpg 300w, https:\/\/cidadenoar.com\/global\/wp-content\/uploads\/sites\/22\/2025\/09\/Para-a-proxima-edicao-da-SAIE-VETRO-em-2027-80-da-area-da-feira-ja-esta-comercializada-2-768x512.jpg 768w, https:\/\/cidadenoar.com\/global\/wp-content\/uploads\/sites\/22\/2025\/09\/Para-a-proxima-edicao-da-SAIE-VETRO-em-2027-80-da-area-da-feira-ja-esta-comercializada-2-600x400.jpg 600w, https:\/\/cidadenoar.com\/global\/wp-content\/uploads\/sites\/22\/2025\/09\/Para-a-proxima-edicao-da-SAIE-VETRO-em-2027-80-da-area-da-feira-ja-esta-comercializada-2.jpg 1200w\" sizes=\"(max-width: 1024px) 100vw, 1024px\" \/><figcaption class=\"wp-element-caption\">Foram mais de 150 expositores, entre marcas nacionais e internacionais, no SAIE VETRO 2025<\/figcaption><\/figure>\n\n\n\n<figure class=\"wp-block-image size-large\"><img loading=\"lazy\" decoding=\"async\" width=\"1024\" height=\"683\" data-id=\"5531\" src=\"https:\/\/cidadenoar.com\/wp-content\/uploads\/sites\/22\/2025\/09\/Luis-Tavares-diretor-do-Grupo-Contramarco-e-da-feira-SAIE-VETRO-1024x683.jpg\" alt=\"\" class=\"wp-image-5531\" title=\"\" srcset=\"https:\/\/cidadenoar.com\/global\/wp-content\/uploads\/sites\/22\/2025\/09\/Luis-Tavares-diretor-do-Grupo-Contramarco-e-da-feira-SAIE-VETRO-1024x683.jpg 1024w, https:\/\/cidadenoar.com\/global\/wp-content\/uploads\/sites\/22\/2025\/09\/Luis-Tavares-diretor-do-Grupo-Contramarco-e-da-feira-SAIE-VETRO-300x200.jpg 300w, https:\/\/cidadenoar.com\/global\/wp-content\/uploads\/sites\/22\/2025\/09\/Luis-Tavares-diretor-do-Grupo-Contramarco-e-da-feira-SAIE-VETRO-768x512.jpg 768w, https:\/\/cidadenoar.com\/global\/wp-content\/uploads\/sites\/22\/2025\/09\/Luis-Tavares-diretor-do-Grupo-Contramarco-e-da-feira-SAIE-VETRO-600x400.jpg 600w, https:\/\/cidadenoar.com\/global\/wp-content\/uploads\/sites\/22\/2025\/09\/Luis-Tavares-diretor-do-Grupo-Contramarco-e-da-feira-SAIE-VETRO.jpg 1200w\" sizes=\"(max-width: 1024px) 100vw, 1024px\" \/><figcaption class=\"wp-element-caption\">Luis Tavares, diretor do Grupo Contramarco e da feira SAIE VETRO<\/figcaption><\/figure>\n<\/figure>\n","protected":false},"excerpt":{"rendered":"<p>Evento da ind\u00fastria de esquadrias e vidro recebeu 11,4 visitantes e j\u00e1 tem 80% da \u00e1rea comercializada para a pr\u00f3xima edi\u00e7\u00e3o, em 2027<\/p>\n","protected":false},"author":23,"featured_media":5540,"comment_status":"open","ping_status":"open","sticky":false,"template":"","format":"standard","meta":{"footnotes":""},"categories":[289],"tags":[628,156,294],"class_list":["post-5529","post","type-post","status-publish","format-standard","has-post-thumbnail","hentry","category-economia-negocios","tag-esquadrias","tag-evento","tag-saie-vetro"],"_links":{"self":[{"href":"https:\/\/cidadenoar.com\/global\/wp-json\/wp\/v2\/posts\/5529","targetHints":{"allow":["GET"]}}],"collection":[{"href":"https:\/\/cidadenoar.com\/global\/wp-json\/wp\/v2\/posts"}],"about":[{"href":"https:\/\/cidadenoar.com\/global\/wp-json\/wp\/v2\/types\/post"}],"author":[{"embeddable":true,"href":"https:\/\/cidadenoar.com\/global\/wp-json\/wp\/v2\/users\/23"}],"replies":[{"embeddable":true,"href":"https:\/\/cidadenoar.com\/global\/wp-json\/wp\/v2\/comments?post=5529"}],"version-history":[{"count":2,"href":"https:\/\/cidadenoar.com\/global\/wp-json\/wp\/v2\/posts\/5529\/revisions"}],"predecessor-version":[{"id":5543,"href":"https:\/\/cidadenoar.com\/global\/wp-json\/wp\/v2\/posts\/5529\/revisions\/5543"}],"wp:featuredmedia":[{"embeddable":true,"href":"https:\/\/cidadenoar.com\/global\/wp-json\/wp\/v2\/media\/5540"}],"wp:attachment":[{"href":"https:\/\/cidadenoar.com\/global\/wp-json\/wp\/v2\/media?parent=5529"}],"wp:term":[{"taxonomy":"category","embeddable":true,"href":"https:\/\/cidadenoar.com\/global\/wp-json\/wp\/v2\/categories?post=5529"},{"taxonomy":"post_tag","embeddable":true,"href":"https:\/\/cidadenoar.com\/global\/wp-json\/wp\/v2\/tags?post=5529"}],"curies":[{"name":"wp","href":"https:\/\/api.w.org\/{rel}","templated":true}]}}