{"id":5546,"date":"2025-09-16T18:14:30","date_gmt":"2025-09-16T21:14:30","guid":{"rendered":"https:\/\/cidadenoar.com\/?p=5546"},"modified":"2025-09-18T13:15:15","modified_gmt":"2025-09-18T16:15:15","slug":"caio-coppolla-e-confirmado-como-palestrante-no-ondm-brasil-em-balneario-camboriu","status":"publish","type":"post","link":"https:\/\/cidadenoar.com\/global\/geral\/caio-coppolla-e-confirmado-como-palestrante-no-ondm-brasil-em-balneario-camboriu\/","title":{"rendered":"Caio Coppolla \u00e9 confirmado como palestrante no ONDM Brasil em Balne\u00e1rio Cambori\u00fa"},"content":{"rendered":"\n<p>O comentarista pol\u00edtico, econ\u00f4mico e jur\u00eddico Caio Coppolla \u00e9 presen\u00e7a confirmada no&nbsp;<a href=\"http:\/\/instagram.com\/onegociodamoda\" target=\"_blank\" rel=\"noreferrer noopener\"><strong>ONDM Brasil 2025<\/strong><\/a>, que ocorre nos dias 7, 8 e 9 de outubro, no Expocentro, em Balne\u00e1rio Cambori\u00fa (SC). Conhecido por seu estilo cr\u00edtico e provocativo, Coppolla apresentar\u00e1 a palestra&nbsp;<strong>\u201cPor que o Brasil est\u00e1 condenado ao sucesso?\u201d<\/strong>, na qual far\u00e1 uma an\u00e1lise otimista do cen\u00e1rio nacional.<\/p>\n\n\n\n<p>Durante sua participa\u00e7\u00e3o,&nbsp;<a href=\"https:\/\/www.instagram.com\/boletimcoppolla\/\" target=\"_blank\" rel=\"noreferrer noopener\">Coppolla<\/a>&nbsp;destacar\u00e1 que o Brasil vive um momento de crise fiscal e precisa de reformas institucionais para avan\u00e7ar. No entanto, com base em dados e proje\u00e7\u00f5es, ele mostrar\u00e1 por que este \u00e9 tamb\u00e9m um per\u00edodo de oportunidades, marcado por um contexto pol\u00edtico e econ\u00f4mico favor\u00e1vel ao crescimento.<\/p>\n\n\n\n<p>Realizado anualmente, o&nbsp;<a href=\"http:\/\/instagram.com\/onegociodamoda\" target=\"_blank\" rel=\"noreferrer noopener\"><strong>ONDM Brasil<\/strong><\/a>&nbsp;\u00e9 considerado uma das maiores plataformas de neg\u00f3cios e conhecimento para o setor de moda e confec\u00e7\u00e3o do pa\u00eds. Al\u00e9m da feira de insumos para confeccionistas &#8211; que cresce a cada ano -, o evento se consolidou pela oferta de conte\u00fado de alto n\u00edvel, reunindo grandes especialistas e nomes influentes do mercado em palestras e pain\u00e9is. Em 2025, o evento j\u00e1 realizou edi\u00e7\u00f5es em Goi\u00e2nia (GO) e Caruaru (PE), ambas com grande p\u00fablico e repercuss\u00e3o positiva, refor\u00e7ando o sucesso e a relev\u00e2ncia do projeto itinerante que vem percorrendo os principais polos t\u00eaxteis do pa\u00eds.<\/p>\n\n\n\n<p>Os ingressos j\u00e1 est\u00e3o dispon\u00edveis no&nbsp;<a href=\"https:\/\/ondm.com.br\/\" target=\"_blank\" rel=\"noreferrer noopener\">site oficial do evento<\/a>. Empres\u00e1rios, confeccionistas, profissionais e demais interessados podem garantir sua participa\u00e7\u00e3o antecipadamente e aproveitar a oportunidade de se conectar \u00e0s tend\u00eancias e solu\u00e7\u00f5es que movimentam a ind\u00fastria da moda.<\/p>\n\n\n\n<p>Al\u00e9m de Caio Coppolla, outros nomes da programa\u00e7\u00e3o j\u00e1 est\u00e3o sendo anunciados regularmente nas redes sociais do ONDM, como no Instagram&nbsp;<a href=\"https:\/\/www.instagram.com\/onegociodamoda\" target=\"_blank\" rel=\"noreferrer noopener\"><strong><em>@onegociodamoda<\/em><\/strong><\/a>.<\/p>\n\n\n\n<p><strong>Servi\u00e7o<\/strong><strong>Evento:<\/strong>&nbsp;ONDM Brasil 2025<br><strong>Data:<\/strong>&nbsp;7, 8 e 9 de outubro de 2025<br><strong>Local:<\/strong>&nbsp;Expocentro, Balne\u00e1rio Cambori\u00fa (SC)<br><strong>Ingressos:<\/strong>&nbsp;dispon\u00edveis no site&nbsp;<a href=\"http:\/\/www.ondm.com.br\/\" target=\"_blank\" rel=\"noreferrer noopener\">www.ondm.com.br<\/a><\/p>\n\n\n\n<p><\/p>\n\n\n\n<figure class=\"wp-block-image size-full is-resized\"><img fetchpriority=\"high\" decoding=\"async\" width=\"594\" height=\"743\" src=\"https:\/\/cidadenoar.com\/wp-content\/uploads\/sites\/22\/2025\/09\/Caio-Coppolla-confirmado-entre-os-speakers-do-ONDM-Brasil.png\" alt=\"\" class=\"wp-image-5549\" style=\"width:495px;height:auto\" title=\"\" srcset=\"https:\/\/cidadenoar.com\/global\/wp-content\/uploads\/sites\/22\/2025\/09\/Caio-Coppolla-confirmado-entre-os-speakers-do-ONDM-Brasil.png 594w, https:\/\/cidadenoar.com\/global\/wp-content\/uploads\/sites\/22\/2025\/09\/Caio-Coppolla-confirmado-entre-os-speakers-do-ONDM-Brasil-240x300.png 240w\" sizes=\"(max-width: 594px) 100vw, 594px\" \/><figcaption class=\"wp-element-caption\"><em>Caio Coppolla confirmado entre os speakers do ONDM Brasil<\/em><\/figcaption><\/figure>\n","protected":false},"excerpt":{"rendered":"<p>Comentarista da CNN Brasil apresentar\u00e1 palestra sobre o futuro pol\u00edtico e econ\u00f4mico do pa\u00eds<\/p>\n","protected":false},"author":23,"featured_media":5548,"comment_status":"open","ping_status":"open","sticky":false,"template":"","format":"standard","meta":{"footnotes":""},"categories":[1],"tags":[655,292],"class_list":["post-5546","post","type-post","status-publish","format-standard","has-post-thumbnail","hentry","category-geral","tag-caio-coppolla","tag-ondm"],"_links":{"self":[{"href":"https:\/\/cidadenoar.com\/global\/wp-json\/wp\/v2\/posts\/5546","targetHints":{"allow":["GET"]}}],"collection":[{"href":"https:\/\/cidadenoar.com\/global\/wp-json\/wp\/v2\/posts"}],"about":[{"href":"https:\/\/cidadenoar.com\/global\/wp-json\/wp\/v2\/types\/post"}],"author":[{"embeddable":true,"href":"https:\/\/cidadenoar.com\/global\/wp-json\/wp\/v2\/users\/23"}],"replies":[{"embeddable":true,"href":"https:\/\/cidadenoar.com\/global\/wp-json\/wp\/v2\/comments?post=5546"}],"version-history":[{"count":1,"href":"https:\/\/cidadenoar.com\/global\/wp-json\/wp\/v2\/posts\/5546\/revisions"}],"predecessor-version":[{"id":5550,"href":"https:\/\/cidadenoar.com\/global\/wp-json\/wp\/v2\/posts\/5546\/revisions\/5550"}],"wp:featuredmedia":[{"embeddable":true,"href":"https:\/\/cidadenoar.com\/global\/wp-json\/wp\/v2\/media\/5548"}],"wp:attachment":[{"href":"https:\/\/cidadenoar.com\/global\/wp-json\/wp\/v2\/media?parent=5546"}],"wp:term":[{"taxonomy":"category","embeddable":true,"href":"https:\/\/cidadenoar.com\/global\/wp-json\/wp\/v2\/categories?post=5546"},{"taxonomy":"post_tag","embeddable":true,"href":"https:\/\/cidadenoar.com\/global\/wp-json\/wp\/v2\/tags?post=5546"}],"curies":[{"name":"wp","href":"https:\/\/api.w.org\/{rel}","templated":true}]}}