{"id":5565,"date":"2025-09-16T20:02:35","date_gmt":"2025-09-16T23:02:35","guid":{"rendered":"https:\/\/cidadenoar.com\/?p=5565"},"modified":"2025-09-18T12:36:14","modified_gmt":"2025-09-18T15:36:14","slug":"mundial-rock-2025-anuncia-phantom-lord-e-revela-nova-identidade-visual","status":"publish","type":"post","link":"https:\/\/cidadenoar.com\/global\/cultura-lazer\/mundial-rock-2025-anuncia-phantom-lord-e-revela-nova-identidade-visual\/","title":{"rendered":"Mundial Rock 2025 anuncia Phantom Lord e revela nova identidade visual"},"content":{"rendered":"\n<p>O Mundial Rock, o maior festival de rock de Santa Catarina, j\u00e1 come\u00e7ou a aquecer os motores para sua quinta edi\u00e7\u00e3o e acaba de divulgar a primeira banda confirmada para o evento: a Phantom Lord, principal banda cover do Metallica no Estado.<\/p>\n\n\n\n<p>A Phantom Lord, formada por Lucas Souza (guitarra r\u00edtmica e vocal), Gabriel Theofelo (guitarra solo), Matheus Prusse (baixo) e Gustavo Souza (bateria), \u00e9 refer\u00eancia no tributo ao Metallica em Santa Catarina. Desde sua funda\u00e7\u00e3o em 2014, a banda tem conquistado f\u00e3s por toda Santa Catarina com performances que capturam a ess\u00eancia e a energia dos cl\u00e1ssicos do Metallica, desde os primeiros \u00e1lbuns como Kill \u2018Em All e Ride the Lightning at\u00e9 os maiores sucessos de Master of Puppets e The Black Album.<\/p>\n\n\n\n<p>Com um show que vai muito al\u00e9m do simples tributo, a Phantom Lord recria a atmosfera visceral e eletrizante dos concertos originais, garantindo uma experi\u00eancia inesquec\u00edvel para os f\u00e3s de metal.<\/p>\n\n\n\n<p>E as novidades da edi\u00e7\u00e3o 2025, que acontecer\u00e1 nos dias 8 e 9 de novembro, na Beira-Mar de S\u00e3o Jos\u00e9, n\u00e3o param por a\u00ed. A identidade visual do Mundial Rock foi totalmente renovada, trazendo uma tipografia que combina rebeldia e sofistica\u00e7\u00e3o. A cor roxa, escolhida para a nova paleta, representa a fus\u00e3o perfeita entre a energia vibrante do vermelho e a profundidade misteriosa do azul, traduzindo o esp\u00edrito do festival.<\/p>\n\n\n\n<p>Em breve, detalhes sobre as demais atra\u00e7\u00f5es, estrutura e experi\u00eancias do Mundial Rock 2025 ser\u00e3o anunciadas pelo perfil oficial do festival: @mundialrockeuvou. Prepare-se para dois dias de muito rock, energia e rebeldia na Beira-Mar de S\u00e3o Jos\u00e9!<\/p>\n\n\n\n<p><strong><u>SERVI\u00c7O \u2013 MUNDIAL ROCK 2025<\/u><\/strong><\/p>\n\n\n\n<p><strong>Data<\/strong>: 8 e 9 de novembro<\/p>\n\n\n\n<p><strong>Local<\/strong>: Beira-Mar de S\u00e3o Jos\u00e9<\/p>\n\n\n\n<p><strong>Informa\u00e7\u00f5es<\/strong>: @mundialrockeuvou<\/p>\n\n\n\n<figure class=\"wp-block-image size-full\"><img fetchpriority=\"high\" decoding=\"async\" width=\"320\" height=\"320\" src=\"https:\/\/cidadenoar.com\/wp-content\/uploads\/sites\/22\/2025\/09\/nova_marca1.jpeg\" alt=\"\" class=\"wp-image-5567\" title=\"\" srcset=\"https:\/\/cidadenoar.com\/global\/wp-content\/uploads\/sites\/22\/2025\/09\/nova_marca1.jpeg 320w, https:\/\/cidadenoar.com\/global\/wp-content\/uploads\/sites\/22\/2025\/09\/nova_marca1-300x300.jpeg 300w, https:\/\/cidadenoar.com\/global\/wp-content\/uploads\/sites\/22\/2025\/09\/nova_marca1-150x150.jpeg 150w\" sizes=\"(max-width: 320px) 100vw, 320px\" \/><\/figure>\n","protected":false},"excerpt":{"rendered":"<p>Maior Festival de Rock de Santa Catarina chega \u00e0 quinta edi\u00e7\u00e3o com novidades na marca e promete agitar a Beira-Mar de S\u00e3o Jos\u00e9 nos dias 8 e 9 de novembro<\/p>\n","protected":false},"author":23,"featured_media":5566,"comment_status":"open","ping_status":"open","sticky":false,"template":"","format":"standard","meta":{"footnotes":""},"categories":[360],"tags":[243,658,597],"class_list":["post-5565","post","type-post","status-publish","format-standard","has-post-thumbnail","hentry","category-cultura-lazer","tag-festival","tag-rock","tag-sao-jose"],"_links":{"self":[{"href":"https:\/\/cidadenoar.com\/global\/wp-json\/wp\/v2\/posts\/5565","targetHints":{"allow":["GET"]}}],"collection":[{"href":"https:\/\/cidadenoar.com\/global\/wp-json\/wp\/v2\/posts"}],"about":[{"href":"https:\/\/cidadenoar.com\/global\/wp-json\/wp\/v2\/types\/post"}],"author":[{"embeddable":true,"href":"https:\/\/cidadenoar.com\/global\/wp-json\/wp\/v2\/users\/23"}],"replies":[{"embeddable":true,"href":"https:\/\/cidadenoar.com\/global\/wp-json\/wp\/v2\/comments?post=5565"}],"version-history":[{"count":2,"href":"https:\/\/cidadenoar.com\/global\/wp-json\/wp\/v2\/posts\/5565\/revisions"}],"predecessor-version":[{"id":5569,"href":"https:\/\/cidadenoar.com\/global\/wp-json\/wp\/v2\/posts\/5565\/revisions\/5569"}],"wp:featuredmedia":[{"embeddable":true,"href":"https:\/\/cidadenoar.com\/global\/wp-json\/wp\/v2\/media\/5566"}],"wp:attachment":[{"href":"https:\/\/cidadenoar.com\/global\/wp-json\/wp\/v2\/media?parent=5565"}],"wp:term":[{"taxonomy":"category","embeddable":true,"href":"https:\/\/cidadenoar.com\/global\/wp-json\/wp\/v2\/categories?post=5565"},{"taxonomy":"post_tag","embeddable":true,"href":"https:\/\/cidadenoar.com\/global\/wp-json\/wp\/v2\/tags?post=5565"}],"curies":[{"name":"wp","href":"https:\/\/api.w.org\/{rel}","templated":true}]}}